{"id":24140,"date":"2025-04-23T02:04:35","date_gmt":"2025-04-23T06:04:35","guid":{"rendered":"https:\/\/noticiasveraces.com\/?p=24140"},"modified":"2025-04-23T02:04:35","modified_gmt":"2025-04-23T06:04:35","slug":"tras-la-muerte-de-francisco-que-pasara-hasta-el-conclave-dw-22-04-2025","status":"publish","type":"post","link":"https:\/\/noticiasveraces.com\/?p=24140","title":{"rendered":"Tras la muerte de Francisco, \u00bfqu\u00e9 pasar\u00e1 hasta el c\u00f3nclave? \u2013 DW \u2013 22\/04\/2025"},"content":{"rendered":"<p> \n<\/p>\n<div>\n<p>Nadie gobierna \u2013 y todo est\u00e1 regulado. Es el tiempo de la sede vacante, nadie ocupa el trono papal. Pero el procedimiento para los pr\u00f3ximos d\u00edas ya est\u00e1 claramente definido. As\u00ed puede resumirse el periodo de transici\u00f3n en la Iglesia cat\u00f3lica, que comienza con la muerte de un Papay concluye con la elecci\u00f3n de un nuevo jefe de la Iglesia.<\/p>\n<p>En esencia, este tiempo sigue tres fases sucesivas: los d\u00edas hasta el funeral del Papa fallecido, luego una fase adicional de duelo y de preparaci\u00f3n de los cardenales para el c\u00f3nclave, y finalmente, el propio c\u00f3nclave.<\/p>\n<h2>Duelo y despedida del Papa fallecido<\/h2>\n<p>Poco despu\u00e9s del fallecimiento del Papa comienza el llamado <em>Novedial<\/em>nueve d\u00edas de solemnes misas diarias por los difuntos en la Bas\u00edlica de San Pedro.<\/p>\n<p>Es un tiempo propio dentro del calendario eclesi\u00e1stico, lleno de peque\u00f1os gestos de gran simbolismo. Desde el lunes, los documentos del Vaticanoya no llevan el emblema de la Santa Sede, sino un escudo especial de la <em>Asientos vacantes<\/em>. Este muestra las llaves cruzadas de San Pedro bajo un paraguas abierto. Este s\u00edmbolo tambi\u00e9n aparece en la cabecera del diario vaticano <em>El observador romano<\/em> hasta que se elija un nuevo Papa.<\/p>\n<p>El entierro del Papafallecido debe tener lugar a los seis d\u00edas. Francisco ser\u00e1 sepultado el s\u00e1bado. Este mismo plazo se aplic\u00f3 tambi\u00e9n a Juan Pablo IIen 2005, as\u00ed como a Pablo VI y Juan Pablo I en agosto y finales de septiembre de 1978, respectivamente. Sus predecesores fueron enterrados incluso m\u00e1s r\u00e1pido: Juan XXIII en 1963 a los tres d\u00edas, P\u00edo XII en 1958 a los cuatro.<\/p>\n<p>Durante este tiempo hasta el entierro, los fieles pueden despedirse del Papa fallecido en la Bas\u00edlica de San Pedro. Sin embargo, Francisco es el primer Papa en casi 150 a\u00f1os que no tendr\u00e1 su lugar de descanso final en este templo.<\/p>\n<p>Ser\u00e1 enterrado en una tumba sencilla en la iglesia de Santa Mar\u00eda la Mayor, cerca de la estaci\u00f3n central de Roma, la iglesia mariana m\u00e1s importante de la ciudad y su iglesia predilecta. As\u00ed lo estableci\u00f3 en su testamento publicado el lunes. Francisco ya hab\u00eda hablado de ello en su autobiograf\u00eda <em>\u00abEsperanza\u00bb<\/em> publicada en enero de 2025, y en algunas entrevistas de los \u00faltimos dos a\u00f1os.<\/p>\n<figure class=\"placeholder-image free_image big\"><img data-format=\"FREE_IMAGE\" data-id=\"1555739\" data-url=\"https:\/\/static.dw.com\/image\/1555739_${formatId}.jpg\" data-aspect-ratio=\"344\/168\" alt=\"Inicio del c\u00f3nclave de 2005.\" style=\"padding-bottom: 48.84%; height: 0; max-height: 0;\"\/><figcaption class=\"img-caption\">Una de las raras fotos oficiales: el comienzo del c\u00f3nclave de 2005.<small class=\"copyright\">Imagen: AP<\/small><\/figcaption><\/figure>\n<h2>Opiniones entre los cardenales y formaci\u00f3n de bloques antes del c\u00f3nclave<\/h2>\n<p>Incluso antes del entierro comienzan las reuniones de los cardenales que conducen al c\u00f3nclave. A estas llamadas congregaciones generales, que tienen lugar antes y despu\u00e9s del d\u00eda del funeral, no solo asisten los cardenales menores de 80 a\u00f1os con derecho a voto (actualmente 135), sino todos los cardenales del mundo (252 en total). Para esto se ha popularizado recientemente el t\u00e9rmino <em>pre-c\u00f3nclave<\/em>. Este intercambio es importante, ya que los 135 cardenales proceden de 71 pa\u00edses y muchos de ellos no se conocen, ni en lo personal ni en cuanto a sus posturas eclesiales.<\/p>\n<p>Estas congregaciones generales se celebran en el aula sinodal del Vaticano. Los cardenales con derecho a voto deben participar en estas sesiones tan pronto como lleguen a Roma. Tras la elecci\u00f3n de Francisco el 13 de marzo de 2013, se hizo evidente la importancia de estas deliberaciones, por tratarse de un intercambio muy abierto. Y porque el entonces arzobispo de Buenos Aires, Jorge Mario Bergoglio, pronunci\u00f3 un discurso, al parecer impactante, en el que abord\u00f3 el estado de la Iglesia y de la fe \u2014y con ello, consciente o inconscientemente, se postul\u00f3 como candidato.<\/p>\n<p><span data-slot-id=\"Article_InContent-1\" class=\"rich-text-ad\"\/><\/p>\n<h2>C\u00f3nclave: aislamiento de los cardenales y elecci\u00f3n con humo blanco<\/h2>\n<p>Entre 15 y 20 d\u00edas despu\u00e9s de la muerte del Papa, los cardenales con derecho a voto deben entrar en el c\u00f3nclave. Se alojan en la Casa Santa Marta, la residencia de hu\u00e9spedes del Vaticano donde tambi\u00e9n vivi\u00f3 Francisco como Papa \u2014sin m\u00f3viles, sin ordenadores, sin prensa.<\/p>\n<p>Por la ma\u00f1ana tiene lugar una misa \u00abpara la elecci\u00f3n del Obispo de Roma\u201d en San Pedro. Por la tarde, los cardenales se trasladan a la Capilla Sixtina, donde tambi\u00e9n se lleva a cabo la votaci\u00f3n.<\/p>\n<p>Juan Pablo II describi\u00f3 detalladamente en una constituci\u00f3n apost\u00f3lica de 1996 todo el procedimiento del c\u00f3nclave y de la elecci\u00f3n papal. \u00abNing\u00fan otro documento en la historia papal ha sido tan minucioso y detallado en lo referente a la <em>\u00abAsiento vacante<\/em>\u201d, afirma el historiador eclesi\u00e1stico y experto en el papado J\u00f6rg Ernesti a <em>Ola alemana<\/em>. Y entonces se procede a la elecci\u00f3n.<\/p>\n<p>Ya el d\u00eda de la muerte de Francisco, algunos comentaristas expresaron la expectativa de que se tratara de un \u00abc\u00f3nclave largo\u201d. \u00bfQu\u00e9 significa eso? En el siglo XX, los c\u00f3nclaves duraron entre dos y cinco d\u00edas. Los de 2005 y 2013 solo duraron 26 y 27 horas, respectivamente, y se cuentan entre los m\u00e1s breves de la historia. Ahora podr\u00eda durar algo m\u00e1s, simplemente por la mayor cantidad de participantes.<\/p>\n<p>Ernesti recuerda, en cuanto a un c\u00f3nclave realmente largo, la elecci\u00f3n de P\u00edo VII en 1800. Los cardenales se reunieron el 1 de diciembre de 1799 y no concluyeron hasta el 14 de marzo de 1800. Despu\u00e9s de 1831 no hubo ning\u00fan c\u00f3nclave que durara m\u00e1s de seis o siete d\u00edas.<\/p>\n<p>Tras cada ronda de votaci\u00f3n sin resultado, las papeletas se queman en un horno especial con paja h\u00fameda y aceite o brea. El humo negro que sale por la chimenea de la Capilla Sixtina indica que a\u00fan no hay nuevo Papa. Si se ha elegido un nuevo Pont\u00edfice, se a\u00f1ade lino a las papeletas, lo que da como resultado humo blanco.<\/p>\n<p>(GG\/ERS)<\/p>\n<\/div>\n\n","protected":false},"excerpt":{"rendered":"<p>Nadie gobierna \u2013 y todo est\u00e1 regulado. Es el tiempo de la sede vacante, nadie ocupa el trono papal. Pero el procedimiento para los pr\u00f3ximos d\u00edas ya est\u00e1 claramente definido. As\u00ed puede resumirse el periodo de transici\u00f3n en la Iglesia cat\u00f3lica, que comienza con la muerte de un Papay concluye con la elecci\u00f3n de un &hellip;<\/p>\n","protected":false},"author":1,"featured_media":24141,"comment_status":"open","ping_status":"open","sticky":false,"template":"","format":"standard","meta":{"fifu_image_url":"https:\/\/static.dw.com\/image\/72306512_6.jpg","fifu_image_alt":"","footnotes":""},"categories":[13],"tags":[],"class_list":["post-24140","post","type-post","status-publish","format-standard","has-post-thumbnail","","category-mundo"],"_links":{"self":[{"href":"https:\/\/noticiasveraces.com\/index.php?rest_route=\/wp\/v2\/posts\/24140","targetHints":{"allow":["GET"]}}],"collection":[{"href":"https:\/\/noticiasveraces.com\/index.php?rest_route=\/wp\/v2\/posts"}],"about":[{"href":"https:\/\/noticiasveraces.com\/index.php?rest_route=\/wp\/v2\/types\/post"}],"author":[{"embeddable":true,"href":"https:\/\/noticiasveraces.com\/index.php?rest_route=\/wp\/v2\/users\/1"}],"replies":[{"embeddable":true,"href":"https:\/\/noticiasveraces.com\/index.php?rest_route=%2Fwp%2Fv2%2Fcomments&post=24140"}],"version-history":[{"count":0,"href":"https:\/\/noticiasveraces.com\/index.php?rest_route=\/wp\/v2\/posts\/24140\/revisions"}],"wp:featuredmedia":[{"embeddable":true,"href":"https:\/\/noticiasveraces.com\/index.php?rest_route=\/wp\/v2\/media\/24141"}],"wp:attachment":[{"href":"https:\/\/noticiasveraces.com\/index.php?rest_route=%2Fwp%2Fv2%2Fmedia&parent=24140"}],"wp:term":[{"taxonomy":"category","embeddable":true,"href":"https:\/\/noticiasveraces.com\/index.php?rest_route=%2Fwp%2Fv2%2Fcategories&post=24140"},{"taxonomy":"post_tag","embeddable":true,"href":"https:\/\/noticiasveraces.com\/index.php?rest_route=%2Fwp%2Fv2%2Ftags&post=24140"}],"curies":[{"name":"wp","href":"https:\/\/api.w.org\/{rel}","templated":true}]}}