{"id":24098,"date":"2025-04-22T18:54:18","date_gmt":"2025-04-22T22:54:18","guid":{"rendered":"https:\/\/noticiasveraces.com\/?p=24098"},"modified":"2025-04-22T18:54:18","modified_gmt":"2025-04-22T22:54:18","slug":"el-papa-francisco-devolvio-la-iglesia-a-la-tierra-dw-22-04-2025","status":"publish","type":"post","link":"https:\/\/noticiasveraces.com\/?p=24098","title":{"rendered":"el Papa Francisco \u00abdevolvi\u00f3 la Iglesia a la tierra\u00bb \u2013 DW \u2013 22\/04\/2025"},"content":{"rendered":"<p> \n<\/p>\n<div>\n<p>Sobre la muerte del Papa Francisco, se lee este\u00a0martes en el peri\u00f3dico suizo <em>Anzeiger diario<\/em>: \u00abFrancisco quiz\u00e1s no fue un intelectual refinado ni un gran te\u00f3logo como Benedicto XVI. Tampoco fue un supercarism\u00e1tico como Juan Pablo II. Pero estuvo cerca de la gente. Rez\u00f3 con el matrimonio que acababa de perder a su hija de cinco a\u00f1os. Brome\u00f3 con los ni\u00f1os que sub\u00edan al escenario en la sala de audiencias y se maravillaban con el colorido uniforme de los guardias suizos. Abraz\u00f3 a enfermos y personas con discapacidad, siempre ten\u00eda tiempo para todos. Cuando estaba con el pueblo, irradiaba desde dentro, estaba completamente en su ser. (&#8230;) M\u00e1s que muchos papas antes que \u00e9l, Francisco fue tambi\u00e9n un pastor, un pastor sin pretensiones en el trono papal. Y aunque solo fuera eso: devolvi\u00f3 la Iglesia a la tierra.\u201d<\/p>\n<h2>Peque\u00f1os pasos<\/h2>\n<p>El diario suizo <em>Nueva Z\u00fcrcher Zeitung<\/em> apunta: \u00abLa imagen, repetidamente evocada, de un Francisco dispuesto a reformar, pero frenado por la Curia romana, no reconoce que \u00e9l era plenamente consciente de su margen de acci\u00f3n como Papa y que \u2014especialmente en lo que respecta a decisiones de personal\u2014 hizo uso de \u00e9l. Volver al origen y dar al credo un rostro atractivo dentro de las complejas realidades de vida actuales fue su prioridad fundamental. Le desconcert\u00f3 que los principales actores del Camino Sinodal en Alemania no prestaran verdadera atenci\u00f3n al primado de la evangelizaci\u00f3n, el cual \u00e9l hab\u00eda recomendado como terapia en su carta de 2019 al pueblo de Dios peregrino en Alemania. La frase \u2018Alemania no necesita una segunda iglesia protestante&#8217; expres\u00f3 p\u00fablicamente este descontento. A su manera, Francisco emprendi\u00f3 peque\u00f1os pasos que ya han transformado a la Iglesia.\u201d<\/p>\n<p><span data-slot-id=\"Article_InContent-1\" class=\"rich-text-ad\"\/><\/p>\n<h2>\u00abEstrategia de humildad y benevolencia universal\u201d<\/h2>\n<p>El semanario alem\u00e1n <em>El tiempo<\/em> escribe en su sitio web:<strong> <\/strong>\u00abTr\u00e1gicamente, fue precisamente la estrategia de humildad y benevolencia universal de Francisco la que provoc\u00f3 dureza en muchos de sus fieles. En su exhortaci\u00f3n apost\u00f3lica <em>AMOR FELICIDAD<\/em>el Papa renunci\u00f3 por primera vez \u2014aunque fuera ligeramente\u2014 a la convicci\u00f3n de que la Iglesia tiene el poder de gobernar los corazones de sus miembros. En cierto modo, hizo m\u00e1s modesta la doctrina. Lo hizo apart\u00e1ndose apenas unos cent\u00edmetros \u2014y en una nota al pie\u2014 de la norma que establece: a las personas divorciadas y vueltas a casar no se les da la comuni\u00f3n, ya que se encuentran en estado de pecado grave. La tierra cat\u00f3lica tembl\u00f3 tras esta relativizaci\u00f3n de la ley por parte de Francisco, y ese temblor tuvo consecuencias de largo alcance para el destino de la Iglesia y las relaciones entre los cat\u00f3licos. Tras esa autorizaci\u00f3n oscilante entre la decencia y la historicidad, partes del pueblo de Dios mostraron su rostro m\u00e1s feo: no estaban de acuerdo con una teolog\u00eda modesta. En Europa y especialmente en Alemania, muchos cat\u00f3licos creen que el progreso moral en la Iglesia \u2014desde su perspectiva\u2014 es la medida de todas las cosas. Pero continentes enteros piensan de otra manera, al igual que al menos la mitad de la Curia y partes significativas del Colegio Cardenalicio.\u201d<\/p>\n<h2>\u00abUn papa no puede ser apol\u00edtico\u00bb<\/h2>\n<p>El diario alem\u00e1n <em>S\u00fcddeutsche zeitung<\/em> concluye:<strong> <\/strong>\u00abPor supuesto, un Papa siempre es pol\u00edtico, no puede ser apol\u00edtico. Francisco fue al menos tan pol\u00edtico como su predecesor Benedicto, aunque menos influyente que el pol\u00edtico Juan Pablo II. Por otro lado, es muy probable que el Francisco politizado haya sido solo un heraldo de una lucha de orientaciones que ahora sacudir\u00e1 con toda su fuerza a la instituci\u00f3n de la Iglesia. Francisco es venerado por un p\u00fablico m\u00e1s bien liberal de izquierda por su postura sobre la pobreza, la migraci\u00f3n y su pacifismo (que, desde el punto de vista de la realpolitik, parec\u00eda algo ingenuo, pero cuya esencia de no violencia y humanidad encajaba perfectamente con el mensaje de fe de este Papa). Este fue el Papa del Sur, del mundo emergente, pero tambi\u00e9n del mundo interconectado, que promet\u00eda jerarqu\u00edas planas \u2014aunque no tuvo la fuerza para imponerlas.\u201d<\/p>\n<p>(GG\/ERS)<\/p>\n<\/div>\n\n","protected":false},"excerpt":{"rendered":"<p>Sobre la muerte del Papa Francisco, se lee este\u00a0martes en el peri\u00f3dico suizo Anzeiger diario: \u00abFrancisco quiz\u00e1s no fue un intelectual refinado ni un gran te\u00f3logo como Benedicto XVI. Tampoco fue un supercarism\u00e1tico como Juan Pablo II. Pero estuvo cerca de la gente. Rez\u00f3 con el matrimonio que acababa de perder a su hija de &hellip;<\/p>\n","protected":false},"author":1,"featured_media":24099,"comment_status":"open","ping_status":"open","sticky":false,"template":"","format":"standard","meta":{"fifu_image_url":"https:\/\/static.dw.com\/image\/72301723_6.jpg","fifu_image_alt":"","footnotes":""},"categories":[13],"tags":[],"class_list":["post-24098","post","type-post","status-publish","format-standard","has-post-thumbnail","","category-mundo"],"_links":{"self":[{"href":"https:\/\/noticiasveraces.com\/index.php?rest_route=\/wp\/v2\/posts\/24098","targetHints":{"allow":["GET"]}}],"collection":[{"href":"https:\/\/noticiasveraces.com\/index.php?rest_route=\/wp\/v2\/posts"}],"about":[{"href":"https:\/\/noticiasveraces.com\/index.php?rest_route=\/wp\/v2\/types\/post"}],"author":[{"embeddable":true,"href":"https:\/\/noticiasveraces.com\/index.php?rest_route=\/wp\/v2\/users\/1"}],"replies":[{"embeddable":true,"href":"https:\/\/noticiasveraces.com\/index.php?rest_route=%2Fwp%2Fv2%2Fcomments&post=24098"}],"version-history":[{"count":0,"href":"https:\/\/noticiasveraces.com\/index.php?rest_route=\/wp\/v2\/posts\/24098\/revisions"}],"wp:featuredmedia":[{"embeddable":true,"href":"https:\/\/noticiasveraces.com\/index.php?rest_route=\/wp\/v2\/media\/24099"}],"wp:attachment":[{"href":"https:\/\/noticiasveraces.com\/index.php?rest_route=%2Fwp%2Fv2%2Fmedia&parent=24098"}],"wp:term":[{"taxonomy":"category","embeddable":true,"href":"https:\/\/noticiasveraces.com\/index.php?rest_route=%2Fwp%2Fv2%2Fcategories&post=24098"},{"taxonomy":"post_tag","embeddable":true,"href":"https:\/\/noticiasveraces.com\/index.php?rest_route=%2Fwp%2Fv2%2Ftags&post=24098"}],"curies":[{"name":"wp","href":"https:\/\/api.w.org\/{rel}","templated":true}]}}