{"id":24091,"date":"2025-04-22T15:51:40","date_gmt":"2025-04-22T19:51:40","guid":{"rendered":"https:\/\/noticiasveraces.com\/?p=24091"},"modified":"2025-04-22T15:51:40","modified_gmt":"2025-04-22T19:51:40","slug":"el-vaticano-revela-las-ultimas-palabras-del-papa-francisco-antes-de-la-muerte","status":"publish","type":"post","link":"https:\/\/noticiasveraces.com\/?p=24091","title":{"rendered":"El Vaticano revela las \u00faltimas palabras del Papa Francisco antes de la muerte"},"content":{"rendered":"<p> \n<\/p>\n<div>\n<p class=\"speakable\">Las \u00faltimas palabras del Papa Francisco antes de su muerte del lunes fueron una expresi\u00f3n de agradecimiento a su enfermera y cuidador personal, Massimiliano Strappetti, el Vaticano revel\u00f3 el martes mientras describ\u00eda las \u00faltimas horas del pont\u00edfice de 88 a\u00f1os.<\/p>\n<p class=\"speakable\">Francis dud\u00f3 en sorprender a una multitud de 50,000 fieles que acumularon en la Plaza de San Pedro con un viaje en el Popemobile despu\u00e9s de su bendici\u00f3n de Pascua del balc\u00f3n de la Bas\u00edlica de San Pedro, inform\u00f3 Vatican News, y el pont\u00edfice le pregunt\u00f3 a Strappetti: \u00ab\u00bfCrees que puedo manejarlo?\u00bb <\/p>\n<p>Una vez que Francis se tranquiliz\u00f3, hizo su gira por la plaza, deteni\u00e9ndose para abrazar a las personas, especialmente a los ni\u00f1os, en su ruta.<\/p>\n<p>Entre las \u00faltimas palabras de Francis se encontraba un mensaje sincero para Strappetti.<\/p>\n<p><strong>El Papa Francisco a los 88 a\u00f1os, dice el Vaticano<\/strong><\/p>\n<div class=\"image-ct inline\">\n<div class=\"m\"><picture><source media=\"(max-width: 767px)\" srcset=\"https:\/\/a57.foxnews.com\/static.foxnews.com\/foxnews.com\/content\/uploads\/2025\/04\/343\/192\/pope-franicis-dead_008.jpg?ve=1&amp;tl=1, https:\/\/a57.foxnews.com\/static.foxnews.com\/foxnews.com\/content\/uploads\/2025\/04\/686\/384\/pope-franicis-dead_008.jpg?ve=1&amp;tl=1 2x\" height=\"192\" width=\"343\"><source media=\"(min-width: 768px) and (max-width: 1023px)\" srcset=\"https:\/\/a57.foxnews.com\/static.foxnews.com\/foxnews.com\/content\/uploads\/2025\/04\/672\/378\/pope-franicis-dead_008.jpg?ve=1&amp;tl=1, https:\/\/a57.foxnews.com\/static.foxnews.com\/foxnews.com\/content\/uploads\/2025\/04\/1344\/756\/pope-franicis-dead_008.jpg?ve=1&amp;tl=1 2x\" height=\"378\" width=\"672\"><source media=\"(min-width: 1024px) and (max-width: 1279px)\" srcset=\"https:\/\/a57.foxnews.com\/static.foxnews.com\/foxnews.com\/content\/uploads\/2025\/04\/931\/523\/pope-franicis-dead_008.jpg?ve=1&amp;tl=1, https:\/\/a57.foxnews.com\/static.foxnews.com\/foxnews.com\/content\/uploads\/2025\/04\/1862\/1046\/pope-franicis-dead_008.jpg?ve=1&amp;tl=1 2x\" height=\"523\" width=\"931\"><source media=\"(min-width: 1280px)\" srcset=\"https:\/\/a57.foxnews.com\/static.foxnews.com\/foxnews.com\/content\/uploads\/2025\/04\/720\/405\/pope-franicis-dead_008.jpg?ve=1&amp;tl=1, https:\/\/a57.foxnews.com\/static.foxnews.com\/foxnews.com\/content\/uploads\/2025\/04\/1440\/810\/pope-franicis-dead_008.jpg?ve=1&amp;tl=1 2x\" height=\"405\" width=\"720\"><img loading=\"lazy\" decoding=\"async\" src=\"https:\/\/a57.foxnews.com\/static.foxnews.com\/foxnews.com\/content\/uploads\/2025\/04\/1200\/675\/pope-franicis-dead_008.jpg?ve=1&amp;tl=1\" alt=\"Papa Francisco muerto\" width=\"1200\" height=\"675\"\/><\/source><\/source><\/source><\/source><\/picture><\/div>\n<div class=\"info\">\n<div class=\"caption\">\n<p><span>El Papa Francisco aparece en el albergue central de la Bas\u00edlica de San Pedro por \u00faltima vez antes de su muerte para otorgar al Urbi et Orbi en la Plaza de San Pedro en el Vaticano el domingo 20 de abril de 2025.<\/span> <span>(Gregorio Borgia\/AP)<\/span><\/p>\n<\/div>\n<\/div>\n<\/div>\n<p>\u00abGracias por traerme de regreso a la plaza\u00bb, dijo Francis, ampliamente conocido como \u00abel Papa del Pueblo\u00bb, inform\u00f3 su asistente de atenci\u00f3n m\u00e9dica personal, inform\u00f3 Vatican News.<\/p>\n<p>Francis descans\u00f3 el resto del domingo por la tarde y tuvo una cena tranquila, seg\u00fan la agencia oficial de noticias del Vaticano.<\/p>\n<div class=\"image-ct inline\">\n<div class=\"m\"><picture><source media=\"(max-width: 767px)\" srcset=\"https:\/\/a57.foxnews.com\/static.foxnews.com\/foxnews.com\/content\/uploads\/2025\/04\/343\/192\/pope-francis-popemobile.jpg?ve=1&amp;tl=1, https:\/\/a57.foxnews.com\/static.foxnews.com\/foxnews.com\/content\/uploads\/2025\/04\/686\/384\/pope-francis-popemobile.jpg?ve=1&amp;tl=1 2x\" height=\"192\" width=\"343\"><source media=\"(min-width: 768px) and (max-width: 1023px)\" srcset=\"https:\/\/a57.foxnews.com\/static.foxnews.com\/foxnews.com\/content\/uploads\/2025\/04\/672\/378\/pope-francis-popemobile.jpg?ve=1&amp;tl=1, https:\/\/a57.foxnews.com\/static.foxnews.com\/foxnews.com\/content\/uploads\/2025\/04\/1344\/756\/pope-francis-popemobile.jpg?ve=1&amp;tl=1 2x\" height=\"378\" width=\"672\"><source media=\"(min-width: 1024px) and (max-width: 1279px)\" srcset=\"https:\/\/a57.foxnews.com\/static.foxnews.com\/foxnews.com\/content\/uploads\/2025\/04\/931\/523\/pope-francis-popemobile.jpg?ve=1&amp;tl=1, https:\/\/a57.foxnews.com\/static.foxnews.com\/foxnews.com\/content\/uploads\/2025\/04\/1862\/1046\/pope-francis-popemobile.jpg?ve=1&amp;tl=1 2x\" height=\"523\" width=\"931\"><source media=\"(min-width: 1280px)\" srcset=\"https:\/\/a57.foxnews.com\/static.foxnews.com\/foxnews.com\/content\/uploads\/2025\/04\/720\/405\/pope-francis-popemobile.jpg?ve=1&amp;tl=1, https:\/\/a57.foxnews.com\/static.foxnews.com\/foxnews.com\/content\/uploads\/2025\/04\/1440\/810\/pope-francis-popemobile.jpg?ve=1&amp;tl=1 2x\" height=\"405\" width=\"720\"><img loading=\"lazy\" decoding=\"async\" src=\"https:\/\/a57.foxnews.com\/static.foxnews.com\/foxnews.com\/content\/uploads\/2025\/04\/1200\/675\/pope-francis-popemobile.jpg?ve=1&amp;tl=1\" alt=\"Papa Francis de gira en Popemobile\" width=\"1200\" height=\"675\"\/><\/source><\/source><\/source><\/source><\/picture><\/div>\n<div class=\"info\">\n<div class=\"caption\">\n<p><span>El Papa Francisco gira a la multitud al final de la misa de Pascua en la Plaza de San Pedro en el Vaticano el domingo 20 de abril de 2025. Francis muri\u00f3 el lunes 21 de abril de 2025.<\/span> <span>(Photo AP\/Gregorio Borgia)<\/span><\/p>\n<\/div>\n<\/div>\n<\/div>\n<p>Francis mostr\u00f3 los primeros signos de enfermedad alrededor de las 5:30 am del lunes de Pascua y cay\u00f3 en coma una hora despu\u00e9s, seg\u00fan Vatican News. Antes de caer en el coma, Francis hizo \u00abun gesto de despedida con su mano\u00bb a Strappetti.<\/p>\n<p><strong>La causa oficial de muerte del Papa Francisco revelada en el anuncio del Vaticano<\/strong><\/p>\n<p>Francis muri\u00f3 despu\u00e9s de entrar en coma y sufrir un ataque card\u00edaco.<\/p>\n<p>Aquellos de su lado durante sus momentos finales dijeron que Francis no sufri\u00f3, y su muerte ocurri\u00f3 r\u00e1pidamente, inform\u00f3 Vatican News.<\/p>\n<p>La muerte del Papa sigue a\u00f1os de preocupaciones de salud en curso, incluida una hospitalizaci\u00f3n reciente por neumon\u00eda doble.<\/p>\n<p>El Vaticano lanz\u00f3 im\u00e1genes de Francis que se encuentran en el estado en el Vaticano el martes. El Papa fue fotografiado acostado en un ata\u00fad de madera con vestiduras rojas y la ingle de su obispo.<\/p>\n<p><strong><u>Haga clic para obtener la aplicaci\u00f3n Fox News<\/u><\/strong><\/p>\n<p>El funeral de Francis se ha programado para el s\u00e1bado a las 10 am en la Plaza de San Pedro, y una visualizaci\u00f3n de su cuerpo comenzar\u00e1 el mi\u00e9rcoles en la Bas\u00edlica de San Pedro.<\/p>\n<p><i>Associated Press contribuy\u00f3 a este informe.<\/i><\/p>\n<p> <!----> <\/div>\n\n","protected":false},"excerpt":{"rendered":"<p>Las \u00faltimas palabras del Papa Francisco antes de su muerte del lunes fueron una expresi\u00f3n de agradecimiento a su enfermera y cuidador personal, Massimiliano Strappetti, el Vaticano revel\u00f3 el martes mientras describ\u00eda las \u00faltimas horas del pont\u00edfice de 88 a\u00f1os. Francis dud\u00f3 en sorprender a una multitud de 50,000 fieles que acumularon en la Plaza &hellip;<\/p>\n","protected":false},"author":1,"featured_media":24093,"comment_status":"open","ping_status":"open","sticky":false,"template":"","format":"standard","meta":{"fifu_image_url":"https:\/\/static.foxnews.com\/foxnews.com\/content\/uploads\/2025\/04\/pope-franicis-dead_008.jpg","fifu_image_alt":"","footnotes":""},"categories":[13],"tags":[],"class_list":["post-24091","post","type-post","status-publish","format-standard","has-post-thumbnail","","category-mundo"],"_links":{"self":[{"href":"https:\/\/noticiasveraces.com\/index.php?rest_route=\/wp\/v2\/posts\/24091","targetHints":{"allow":["GET"]}}],"collection":[{"href":"https:\/\/noticiasveraces.com\/index.php?rest_route=\/wp\/v2\/posts"}],"about":[{"href":"https:\/\/noticiasveraces.com\/index.php?rest_route=\/wp\/v2\/types\/post"}],"author":[{"embeddable":true,"href":"https:\/\/noticiasveraces.com\/index.php?rest_route=\/wp\/v2\/users\/1"}],"replies":[{"embeddable":true,"href":"https:\/\/noticiasveraces.com\/index.php?rest_route=%2Fwp%2Fv2%2Fcomments&post=24091"}],"version-history":[{"count":0,"href":"https:\/\/noticiasveraces.com\/index.php?rest_route=\/wp\/v2\/posts\/24091\/revisions"}],"wp:featuredmedia":[{"embeddable":true,"href":"https:\/\/noticiasveraces.com\/index.php?rest_route=\/wp\/v2\/media\/24093"}],"wp:attachment":[{"href":"https:\/\/noticiasveraces.com\/index.php?rest_route=%2Fwp%2Fv2%2Fmedia&parent=24091"}],"wp:term":[{"taxonomy":"category","embeddable":true,"href":"https:\/\/noticiasveraces.com\/index.php?rest_route=%2Fwp%2Fv2%2Fcategories&post=24091"},{"taxonomy":"post_tag","embeddable":true,"href":"https:\/\/noticiasveraces.com\/index.php?rest_route=%2Fwp%2Fv2%2Ftags&post=24091"}],"curies":[{"name":"wp","href":"https:\/\/api.w.org\/{rel}","templated":true}]}}