{"id":24069,"date":"2025-04-22T14:48:07","date_gmt":"2025-04-22T18:48:07","guid":{"rendered":"https:\/\/noticiasveraces.com\/?p=24069"},"modified":"2025-04-22T14:48:07","modified_gmt":"2025-04-22T18:48:07","slug":"bruselas-impulsa-una-profunda-reforma-del-iva-en-la-ue-con-nuevas-normas-para-la-era-digital","status":"publish","type":"post","link":"https:\/\/noticiasveraces.com\/?p=24069","title":{"rendered":"Bruselas impulsa una profunda reforma del IVA en la UE con nuevas normas para la era digital"},"content":{"rendered":"<p> \n<\/p>\n<div>\n<p><picture class=\"aligncenter first-post-image\" title=\"Bruselas reforma el IVA\" data-no-lazy=\"true\"><source type=\"image\/webp\" srcset=\"https:\/\/www.economiafinanzas.com\/wp-content\/uploads\/2025\/04\/Bruselas-reforma-el-IVA-0.jpg.webp\"\/><img decoding=\"async\" fetchpriority=\"high\" src=\"https:\/\/www.economiafinanzas.com\/wp-content\/uploads\/2025\/04\/Bruselas-reforma-el-IVA-0.jpg\" alt=\"Bruselas reforma el IVA\" data-no-lazy=\"true\"\/>\n<\/picture><\/p>\n<p>La Comisi\u00f3n Europea ha presentado <strong>una ambiciosa revisi\u00f3n de la legislaci\u00f3n sobre el IVA<\/strong> en el seno de la Uni\u00f3n Europea, con el claro objetivo de adaptarse a los retos que plantea la econom\u00eda digital y garantizar una mayor eficacia en la recaudaci\u00f3n fiscal. Este enfoque, recogido bajo el llamado paquete normativo Vida, implica la adopci\u00f3n de <strong>una nueva directiva y dos reglamentos<\/strong>que marcar\u00e1n un antes y un despu\u00e9s en la gesti\u00f3n de este impuesto a lo largo y ancho de los pa\u00edses miembros.<\/p>\n<p>Durante a\u00f1os, <strong>el IVA ha supuesto un quebradero de cabeza<\/strong> tanto para administraciones tributarias como para empresas, especialmente en el contexto transfronterizo y digital. Con estas nuevas normas, Bruselas busca simplificar procedimientos, reforzar la lucha contra el fraude y modernizar las obligaciones de informaci\u00f3n vinculadas a las operaciones comerciales dentro de la Uni\u00f3n.<\/p>\n<h2>Un nuevo marco legal para el IVA digital<\/h2>\n<p>A trav\u00e9s de la Directiva (UE) 2025\/516 y los Reglamentos (UE) 2025\/517 y 2025\/518, <strong>la UE introduce importantes transformaciones en la gesti\u00f3n y control del IVA<\/strong>. El paquete Vida responde a la necesidad de que la normativa fiscal se mantenga al ritmo de la digitalizaci\u00f3n, abordando cuestiones fundamentales como la transmisi\u00f3n de informaci\u00f3n en tiempo real, el uso generalizado de la factura electr\u00f3nica, la regulaci\u00f3n de plataformas digitales y la integraci\u00f3n de mecanismos de ventanilla \u00fanica para simplificar tr\u00e1mites a empresas y ciudadanos.<\/p>\n<p><picture decoding=\"async\" class=\"aligncenter\" title=\"Econom\u00eda digital y reforma del IVA\"><source type=\"image\/webp\" data-lazy-srcset=\"https:\/\/www.economiafinanzas.com\/wp-content\/uploads\/2025\/04\/Bruselas-reforma-el-IVA-1.jpg.webp\"\/><img decoding=\"async\" alt=\"Econom\u00eda digital y reforma del IVA\" src=\"https:\/\/www.economiafinanzas.com\/wp-content\/uploads\/2025\/04\/Bruselas-reforma-el-IVA-1.jpg\"\/><img decoding=\"async\" src=\"https:\/\/www.economiafinanzas.com\/wp-content\/uploads\/2025\/04\/Bruselas-reforma-el-IVA-1.jpg\" alt=\"Econom\u00eda digital y reforma del IVA\"\/>\n<\/picture><\/p>\n<p>Uno de los pilares esenciales es <strong>la implantaci\u00f3n del suministro digital de informaci\u00f3n<\/strong> en tiempo real, lo que permitir\u00e1 a los Estados miembros disponer de datos actualizados sobre transacciones intracomunitarias. Este mecanismo sustituir\u00e1 progresivamente los estados recapitulativos que hoy en d\u00eda deben presentar los operadores, agilizando as\u00ed la detecci\u00f3n de posibles irregularidades o fraudes fiscales.<\/p>\n<p>Adem\u00e1s, <strong>la facturaci\u00f3n electr\u00f3nica se sit\u00faa en el centro del nuevo sistema<\/strong>. A partir de ahora, ser\u00e1 el formato por defecto para la mayor\u00eda de operaciones, debiendo cumplir con est\u00e1ndares europeos en cuanto a estructura y transmisi\u00f3n de datos. Esto no solo har\u00e1 m\u00e1s autom\u00e1tica la gesti\u00f3n del impuesto, sino que facilitar\u00e1 los procesos de deducci\u00f3n y devoluci\u00f3n del IVA por parte de empresas y aut\u00f3nomos.<\/p>\n<p>En cuanto al ecosistema digital, las plataformas online, especialmente aquellas que intermedian en servicios como alquiler de alojamientos o transporte terrestre de pasajeros, tendr\u00e1n <strong>nuevos deberes de informaci\u00f3n<\/strong> y, en determinadas circunstancias, se les considerar\u00e1 como responsables fiscales de las operaciones gestionadas.<\/p>\n<h2>Directiva (UE) 2025\/516: simplificaci\u00f3n y transparencia<\/h2>\n<p>Esta directiva supone <strong>un avance significativo en la reducci\u00f3n de cargas burocr\u00e1ticas<\/strong> y una apuesta clara por la transparencia. El texto legal adapta las exigencias de suministro de datos a las realidades de la econom\u00eda colaborativa, limitando la necesidad de registros fiscales en varios pa\u00edses para las empresas que operan transfronterizamente. Para ampliar informaci\u00f3n sobre las obligaciones de los aut\u00f3nomos en el \u00e1mbito digital, puedes consultar nuestro art\u00edculo sobre kit digital para aut\u00f3nomos.<\/p>\n<p>Con ello, <strong>las empresas que realicen ventas o presten servicios en otros pa\u00edses de la UE<\/strong> podr\u00e1n aprovechar un proceso mucho m\u00e1s \u00e1gil, ya que los sistemas nacionales de informaci\u00f3n deber\u00e1n ser interoperables y compatibles con el nuevo modelo europeo. La directiva elimina gradualmente la obligaci\u00f3n de presentar informes recapitulativos para operaciones intracomunitarias, siempre que se cumplan los requisitos de informaci\u00f3n digital en tiempo real.<\/p>\n<p>El gran protagonista es, sin duda, <strong>el impulso de la factura electr\u00f3nica<\/strong>. Los Estados miembros podr\u00e1n exigir su uso generalizado, y las facturas deber\u00e1n emitirse en un formato est\u00e1ndar, estructurado electr\u00f3nicamente. Esto implica que, para reclamar devoluciones o deducciones del impuesto, ser\u00e1 imprescindible disponer de una factura conforme a las nuevas normas. El uso de formatos alternativos solo quedar\u00e1 permitido para operaciones dentro de un mismo pa\u00eds, si as\u00ed lo permite la legislaci\u00f3n nacional.<\/p>\n<p>Otra novedad relevante es la expansi\u00f3n del <strong>r\u00e9gimen de ventanilla \u00fanica (OSS\/IOSS)<\/strong>que ahora abarcar\u00e1 tambi\u00e9n entregas nacionales de empresas extranjeras a consumidores finales, as\u00ed como nuevas disposiciones para la gesti\u00f3n de bienes propiedad de las empresas trasladados entre Estados miembros. Esta medida est\u00e1 dise\u00f1ada para simplificar la vida a los negocios que venden en varios pa\u00edses, permiti\u00e9ndoles rendir cuentas fiscales a trav\u00e9s de una \u00fanica plataforma.<\/p>\n<p>El texto prev\u00e9, a su vez, <strong>la supresi\u00f3n escalonada de los acuerdos de stock de reserva<\/strong>que hasta ahora permit\u00edan la existencia de existencias en otros pa\u00edses sin implicar una declaraci\u00f3n inmediata del IVA. Estos acuerdos dejar\u00e1n de poder formalizarse a partir del 30 de junio de 2028 y suprimidos definitivamente al acabar junio de 2029.<\/p>\n<p>En el cap\u00edtulo de la lucha contra el fraude, se endurecen los controles sobre plataformas digitales, consider\u00e1ndolas responsables del IVA salvo prueba fehaciente de que el servicio fue realizado directamente por el proveedor original. Igualmente, se refuerzan las condiciones y controles para la deducci\u00f3n y reclamaci\u00f3n del impuesto.<\/p>\n<h2>Reglamento (UE) 2025\/517: intercambio eficiente de informaci\u00f3n<\/h2>\n<p>Con este reglamento, <strong>Bruselas pretende optimizar la cooperaci\u00f3n administrativa<\/strong> en el control del IVA, estableciendo un sistema electr\u00f3nico central (VIES central) que gestionar\u00e1 el intercambio de datos entre los sistemas nacionales de los Estados miembros. De esta forma, los fiscos de los distintos pa\u00edses podr\u00e1n colaborar m\u00e1s estrechamente para identificar operaciones irregulares en tiempo real y validar la informaci\u00f3n suministrada por los contribuyentes.<\/p>\n<p>Este nuevo modelo exige a los pa\u00edses comunitarios <strong>mantener actualizados los datos de identificaci\u00f3n fiscal<\/strong> de los operadores que realizan transacciones dentro de la UE, automatizando su revisi\u00f3n y verificaci\u00f3n. Adem\u00e1s, el reglamento fija procedimientos claros para la consulta y transmisi\u00f3n electr\u00f3nica de informaci\u00f3n vinculada al funcionamiento de los reg\u00edmenes de ventanilla \u00fanica, mejorando as\u00ed la trazabilidad y la apertura de las operaciones.<\/p>\n<p>Finalmente, se garantiza que las autoridades fiscales podr\u00e1n acceder de forma eficiente a los registros mantenidos por las empresas acogidas a estos reg\u00edmenes, as\u00ed como a los datos de las plataformas digitales que act\u00faan como intermediarios.<\/p>\n<div class=\"post-relacionado-wrapper\"><picture fetchpriority=\"high\" decoding=\"async\" class=\"attachment-medium size-medium wp-post-image\"><source type=\"image\/webp\" data-lazy-srcset=\"https:\/\/www.economiafinanzas.com\/wp-content\/uploads\/2016\/08\/el-iva-300x169.jpg.webp 300w, https:\/\/www.economiafinanzas.com\/wp-content\/uploads\/2016\/08\/el-iva-768x432.jpg.webp 768w, https:\/\/www.economiafinanzas.com\/wp-content\/uploads\/2016\/08\/el-iva-1024x576.jpg.webp 1024w, https:\/\/www.economiafinanzas.com\/wp-content\/uploads\/2016\/08\/el-iva-830x467.jpg.webp 830w, https:\/\/www.economiafinanzas.com\/wp-content\/uploads\/2016\/08\/el-iva-400x225.jpg.webp 400w, https:\/\/www.economiafinanzas.com\/wp-content\/uploads\/2016\/08\/el-iva-500x281.jpg.webp 500w, https:\/\/www.economiafinanzas.com\/wp-content\/uploads\/2016\/08\/el-iva-170x96.jpg.webp 170w, https:\/\/www.economiafinanzas.com\/wp-content\/uploads\/2016\/08\/el-iva.jpg.webp 1920w\" sizes=\"(max-width: 300px) 100vw, 300px\"\/><img fetchpriority=\"high\" decoding=\"async\" width=\"300\" height=\"169\" alt=\"\" srcset=\"https:\/\/www.economiafinanzas.com\/wp-content\/uploads\/2016\/08\/el-iva-300x169.jpg 300w, https:\/\/www.economiafinanzas.com\/wp-content\/uploads\/2016\/08\/el-iva-768x432.jpg 768w, https:\/\/www.economiafinanzas.com\/wp-content\/uploads\/2016\/08\/el-iva-1024x576.jpg 1024w, https:\/\/www.economiafinanzas.com\/wp-content\/uploads\/2016\/08\/el-iva-830x467.jpg 830w, https:\/\/www.economiafinanzas.com\/wp-content\/uploads\/2016\/08\/el-iva-400x225.jpg 400w, https:\/\/www.economiafinanzas.com\/wp-content\/uploads\/2016\/08\/el-iva-500x281.jpg 500w, https:\/\/www.economiafinanzas.com\/wp-content\/uploads\/2016\/08\/el-iva-170x96.jpg 170w, https:\/\/www.economiafinanzas.com\/wp-content\/uploads\/2016\/08\/el-iva.jpg 1920w\" data-lazy-sizes=\"(max-width: 300px) 100vw, 300px\" src=\"https:\/\/www.economiafinanzas.com\/wp-content\/uploads\/2016\/08\/el-iva-300x169.jpg\"\/><img fetchpriority=\"high\" decoding=\"async\" width=\"300\" height=\"169\" src=\"https:\/\/www.economiafinanzas.com\/wp-content\/uploads\/2016\/08\/el-iva-300x169.jpg\" alt=\"\" srcset=\"https:\/\/www.economiafinanzas.com\/wp-content\/uploads\/2016\/08\/el-iva-300x169.jpg 300w, https:\/\/www.economiafinanzas.com\/wp-content\/uploads\/2016\/08\/el-iva-768x432.jpg 768w, https:\/\/www.economiafinanzas.com\/wp-content\/uploads\/2016\/08\/el-iva-1024x576.jpg 1024w, https:\/\/www.economiafinanzas.com\/wp-content\/uploads\/2016\/08\/el-iva-830x467.jpg 830w, https:\/\/www.economiafinanzas.com\/wp-content\/uploads\/2016\/08\/el-iva-400x225.jpg 400w, https:\/\/www.economiafinanzas.com\/wp-content\/uploads\/2016\/08\/el-iva-500x281.jpg 500w, https:\/\/www.economiafinanzas.com\/wp-content\/uploads\/2016\/08\/el-iva-170x96.jpg 170w, https:\/\/www.economiafinanzas.com\/wp-content\/uploads\/2016\/08\/el-iva.jpg 1920w\" sizes=\"(max-width: 300px) 100vw, 300px\"\/>\n<\/picture>\n<div>\n<p>Art\u00edculo relacionado:<\/p>\n<p>IVA en Europa<\/p>\n<\/div>\n<\/div>\n<h2>Reglamento de Ejecuci\u00f3n (UE) 2025\/518: reglas claras para plataformas y peque\u00f1as empresas<\/h2>\n<p>El tercer pilar de la reforma, el Reglamento de Ejecuci\u00f3n, <strong>aclara conceptos clave en materia de intermediaci\u00f3n digital<\/strong> y delimita qu\u00e9 servicios se consideran como facilitados a trav\u00e9s de plataformas electr\u00f3nicas. Se excluyen expresamente actividades como la mera gesti\u00f3n de pagos o la publicaci\u00f3n de anuncios sin intermediaci\u00f3n directa en la prestaci\u00f3n del servicio subyacente.<\/p>\n<p>Adem\u00e1s, <strong>precisa el alcance de los reg\u00edmenes especiales para peque\u00f1as empresas<\/strong> en el sector de alquiler de alojamientos de corta duraci\u00f3n y el transporte de pasajeros. Seg\u00fan la nueva normativa, solo el proveedor original del servicio podr\u00e1 acogerse a este r\u00e9gimen, excluyendo a las plataformas que act\u00faan como intermediarios fiscales.<\/p>\n<p>Este reglamento tambi\u00e9n <strong>define las obligaciones de registro, declaraci\u00f3n y conservaci\u00f3n de informaci\u00f3n<\/strong> para las empresas que transfieran sus propios bienes a otros pa\u00edses de la Uni\u00f3n Europea. Establece qu\u00e9 datos deben intercambiarse y conservarse, permitiendo as\u00ed una mayor trazabilidad y control de los movimientos comerciales dentro del espacio comunitario.<\/p>\n<p>El conjunto de estas medidas busca crear <strong>un marco fiscal m\u00e1s robusto, transparente y tecnol\u00f3gicamente avanzado<\/strong>que responda tanto a las necesidades empresariales como a las exigencias de las autoridades tributarias.<\/p>\n<div class=\"post-relacionado-wrapper\"><img loading=\"lazy\" decoding=\"async\" width=\"300\" height=\"202\" class=\"attachment-medium size-medium wp-post-image\" alt=\"|||||\" srcset=\"https:\/\/www.economiafinanzas.com\/wp-content\/uploads\/2023\/11\/curso-formacion-inversion-financiera-122-300x202.jpg 300w, https:\/\/www.economiafinanzas.com\/wp-content\/uploads\/2023\/11\/curso-formacion-inversion-financiera-122-768x516.jpg 768w, https:\/\/www.economiafinanzas.com\/wp-content\/uploads\/2023\/11\/curso-formacion-inversion-financiera-122-400x269.jpg 400w, https:\/\/www.economiafinanzas.com\/wp-content\/uploads\/2023\/11\/curso-formacion-inversion-financiera-122-447x300.jpg 447w, https:\/\/www.economiafinanzas.com\/wp-content\/uploads\/2023\/11\/curso-formacion-inversion-financiera-122-420x282.jpg 420w, https:\/\/www.economiafinanzas.com\/wp-content\/uploads\/2023\/11\/curso-formacion-inversion-financiera-122-840x564.jpg 840w, https:\/\/www.economiafinanzas.com\/wp-content\/uploads\/2023\/11\/curso-formacion-inversion-financiera-122-150x101.jpg 150w, https:\/\/www.economiafinanzas.com\/wp-content\/uploads\/2023\/11\/curso-formacion-inversion-financiera-122.jpg 1024w\" data-lazy-sizes=\"(max-width: 300px) 100vw, 300px\" src=\"https:\/\/www.economiafinanzas.com\/wp-content\/uploads\/2023\/11\/curso-formacion-inversion-financiera-122-300x202.jpg\"\/><img loading=\"lazy\" decoding=\"async\" width=\"300\" height=\"202\" src=\"https:\/\/www.economiafinanzas.com\/wp-content\/uploads\/2023\/11\/curso-formacion-inversion-financiera-122-300x202.jpg\" class=\"attachment-medium size-medium wp-post-image\" alt=\"|||||\" srcset=\"https:\/\/www.economiafinanzas.com\/wp-content\/uploads\/2023\/11\/curso-formacion-inversion-financiera-122-300x202.jpg 300w, https:\/\/www.economiafinanzas.com\/wp-content\/uploads\/2023\/11\/curso-formacion-inversion-financiera-122-768x516.jpg 768w, https:\/\/www.economiafinanzas.com\/wp-content\/uploads\/2023\/11\/curso-formacion-inversion-financiera-122-400x269.jpg 400w, https:\/\/www.economiafinanzas.com\/wp-content\/uploads\/2023\/11\/curso-formacion-inversion-financiera-122-447x300.jpg 447w, https:\/\/www.economiafinanzas.com\/wp-content\/uploads\/2023\/11\/curso-formacion-inversion-financiera-122-420x282.jpg 420w, https:\/\/www.economiafinanzas.com\/wp-content\/uploads\/2023\/11\/curso-formacion-inversion-financiera-122-840x564.jpg 840w, https:\/\/www.economiafinanzas.com\/wp-content\/uploads\/2023\/11\/curso-formacion-inversion-financiera-122-150x101.jpg 150w, https:\/\/www.economiafinanzas.com\/wp-content\/uploads\/2023\/11\/curso-formacion-inversion-financiera-122.jpg 1024w\" sizes=\"auto, (max-width: 300px) 100vw, 300px\"\/><\/p>\n<div>\n<p>Art\u00edculo relacionado:<\/p>\n<p>\u00bfRealmente es efectiva la estrategia de inversi\u00f3n de Peter Lynch?<\/p>\n<\/div>\n<\/div>\n<h2>Impacto en empresas, aut\u00f3nomos y Administraciones<\/h2>\n<p>La llegada de este paquete normativo tiene <strong>consecuencias directas para las empresas, aut\u00f3nomos y las propias Administraciones<\/strong>. Por un lado, obliga a una adaptaci\u00f3n tecnol\u00f3gica, ya que la factura electr\u00f3nica y la transmisi\u00f3n digital de datos ser\u00e1n la norma y no la excepci\u00f3n. Por otro, se espera una importante reducci\u00f3n de la burocracia, gracias a la interoperabilidad de sistemas y la centralizaci\u00f3n de la informaci\u00f3n.<\/p>\n<p>Para los sectores m\u00e1s involucrados en el comercio digital y las plataformas de servicios online, <strong>el nuevo marco legal exige una revisi\u00f3n de sus procesos internos<\/strong> y, en muchos casos, el desarrollo de sistemas inform\u00e1ticos que permitan cumplir con las nuevas obligaciones. A su vez, podr\u00e1n beneficiarse de procedimientos unificados y una mayor seguridad jur\u00eddica en sus operaciones internacionales.<\/p>\n<p>Las Administraciones tributarias, por su parte, contar\u00e1n con <strong>herramientas m\u00e1s potentes para combatir el fraude fiscal<\/strong>detectar irregularidades de manera anticipada y proporcionar una mayor protecci\u00f3n a la base impositiva comunitaria.<\/p>\n<h2>Plazos de implementaci\u00f3n y seguimiento<\/h2>\n<p>El paquete de medidas establece <strong>un calendario progresivo para la entrada en vigor de las distintas obligaciones<\/strong>. As\u00ed, la eliminaci\u00f3n de los acuerdos de existencias de reserva tendr\u00e1 lugar entre 2028 y 2029, mientras que los sistemas actuales de suministro de informaci\u00f3n en tiempo real podr\u00e1n seguir vigentes en algunos pa\u00edses hasta el 1 de enero de 2035, como periodo transitorio.<\/p>\n<p>La Comisi\u00f3n Europea asume el compromiso de <strong>elaborar informes peri\u00f3dicos de evaluaci\u00f3n<\/strong> acerca de la implantaci\u00f3n de los nuevos requisitos digitales y del funcionamiento de las obligaciones para las plataformas online. Adem\u00e1s, aunque los Estados miembros podr\u00e1n mantener medidas nacionales espec\u00edficas para la recaudaci\u00f3n y prevenci\u00f3n del fraude, no se permitir\u00e1 imponer exigencias adicionales de informaci\u00f3n sobre las operaciones ya cubiertas por el nuevo sistema, salvo para la declaraci\u00f3n del IVA o auditor\u00edas concretas.<\/p>\n<p>Los cambios propuestos <strong>persiguen modernizar la fiscalidad europea<\/strong>dot\u00e1ndola de una estructura \u00e1gil, segura y preparada para los retos econ\u00f3micos de la pr\u00f3xima d\u00e9cada.<\/p>\n<p>La reforma del IVA promovida desde Bruselas representa <strong>un cambio de rumbo en la forma en que la Uni\u00f3n Europea gestiona su principal impuesto indirecto<\/strong>integrando digitalizaci\u00f3n, simplificaci\u00f3n y cooperaci\u00f3n reforzada. El nuevo marco normativo busca consolidar un mercado m\u00e1s integrado, donde empresas y consumidores se beneficien de tr\u00e1mites m\u00e1s sencillos y Administraciones m\u00e1s eficientes, todo ello con una vigilancia reforzada para garantizar una recaudaci\u00f3n justa y combatir con mayor eficacia el fraude fiscal.<\/p>\n<p><!-- CONTENT END 1 --><br \/>\n\t\t\n\t\t\t<\/div>\n\n","protected":false},"excerpt":{"rendered":"<p>La Comisi\u00f3n Europea ha presentado una ambiciosa revisi\u00f3n de la legislaci\u00f3n sobre el IVA en el seno de la Uni\u00f3n Europea, con el claro objetivo de adaptarse a los retos que plantea la econom\u00eda digital y garantizar una mayor eficacia en la recaudaci\u00f3n fiscal. Este enfoque, recogido bajo el llamado paquete normativo Vida, implica la &hellip;<\/p>\n","protected":false},"author":1,"featured_media":24071,"comment_status":"open","ping_status":"open","sticky":false,"template":"","format":"standard","meta":{"fifu_image_url":"https:\/\/www.economiafinanzas.com\/wp-content\/uploads\/2025\/04\/Bruselas-reforma-el-IVA-0.jpg","fifu_image_alt":"","footnotes":""},"categories":[3],"tags":[],"class_list":["post-24069","post","type-post","status-publish","format-standard","has-post-thumbnail","","category-negocio"],"_links":{"self":[{"href":"https:\/\/noticiasveraces.com\/index.php?rest_route=\/wp\/v2\/posts\/24069","targetHints":{"allow":["GET"]}}],"collection":[{"href":"https:\/\/noticiasveraces.com\/index.php?rest_route=\/wp\/v2\/posts"}],"about":[{"href":"https:\/\/noticiasveraces.com\/index.php?rest_route=\/wp\/v2\/types\/post"}],"author":[{"embeddable":true,"href":"https:\/\/noticiasveraces.com\/index.php?rest_route=\/wp\/v2\/users\/1"}],"replies":[{"embeddable":true,"href":"https:\/\/noticiasveraces.com\/index.php?rest_route=%2Fwp%2Fv2%2Fcomments&post=24069"}],"version-history":[{"count":0,"href":"https:\/\/noticiasveraces.com\/index.php?rest_route=\/wp\/v2\/posts\/24069\/revisions"}],"wp:featuredmedia":[{"embeddable":true,"href":"https:\/\/noticiasveraces.com\/index.php?rest_route=\/wp\/v2\/media\/24071"}],"wp:attachment":[{"href":"https:\/\/noticiasveraces.com\/index.php?rest_route=%2Fwp%2Fv2%2Fmedia&parent=24069"}],"wp:term":[{"taxonomy":"category","embeddable":true,"href":"https:\/\/noticiasveraces.com\/index.php?rest_route=%2Fwp%2Fv2%2Fcategories&post=24069"},{"taxonomy":"post_tag","embeddable":true,"href":"https:\/\/noticiasveraces.com\/index.php?rest_route=%2Fwp%2Fv2%2Ftags&post=24069"}],"curies":[{"name":"wp","href":"https:\/\/api.w.org\/{rel}","templated":true}]}}