{"id":24063,"date":"2025-04-22T13:54:46","date_gmt":"2025-04-22T17:54:46","guid":{"rendered":"https:\/\/noticiasveraces.com\/?p=24063"},"modified":"2025-04-22T13:54:46","modified_gmt":"2025-04-22T17:54:46","slug":"una-violacion-grupal-a-una-menor-en-portugal-desata-protestas-contra-la-benevolencia-judicial-hacia-los-delitos-sexuales-sociedad","status":"publish","type":"post","link":"https:\/\/noticiasveraces.com\/?p=24063","title":{"rendered":"Una violaci\u00f3n grupal a una menor en Portugal desata protestas contra la benevolencia judicial hacia los delitos sexuales | Sociedad"},"content":{"rendered":"<p> \n<\/p>\n<div data-dtm-region=\"articulo_cuerpo\">\n<p class=\"\">Los m\u00e9dicos del hospital Beatriz \u00c2ngelo, uno de los centros que atiende a la poblaci\u00f3n metropolitana de Lisboa, denunciaron el caso a la polic\u00eda. El pasado febrero, una adolescente de 16 a\u00f1os, acompa\u00f1ada de su madre, lleg\u00f3 al hospital para ser atendida. Explicaron que la menor hab\u00eda sido violada por j\u00f3venes que tienen cierta popularidad en Tiktok, que difundi\u00f3 la agresi\u00f3n en diferentes v\u00eddeos. Su caso se suma a los m\u00e1s de 5.000 delitos sexuales contra menores cometidos desde 2022, seg\u00fan datos de la Asociaci\u00f3n Portuguesa de Apoyo a la V\u00edctima.<\/p>\n<p class=\"\">Seg\u00fan el relato de la Polic\u00eda Judicial, la chica se hab\u00eda citado con uno de ellos, al que conoc\u00eda, no lejos de su casa en Loures, una poblaci\u00f3n de unos 200.000 habitantes ubicada a 14 kil\u00f3metros de Lisboa. Al llegar descubri\u00f3 que iba acompa\u00f1ado por otros j\u00f3venes que ella no conoc\u00eda. \u201cEn contexto grupal, forzaron a la v\u00edctima a pr\u00e1cticas sexuales y grabaron los actos, contra su voluntad, divulg\u00e1ndolos en redes sociales\u201d, explicaba la polic\u00eda en su comunicado. Uno de los v\u00eddeos de la agresi\u00f3n sexual tuvo 32.000 visualizaciones en la red social donde se colg\u00f3, seg\u00fan public\u00f3 <i>Expresar<\/i>. Nadie los denunci\u00f3 a la polic\u00eda.<\/p>\n<p class=\"\">Tres j\u00f3venes, de entre 17 y 19 a\u00f1os, fueron detenidos el pasado 24 de marzo, aunque hay testimonios que aluden a la participaci\u00f3n en la agresi\u00f3n de \u201ccuatro o cinco\u201d. El juez les imput\u00f3 por los delitos de violaci\u00f3n, secuestro y pornograf\u00eda de menores, pero les dej\u00f3 en libertad con tibias medidas cautelares: comparecer semanalmente ante la polic\u00eda y no acercarse a menos de 50 metros de la v\u00edctima. Los acusados y sus amigos recurrieron de nuevo a redes sociales donde publicaron v\u00eddeos para proclamar su inocencia. \u201cOs pido que no os cre\u00e1is todo lo que veis en la televisi\u00f3n\u201d, apelaba uno de los imputados. \u201cQuedamos con ella para que ocurriese lo que iba a ocurrir, pero llegamos y no tuvimos nada con ella, ni le tocamos ni nada. Como ella qued\u00f3 trastornada, invent\u00f3 una gran historia y eso ha causado un gran problema\u201d, relata otro en TikTok.<\/p>\n<p class=\"\">El problema de narrar la vida en las redes es cuando estas se convierten en una prueba del delito. En esas semanas transcurridas entre los hechos y la detenci\u00f3n, otro de los imputados conversaba fr\u00edvolamente en un v\u00eddeo de TikTok con un amigo que le preguntaba cu\u00e1l hab\u00eda sido \u201cla cosa m\u00e1s loca\u201d que hab\u00eda hecho en su vida. Despu\u00e9s de mencionar lo que \u00e9l llamaba \u201corg\u00eda con <i>tiktouers <\/i>famoso<i>\u00ab<\/i> mostraba el v\u00eddeo a la c\u00e1mara y, cuando su amigo le preguntaba \u201cc\u00f3mo qued\u00f3 ella despu\u00e9s de eso, \u00bfestaba a gusto?\u201c, respondi\u00f3: \u201dNo pod\u00eda caminar y tuvo que ir al hospital. \u00c9ramos cuatro o cinco\u201d. Al final del v\u00eddeo, su amigo le pregunta qu\u00e9 le dir\u00eda a la joven si tuviese que pedirle perd\u00f3n\u201d. Responde: \u201cMe gustar\u00eda repetir, aunque esta vez tendr\u00edas que salir caminando\u201d. Y los dos rompen a re\u00edr.<\/p>\n<figure class=\"a_m a_m-h \"><span class=\"_db a_m_w _pr lb_btn\"><img alt=\"Un momento de la protesta celebrada en Lisboa, tras la violaci\u00f3n grupal de una menor y la puesta en libertad de los imputados por la agresi\u00f3n.\" decoding=\"auto\" class=\"_re lazyload a_m-h\" height=\"277\" srcset=\"https:\/\/imagenes.elpais.com\/resizer\/v2\/HN3VB5Z7LFHKZHI756ZYWWPG5I.jpg?auth=9b8d0d97fdc7f6fbf07f9d8dd9a49dd8fca792dbc11424514a44109a739ef4f7&amp;width=414 414w,https:\/\/imagenes.elpais.com\/resizer\/v2\/HN3VB5Z7LFHKZHI756ZYWWPG5I.jpg?auth=9b8d0d97fdc7f6fbf07f9d8dd9a49dd8fca792dbc11424514a44109a739ef4f7&amp;width=828 640w,https:\/\/imagenes.elpais.com\/resizer\/v2\/HN3VB5Z7LFHKZHI756ZYWWPG5I.jpg?auth=9b8d0d97fdc7f6fbf07f9d8dd9a49dd8fca792dbc11424514a44109a739ef4f7&amp;width=980 1000w,https:\/\/imagenes.elpais.com\/resizer\/v2\/HN3VB5Z7LFHKZHI756ZYWWPG5I.jpg?auth=9b8d0d97fdc7f6fbf07f9d8dd9a49dd8fca792dbc11424514a44109a739ef4f7&amp;width=1960 1960w\" width=\"414\" sizes=\"auto, (min-width:1199px) 1155px,(min-width:1001px) calc(100vw - 44px),(min-width:768px) 767px, 100vw\" src=\"https:\/\/imagenes.elpais.com\/resizer\/v2\/HN3VB5Z7LFHKZHI756ZYWWPG5I.jpg?auth=9b8d0d97fdc7f6fbf07f9d8dd9a49dd8fca792dbc11424514a44109a739ef4f7&amp;width=414\" loading=\"lazy\"\/><svg aria-hidden=\"true\" class=\"icon_multimedia_ampliar | _pa a_m_i a_m_i-a _dn\" viewbox=\"0 0 40 40\"><use xlink:href=\"#svg-ampliar\"\/><\/svg><\/span><figcaption class=\"a_m_p\" aria-hidden=\"true\"><span>Un momento de la protesta celebrada en Lisboa, tras la violaci\u00f3n grupal de una menor y la puesta en libertad de los imputados por la agresi\u00f3n.<\/span><span class=\"a_m_m\">Filipe Amorim (Efe)<\/span><\/figcaption><\/figure>\n<p class=\"\">La decisi\u00f3n del juez, amparada en la petici\u00f3n de la Fiscal\u00eda, ha suscitado una oleada de protestas en Portugal. \u201cLa respuesta judicial transmite un peligroso mensaje de impunidad, minando la confianza en el sistema de justicia y perpetuando la cultura de violencia contra las mujeres y j\u00f3venes. La ineficacia de las medidas aplicadas se refleja en la conducta de los imputados que siguen usando las redes sociales atentando contra la dignidad de la v\u00edctima\u201d, se\u00f1alan en un comunicado de la Plataforma Portuguesa para los Derechos de las Mujeres.<\/p>\n<p class=\"\">Adem\u00e1s, se criticaba que no se actuase contra quienes hab\u00edan visto y compartido v\u00eddeos de la agresi\u00f3n y contra las plataformas digitales que permiten \u201cla libre circulaci\u00f3n de contenidos criminales y que, con frecuencia, los monetarizan\u201d. La petici\u00f3n para prohibir el acceso de los imputados a las redes y la imposici\u00f3n de medidas cautelares que protejan a la v\u00edctima hab\u00eda sido apoyada, hasta esta semana, por 151 colectivos y m\u00e1s de 7.000 personas.<\/p>\n<p class=\"\">\u201cSer\u00eda importante agravar las penas y aplicar m\u00e1s medidas de coacci\u00f3n de prisi\u00f3n preventiva para evitar la continuaci\u00f3n de la divulgaci\u00f3n de la actividad delictiva en redes sociales\u201d, defiende por correo electr\u00f3nico Ana Pascoal, presidenta de la Asociaci\u00f3n de Mujeres contra la Violencia. Adem\u00e1s, reclama una mayor especializaci\u00f3n de los profesionales de la justicia implicados en los delitos de violencia sexual. <\/p>\n<h3 class=\"\">Protesta ante la Asamblea<\/h3>\n<p class=\"\">El pasado 5 de abril se celebr\u00f3 una concentraci\u00f3n ante la Asamblea de la Rep\u00fablica, en Lisboa, para protestar por el desarrollo judicial del caso. \u201cNo es no\u201d y \u201cViolaci\u00f3n no tiene perd\u00f3n\u201d fueron algunos de los lemas repetidos en el acto, al que acudieron algunas representantes de partidos de la izquierda.<\/p>\n<p class=\"\">En esa protesta, In\u00eas Sousa Real, diputada de Pessoas-Animais-Natureza (PAN), lament\u00f3 que el delito de violaci\u00f3n contin\u00fae tipificado como semip\u00fablico y limite la denuncia a la propia v\u00edctima. El C\u00f3digo Penal portugu\u00e9s permite la actuaci\u00f3n de oficio de cualquier entidad o la Fiscal\u00eda en el caso de menores, como ocurri\u00f3 en Loures, pero no cuando las agredidas son mayores de edad. La parlamentaria acus\u00f3 a los dos partidos mayoritarios, Partido Social Dem\u00f3crata (centro derecha) y Partido Socialista, de haber rechazado la reforma legal sobre la tipificaci\u00f3n del delito de violaci\u00f3n. \u201cEs el agresor el que tiene que avergonzarse, la verg\u00fcenza no puede estar del lado de la v\u00edctima\u201d, indic\u00f3 a la agencia Lusa.<\/p>\n<p class=\"\">Las mujeres con m\u00e1s de 18 a\u00f1os solo disponen de seis meses desde que sufren la violaci\u00f3n para denunciar los hechos ante los tribunales portugueses. Un plazo que, a juicio de la abogada Lara Roque Figueiredo, es \u201cmuy corto\u201d y no concede \u201ctiempo suficiente para que las v\u00edctimas decidan lo que quieren hacer\u201d. En Espa\u00f1a este plazo de denuncia antes de la prescripci\u00f3n oscila entre los cinco y los 15 a\u00f1os, seg\u00fan las circunstancias agravantes de la agresi\u00f3n sexual.<\/p>\n<p class=\"\">Lara Roque, que representa a varias mujeres que han denunciado abusos de diversa \u00edndole en el Centro de Estudios Sociales de Coimbra bajo la direcci\u00f3n del soci\u00f3logo Boaventura de Sousa Santos, defiende que estos delitos pasen a considerarse p\u00fablicos. \u201cEso permitir\u00eda que otras entidades tengan la oportunidad de denunciar lo ocurrido y dejar\u00eda de estar solo bajo la responsabilidad de la v\u00edctima. Ya vimos que este cambio fue positivo en los casos de violencia dom\u00e9stica\u201d.<\/p>\n<\/div>\n\n","protected":false},"excerpt":{"rendered":"<p>Los m\u00e9dicos del hospital Beatriz \u00c2ngelo, uno de los centros que atiende a la poblaci\u00f3n metropolitana de Lisboa, denunciaron el caso a la polic\u00eda. El pasado febrero, una adolescente de 16 a\u00f1os, acompa\u00f1ada de su madre, lleg\u00f3 al hospital para ser atendida. Explicaron que la menor hab\u00eda sido violada por j\u00f3venes que tienen cierta popularidad &hellip;<\/p>\n","protected":false},"author":1,"featured_media":24064,"comment_status":"open","ping_status":"open","sticky":false,"template":"","format":"standard","meta":{"fifu_image_url":"https:\/\/imagenes.elpais.com\/resizer\/v2\/ID24E2OFPJCZTLUSG2K5K2IWAU.jpg?auth=c5f1eef87c10b5e1c227998ccf50d259700a189144d15283b7b9ba3431911509&width=1200","fifu_image_alt":"","footnotes":""},"categories":[11],"tags":[],"class_list":["post-24063","post","type-post","status-publish","format-standard","has-post-thumbnail","","category-viaje"],"_links":{"self":[{"href":"https:\/\/noticiasveraces.com\/index.php?rest_route=\/wp\/v2\/posts\/24063","targetHints":{"allow":["GET"]}}],"collection":[{"href":"https:\/\/noticiasveraces.com\/index.php?rest_route=\/wp\/v2\/posts"}],"about":[{"href":"https:\/\/noticiasveraces.com\/index.php?rest_route=\/wp\/v2\/types\/post"}],"author":[{"embeddable":true,"href":"https:\/\/noticiasveraces.com\/index.php?rest_route=\/wp\/v2\/users\/1"}],"replies":[{"embeddable":true,"href":"https:\/\/noticiasveraces.com\/index.php?rest_route=%2Fwp%2Fv2%2Fcomments&post=24063"}],"version-history":[{"count":0,"href":"https:\/\/noticiasveraces.com\/index.php?rest_route=\/wp\/v2\/posts\/24063\/revisions"}],"wp:featuredmedia":[{"embeddable":true,"href":"https:\/\/noticiasveraces.com\/index.php?rest_route=\/wp\/v2\/media\/24064"}],"wp:attachment":[{"href":"https:\/\/noticiasveraces.com\/index.php?rest_route=%2Fwp%2Fv2%2Fmedia&parent=24063"}],"wp:term":[{"taxonomy":"category","embeddable":true,"href":"https:\/\/noticiasveraces.com\/index.php?rest_route=%2Fwp%2Fv2%2Fcategories&post=24063"},{"taxonomy":"post_tag","embeddable":true,"href":"https:\/\/noticiasveraces.com\/index.php?rest_route=%2Fwp%2Fv2%2Ftags&post=24063"}],"curies":[{"name":"wp","href":"https:\/\/api.w.org\/{rel}","templated":true}]}}