{"id":24049,"date":"2025-04-22T11:45:17","date_gmt":"2025-04-22T15:45:17","guid":{"rendered":"https:\/\/noticiasveraces.com\/?p=24049"},"modified":"2025-04-22T11:45:17","modified_gmt":"2025-04-22T15:45:17","slug":"ultimos-supervivientes-reviven-liberacion-de-sachsenhausen-dw-22-04-2025","status":"publish","type":"post","link":"https:\/\/noticiasveraces.com\/?p=24049","title":{"rendered":"\u00daltimos supervivientes reviven liberaci\u00f3n de Sachsenhausen \u2013 DW \u2013 22\/04\/2025"},"content":{"rendered":"<p> \n<\/p>\n<div>\n<p>Cuando los liberadores\u00a0llegaron al campo de concentraci\u00f3n de Sachsenhausen, se encontraron con unos 3.000 prisioneros, cuidadores y m\u00e9dicos. Sin embargo, para cerca de 300 prisioneros, la liberaci\u00f3n por parte de soldados polacos y sovi\u00e9ticos el 22 de abril de 1945 termin\u00f3 tr\u00e1gicamente: murieron poco despu\u00e9s como consecuencia del trato recibido por parte de los nazis.<\/p>\n<p>La evacuaci\u00f3n del campo de concentraci\u00f3n situado al norte de Berl\u00edn hab\u00eda comenzado el d\u00eda anterior. M\u00e1s de 30.000 prisioneros fueron enviados a las llamadas marchas de la muerte por los nazis en fuga, y varios miles no sobrevivieron a la prueba. En total, al menos 200.000 personas de unos 40 pa\u00edses fueron encarceladas en Sachsenhausen y numerosos subcampos entre 1936 y 1945.<\/p>\n<p>Al final de la Segunda Guerra Mundial, decenas de miles hab\u00edan muerto de hambre, enfermedades, abusos, experimentos m\u00e9dicos y trabajos forzados.<\/p>\n<figure class=\"placeholder-image master_landscape big\"><img data-format=\"MASTER_LANDSCAPE\" data-id=\"72202597\" data-url=\"https:\/\/static.dw.com\/image\/72202597_${formatId}.jpg\" data-aspect-ratio=\"16\/9\" alt=\"El centenario superviviente de Sachsenhausen, Mykola Urban.\" style=\"padding-bottom: 56.25%; height: 0; max-height: 0;\"\/><figcaption class=\"img-caption\">Mykola Urban, centenario superviviente de Sachsenhausen, participar\u00e1 en los actos conmemorativos previstos en Alemania 80 a\u00f1os despu\u00e9s de la liberaci\u00f3n del campo de concentraci\u00f3n donde pas\u00f3 varios a\u00f1os.<small class=\"copyright\">Im\u00e1genes: Aldo Ellena\/Freiburger Nachrichten<\/small><\/figcaption><\/figure>\n<h2>Para los supervivientes podr\u00eda ser su \u00faltimo regreso<\/h2>\n<p>Sachsenhausen ocupaba una posici\u00f3n especial como campo modelo y de entrenamiento en las inmediaciones de la capital del Reich. La administraci\u00f3n central de todo el sistema de campos de concentraci\u00f3n se encontraba all\u00ed desde 1938. Uno de los nazis m\u00e1s notorios de Sachsenhausen fue Rudolf H\u00f6\u00df, que m\u00e1s tarde fue comandante del campo de exterminio de Auschwitz.<\/p>\n<p><span data-slot-id=\"Article_InContent-1\" class=\"rich-text-ad\"\/><\/p>\n<p>Con motivo de la conmemoraci\u00f3n del 80 aniversario de la liberaci\u00f3n, seis supervivientes volver\u00e1n a Sachsenhausen: tres mujeres y tres hombres. Cinco de ellos son de Polonia.<\/p>\n<p>El ucraniano Mykola Urban naci\u00f3 en 1924 en Jarkiv y asistir\u00e1 por primera vez a un acto conmemorativo, viajando desde Suiza, donde fue evacuado tras el inicio de la guerra emprendida por\u00a0Rusia contra su pa\u00eds natal. Para Urban y los dem\u00e1s testigos, el inminente regreso a Sachsenhausen podr\u00eda ser su \u00faltima visita. Este pensamiento ha rondado la mente del director de la Fundaci\u00f3n Memorial de Brandeburgo, Axel Decroll. \u00abA menudo estaban (los supervivientes) a nuestro lado, como amigos paternales y maternales. Para nosotros es un punto de inflexi\u00f3n que estas personas ya casi no est\u00e9n\u00bb.<\/p>\n<figure class=\"placeholder-image master_landscape big\"><img data-format=\"MASTER_LANDSCAPE\" data-id=\"64491036\" data-url=\"https:\/\/static.dw.com\/image\/64491036_${formatId}.jpg\" data-aspect-ratio=\"16\/9\" alt=\"Placa conmemorativa de la marcha de la muerte de miles de prisioneros del campo de concentraci\u00f3n de Sachsenhausen.\" style=\"padding-bottom: 56.25%; height: 0; max-height: 0;\"\/><figcaption class=\"img-caption\">En muchos lugares al norte de Berl\u00edn hay placas conmemorativas de la marcha de la muerte de miles de prisioneros del campo de concentraci\u00f3n de Sachsenhausen.<small class=\"copyright\">Imagen: Bildagentur-online\/Joko\/picture alliance<\/small><\/figcaption><\/figure>\n<h2>Cr\u00edtica al debate sobre migraci\u00f3n y refugiados<\/h2>\n<p>Katrin Gr\u00fcber, nieta de un prisionero de este centro, es la presidenta de la Asociaci\u00f3n que promueve la memoria de lo ocurrido en Sachsenhausen. Ella destaca que cuando en los actos oficiales se cantan canciones escritas por los prisioneros, todos se conmueven. \u00abLos nazis convirtieron a los prisioneros en n\u00fameros, pero en todo momento fueron seres humanos. Y las canciones nos ayudan a visualizar a las personas\u00bb, afirma Katrin. Su abuelo Heinrich se opon\u00eda al r\u00e9gimen nacionalsocialista, fue enviado a Sachsenhausen en 1940 y m\u00e1s tarde al campo de concentraci\u00f3n de Dachau.<\/p>\n<p>En opini\u00f3n de Gr\u00fcber, no se puede sobrestimar el valor de lugares aut\u00e9nticos como Sachsenhausen: \u00abTransmiten conocimientos, categorizan destinos individuales. Y permiten que los visitantes se sientan tocados por el lugar\u00bb, afirma. Tambi\u00e9n piensa en el giro hacia la derecha en Alemania. \u00abPara m\u00ed, una de las lecciones de la historia es que no hay que marginar a las personas ni convertirlas en chivos expiatorios. Por eso me duele el debate actual sobre los refugiados\u00bb.<\/p>\n<p>A Axel Drecoll tambi\u00e9n le preocupa lo que ocurre en el plano pol\u00edtico. El director de la Fundaci\u00f3n Conmemorativa de Brandeburgo afirma que esta es otra de las razones por las que nos enfrentamos a grandes desaf\u00edos. Como gesto, prohibir\u00e1 a la AfD depositar coronas de flores en los actos conmemorativos de la liberaci\u00f3n de Sachsenhausen.<\/p>\n<p>Mientras tanto, Drecoll mira m\u00e1s all\u00e1 de la conmemoraci\u00f3n de la liberaci\u00f3n de los campos de concentraci\u00f3n en abril de 1945. Ese mismo a\u00f1o, Sachsenhausen fue utilizado como campo especial por la Uni\u00f3n Sovi\u00e9tica. Al criminal r\u00e9gimen nazi sigui\u00f3 el reino del terror comunista. Alrededor de 60.000 personas fueron encarceladas hasta la disoluci\u00f3n del campo sucesor en 1950. La mayor\u00eda eran nazis, pero tambi\u00e9n opositores a los nuevos gobernantes y personas detenidas por motivos arbitrarios. Alrededor de 12.000 de ellas murieron de hambre y enfermedades. Este cap\u00edtulo de la historia de Sachsenhausen tambi\u00e9n se conmemorar\u00e1 a principios de septiembre.<\/p>\n<p>(MN\/ER)<\/p>\n<\/div>\n\n","protected":false},"excerpt":{"rendered":"<p>Cuando los liberadores\u00a0llegaron al campo de concentraci\u00f3n de Sachsenhausen, se encontraron con unos 3.000 prisioneros, cuidadores y m\u00e9dicos. Sin embargo, para cerca de 300 prisioneros, la liberaci\u00f3n por parte de soldados polacos y sovi\u00e9ticos el 22 de abril de 1945 termin\u00f3 tr\u00e1gicamente: murieron poco despu\u00e9s como consecuencia del trato recibido por parte de los nazis. &hellip;<\/p>\n","protected":false},"author":1,"featured_media":24050,"comment_status":"open","ping_status":"open","sticky":false,"template":"","format":"standard","meta":{"fifu_image_url":"https:\/\/static.dw.com\/image\/58720165_6.jpg","fifu_image_alt":"","footnotes":""},"categories":[13],"tags":[],"class_list":["post-24049","post","type-post","status-publish","format-standard","has-post-thumbnail","","category-mundo"],"_links":{"self":[{"href":"https:\/\/noticiasveraces.com\/index.php?rest_route=\/wp\/v2\/posts\/24049","targetHints":{"allow":["GET"]}}],"collection":[{"href":"https:\/\/noticiasveraces.com\/index.php?rest_route=\/wp\/v2\/posts"}],"about":[{"href":"https:\/\/noticiasveraces.com\/index.php?rest_route=\/wp\/v2\/types\/post"}],"author":[{"embeddable":true,"href":"https:\/\/noticiasveraces.com\/index.php?rest_route=\/wp\/v2\/users\/1"}],"replies":[{"embeddable":true,"href":"https:\/\/noticiasveraces.com\/index.php?rest_route=%2Fwp%2Fv2%2Fcomments&post=24049"}],"version-history":[{"count":0,"href":"https:\/\/noticiasveraces.com\/index.php?rest_route=\/wp\/v2\/posts\/24049\/revisions"}],"wp:featuredmedia":[{"embeddable":true,"href":"https:\/\/noticiasveraces.com\/index.php?rest_route=\/wp\/v2\/media\/24050"}],"wp:attachment":[{"href":"https:\/\/noticiasveraces.com\/index.php?rest_route=%2Fwp%2Fv2%2Fmedia&parent=24049"}],"wp:term":[{"taxonomy":"category","embeddable":true,"href":"https:\/\/noticiasveraces.com\/index.php?rest_route=%2Fwp%2Fv2%2Fcategories&post=24049"},{"taxonomy":"post_tag","embeddable":true,"href":"https:\/\/noticiasveraces.com\/index.php?rest_route=%2Fwp%2Fv2%2Ftags&post=24049"}],"curies":[{"name":"wp","href":"https:\/\/api.w.org\/{rel}","templated":true}]}}