{"id":24034,"date":"2025-04-22T08:42:31","date_gmt":"2025-04-22T12:42:31","guid":{"rendered":"https:\/\/noticiasveraces.com\/?p=24034"},"modified":"2025-04-22T08:42:31","modified_gmt":"2025-04-22T12:42:31","slug":"la-muerte-del-papa-francisco-renueva-el-enfoque-en-las-figuras-mas-poderosas-de-la-iglesia","status":"publish","type":"post","link":"https:\/\/noticiasveraces.com\/?p=24034","title":{"rendered":"La muerte del Papa Francisco renueva el enfoque en las figuras m\u00e1s poderosas de la iglesia"},"content":{"rendered":"<p> \n<\/p>\n<div>\n<p class=\"speakable\">Ha habido 266 l\u00edderes papales de la Iglesia Cat\u00f3lica desde la muerte de Jesucristo en los a\u00f1os 30 a trav\u00e9s del Papa Francisco, Jorge Mario Bergoglio, quien muri\u00f3 el lunes de Pascua a los 88.<\/p>\n<p class=\"speakable\">El Papa m\u00e1s destacado se considera San Pedro, el primer titular del t\u00edtulo.<\/p>\n<p>Cristo lo hab\u00eda nombrado obispo inaugural de Roma, y \u200b\u200bla Iglesia Papal, la Bas\u00edlica de San Pedro en la ciudad del Vaticano, se nombra en su honor.<\/p>\n<p>Los escritos de San Pedro a personas perseguidas en la regi\u00f3n de Asia Menor tambi\u00e9n est\u00e1n narradas en las ep\u00edstolas del Nuevo Testamento.<\/p>\n<div class=\"image-ct inline\">\n<div class=\"m\"><picture><source media=\"(max-width: 767px)\" srcset=\"https:\/\/a57.foxnews.com\/static.foxnews.com\/foxnews.com\/content\/uploads\/2025\/04\/343\/192\/pope-franicis-dead_012.jpg?ve=1&amp;tl=1, https:\/\/a57.foxnews.com\/static.foxnews.com\/foxnews.com\/content\/uploads\/2025\/04\/686\/384\/pope-franicis-dead_012.jpg?ve=1&amp;tl=1 2x\" height=\"192\" width=\"343\"><source media=\"(min-width: 768px) and (max-width: 1023px)\" srcset=\"https:\/\/a57.foxnews.com\/static.foxnews.com\/foxnews.com\/content\/uploads\/2025\/04\/672\/378\/pope-franicis-dead_012.jpg?ve=1&amp;tl=1, https:\/\/a57.foxnews.com\/static.foxnews.com\/foxnews.com\/content\/uploads\/2025\/04\/1344\/756\/pope-franicis-dead_012.jpg?ve=1&amp;tl=1 2x\" height=\"378\" width=\"672\"><source media=\"(min-width: 1024px) and (max-width: 1279px)\" srcset=\"https:\/\/a57.foxnews.com\/static.foxnews.com\/foxnews.com\/content\/uploads\/2025\/04\/931\/523\/pope-franicis-dead_012.jpg?ve=1&amp;tl=1, https:\/\/a57.foxnews.com\/static.foxnews.com\/foxnews.com\/content\/uploads\/2025\/04\/1862\/1046\/pope-franicis-dead_012.jpg?ve=1&amp;tl=1 2x\" height=\"523\" width=\"931\"><source media=\"(min-width: 1280px)\" srcset=\"https:\/\/a57.foxnews.com\/static.foxnews.com\/foxnews.com\/content\/uploads\/2025\/04\/720\/405\/pope-franicis-dead_012.jpg?ve=1&amp;tl=1, https:\/\/a57.foxnews.com\/static.foxnews.com\/foxnews.com\/content\/uploads\/2025\/04\/1440\/810\/pope-franicis-dead_012.jpg?ve=1&amp;tl=1 2x\" height=\"405\" width=\"720\"><img loading=\"lazy\" decoding=\"async\" src=\"https:\/\/a57.foxnews.com\/static.foxnews.com\/foxnews.com\/content\/uploads\/2025\/04\/1200\/675\/pope-franicis-dead_012.jpg?ve=1&amp;tl=1\" alt=\"El Papa Francisco muere a los 88 a\u00f1os\" width=\"1200\" height=\"675\"\/><\/source><\/source><\/source><\/source><\/picture><\/div>\n<div class=\"info\">\n<div class=\"caption\">\n<p><span>El Papa Francisco aparece en el albergue central de la Bas\u00edlica de San Pedro para otorgar la bendici\u00f3n Urbi et Orbi al final de la misa de Pascua presidida por el cardenal Angelo Comastri en la Plaza de San Pedro en el Vaticano el domingo 20 de abril de 2025.<\/span> <span>(Gregorio Borgia\/AP)<\/span><\/p>\n<\/div>\n<\/div>\n<\/div>\n<p><strong>PM italiano Meloni visita al Papa Francisco<\/strong><\/p>\n<p>Seg\u00fan los informes, Peter muri\u00f3 alrededor de 64 a\u00f1os y fue sucedido por el Papa Linus.<\/p>\n<p>En la actualidad, existe un amplio acuerdo en todo el mundo cat\u00f3lico de que uno de los papas m\u00e1s recientes, Juan Pablo II, merece estar en consideraci\u00f3n como el pont\u00edfice m\u00e1s influyente.<\/p>\n<p>Juan Pablo II tambi\u00e9n fue el primer papa no italiano desde el Papa Adrian en el siglo XVI. Nacido Karol Wojtyla en Polonia, las largas tres d\u00e9cadas de John Paul en el Vaticano estuvieron marcadas con situaciones muy prominentes para la Iglesia Cat\u00f3lica.<\/p>\n<p>Juan Pablo II supervis\u00f3 el movimiento en la era digital, pero continu\u00f3 siendo un escritor prol\u00edfico.<\/p>\n<p>Revis\u00f3 las leyes Canon para la Iglesia, escribi\u00f3 m\u00e1s de una docena de enc\u00edclicas, exhortaciones apost\u00f3licas, casi 50 cartas apost\u00f3licas y varios libros, seg\u00fan lo relacionado por el padre William Saunders en su catalogaci\u00f3n de \u00abgrandes\u00bb papas.<\/p>\n<p>Si bien el Papa Juan Pablo II no ha sido denominado oficialmente John Paul el Grande, existe un amplio consenso de que alg\u00fan d\u00eda lo ser\u00e1.<\/p>\n<p><strong>M\u00e1s sobre la condici\u00f3n m\u00e9dica del Papa Francisco<\/strong><\/p>\n<p>Juan Pablo celebr\u00f3 notablemente una misa rezando por el perd\u00f3n de Dios por los pecados pasados \u200b\u200bde la Iglesia Cat\u00f3lica y realiz\u00f3 m\u00e1s de 100 visitas estatales, que inclu\u00edan comprometerse con no cristianos, Saunders escribi\u00f3 en respuestas cat\u00f3licas.<\/p>\n<p>Una de esas visitas cont\u00f3 con el Papa que ofrec\u00eda misa a 80,000 personas en el Yankees Stadium en el Bronx, Nueva York en 1979.<\/p>\n<p>Solo unos pocos papas, Leo I, Gregory I y Nicholas I, han recibido al apodo \u00abel Grande\u00bb.<\/p>\n<p>En los a\u00f1os 400, el Papa Leo se reuni\u00f3 con Attila the Hun y evit\u00f3 un asedio de Roma, aunque los v\u00e1ndalos lo tomaron m\u00e1s tarde.<\/p>\n<p>El Papa Gregorio I fue el l\u00edder cat\u00f3lico que en los a\u00f1os 500 estiliz\u00f3 el \u00abcanto gregoriano\u00bb, una tradici\u00f3n que todav\u00eda est\u00e1 presente en muchas iglesias cat\u00f3licas hoy.<\/p>\n<p>Nacido rico, Gregory, m\u00e1s tarde renunci\u00e9 a sus riquezas y me mud\u00e9 a un monasterio y ayud\u00e9 a los pobres.<\/p>\n<p><strong>Flashback: Papa Juan Pablo II elegido<\/strong><\/p>\n<p>Gregory fue considerado el tesorero de Roma, seg\u00fan la Enciclopedia Britannica, que narra sus esfuerzos para evitar que los asedios de grupos como los lombardos.<\/p>\n<p>Tambi\u00e9n repar\u00f3 la infraestructura romana, solicit\u00f3 D\u00e9tente con los lombardos y los gauls y hizo cumplir las leyes gubernamentales con las que personalmente no estuvo de acuerdo y protest\u00f3, explicando que ten\u00eda su deber de obedecer [Emperor Maurice] mientras que no \u00abrestringir[ing] Lo que debe decirse en nombre de Dios \u00ab.<\/p>\n<p>El Papa Nicholas se convirti\u00f3 en pont\u00edfice a mediados de los a\u00f1os 800. Inst\u00f3 notablemente contra el intento de un rey a divorciarse de su esposa y casarse con otra mujer. Tambi\u00e9n cre\u00eda que la Santa Sede era el jefe de la Iglesia Cat\u00f3lica e inst\u00f3 a la \u00abSupremac\u00eda de Roma\u00bb, seg\u00fan la Enciclopedia Britannica.<\/p>\n<p>Es posible que otros papas no hayan sido aconsejados \u00abel Grande\u00bb, pero han tenido un impacto duradero en el mundo y la sociedad.<\/p>\n<p>Uno de esos pont\u00edfices era el Papa Gregorio XIII. <\/p>\n<div class=\"image-ct inline\">\n<div class=\"m\"><picture><source media=\"(max-width: 767px)\" srcset=\"https:\/\/a57.foxnews.com\/static.foxnews.com\/foxnews.com\/content\/uploads\/2025\/02\/343\/192\/pope-francis-world-leaders-celebrities_10.jpg?ve=1&amp;tl=1, https:\/\/a57.foxnews.com\/static.foxnews.com\/foxnews.com\/content\/uploads\/2025\/02\/686\/384\/pope-francis-world-leaders-celebrities_10.jpg?ve=1&amp;tl=1 2x\" height=\"192\" width=\"343\"><source media=\"(min-width: 768px) and (max-width: 1023px)\" srcset=\"https:\/\/a57.foxnews.com\/static.foxnews.com\/foxnews.com\/content\/uploads\/2025\/02\/672\/378\/pope-francis-world-leaders-celebrities_10.jpg?ve=1&amp;tl=1, https:\/\/a57.foxnews.com\/static.foxnews.com\/foxnews.com\/content\/uploads\/2025\/02\/1344\/756\/pope-francis-world-leaders-celebrities_10.jpg?ve=1&amp;tl=1 2x\" height=\"378\" width=\"672\"><source media=\"(min-width: 1024px) and (max-width: 1279px)\" srcset=\"https:\/\/a57.foxnews.com\/static.foxnews.com\/foxnews.com\/content\/uploads\/2025\/02\/931\/523\/pope-francis-world-leaders-celebrities_10.jpg?ve=1&amp;tl=1, https:\/\/a57.foxnews.com\/static.foxnews.com\/foxnews.com\/content\/uploads\/2025\/02\/1862\/1046\/pope-francis-world-leaders-celebrities_10.jpg?ve=1&amp;tl=1 2x\" height=\"523\" width=\"931\"><source media=\"(min-width: 1280px)\" srcset=\"https:\/\/a57.foxnews.com\/static.foxnews.com\/foxnews.com\/content\/uploads\/2025\/02\/720\/405\/pope-francis-world-leaders-celebrities_10.jpg?ve=1&amp;tl=1, https:\/\/a57.foxnews.com\/static.foxnews.com\/foxnews.com\/content\/uploads\/2025\/02\/1440\/810\/pope-francis-world-leaders-celebrities_10.jpg?ve=1&amp;tl=1 2x\" height=\"405\" width=\"720\"><img loading=\"lazy\" decoding=\"async\" src=\"https:\/\/a57.foxnews.com\/static.foxnews.com\/foxnews.com\/content\/uploads\/2025\/02\/1200\/675\/pope-francis-world-leaders-celebrities_10.jpg?ve=1&amp;tl=1\" alt=\"El Papa Francisco saluda a Donald Trump y Melania Trump\" width=\"1200\" height=\"675\"\/><\/source><\/source><\/source><\/source><\/picture><\/div>\n<div class=\"info\">\n<div class=\"caption\">\n<p><span>El Papa Francisco se encuentra con el presidente Donald Trump y la primera dama Melania Trump en el Palacio Apost\u00f3lico el 24 de mayo de 2017 en la ciudad del Vaticano.<\/span> <span>(Vatican Pool\/Getty Images)<\/span><\/p>\n<\/div>\n<\/div>\n<\/div>\n<p>Suponidos errores de c\u00e1lculo en el calendario juliano estimul\u00f3 a Gregory XIII para decidir un nuevo calendario en 1582, ya que el equinoccio de primavera hab\u00eda vuelto a principios de marzo en un lapso de 1,400 a\u00f1os.<\/p>\n<p>El 4 de octubre de 1582, Gregory XIII orden\u00f3 que se considerara el d\u00eda siguiente el 15 de octubre, no el 5 de octubre, por lo tanto, arreglando la discrepancia lunar. A finales del siglo XVI, la mayor\u00eda de las tierras occidentales hab\u00edan llegado a seguir el nuevo \u00abcalendario gregoriano\u00bb.<\/p>\n<p>Otro pont\u00edfice hist\u00f3ricamente influyente fue el Papa Inocente III. Alrededor de 1200, Innocent III lanz\u00f3 varias \u00abcruzadas\u00bb contra tierras controladas por musulmanes en lo que ahora es Francia, Espa\u00f1a y Portugal, as\u00ed como un esfuerzo por recuperar la tierra santa hist\u00f3rica cerca de Israel y Jordania de hoy.<\/p>\n<p>Tambi\u00e9n extendi\u00f3 su poder a los asuntos personales, ordenando al rey Philip de Francia que regrese a su esposa separada.<\/p>\n<p><strong>Haga clic aqu\u00ed para obtener la aplicaci\u00f3n Fox News<\/strong><\/p>\n<p>El Papa m\u00e1s reciente, Francis, fue considerado influyente porque era uno de los pocos que profundizar en la esfera pol\u00edtica que los pont\u00edfices pasados.<\/p>\n<p>En 2015, Francis public\u00f3 la primera enc\u00edclica papal en centrarse en el medio ambiente: Laudato SI.<\/p>\n<div class=\"image-ct inline\">\n<div class=\"m\"><picture><source media=\"(max-width: 767px)\" srcset=\"https:\/\/a57.foxnews.com\/static.foxnews.com\/foxnews.com\/content\/uploads\/2025\/04\/343\/192\/pope-franicis-dead_011.jpg?ve=1&amp;tl=1, https:\/\/a57.foxnews.com\/static.foxnews.com\/foxnews.com\/content\/uploads\/2025\/04\/686\/384\/pope-franicis-dead_011.jpg?ve=1&amp;tl=1 2x\" height=\"192\" width=\"343\"><source media=\"(min-width: 768px) and (max-width: 1023px)\" srcset=\"https:\/\/a57.foxnews.com\/static.foxnews.com\/foxnews.com\/content\/uploads\/2025\/04\/672\/378\/pope-franicis-dead_011.jpg?ve=1&amp;tl=1, https:\/\/a57.foxnews.com\/static.foxnews.com\/foxnews.com\/content\/uploads\/2025\/04\/1344\/756\/pope-franicis-dead_011.jpg?ve=1&amp;tl=1 2x\" height=\"378\" width=\"672\"><source media=\"(min-width: 1024px) and (max-width: 1279px)\" srcset=\"https:\/\/a57.foxnews.com\/static.foxnews.com\/foxnews.com\/content\/uploads\/2025\/04\/931\/523\/pope-franicis-dead_011.jpg?ve=1&amp;tl=1, https:\/\/a57.foxnews.com\/static.foxnews.com\/foxnews.com\/content\/uploads\/2025\/04\/1862\/1046\/pope-franicis-dead_011.jpg?ve=1&amp;tl=1 2x\" height=\"523\" width=\"931\"><source media=\"(min-width: 1280px)\" srcset=\"https:\/\/a57.foxnews.com\/static.foxnews.com\/foxnews.com\/content\/uploads\/2025\/04\/720\/405\/pope-franicis-dead_011.jpg?ve=1&amp;tl=1, https:\/\/a57.foxnews.com\/static.foxnews.com\/foxnews.com\/content\/uploads\/2025\/04\/1440\/810\/pope-franicis-dead_011.jpg?ve=1&amp;tl=1 2x\" height=\"405\" width=\"720\"><img loading=\"lazy\" decoding=\"async\" src=\"https:\/\/a57.foxnews.com\/static.foxnews.com\/foxnews.com\/content\/uploads\/2025\/04\/1200\/675\/pope-franicis-dead_011.jpg?ve=1&amp;tl=1\" alt=\"El Papa Francisco muere a los 88 a\u00f1os\" width=\"1200\" height=\"675\"\/><\/source><\/source><\/source><\/source><\/picture><\/div>\n<div class=\"info\">\n<div class=\"caption\">\n<p><span>El Papa Francisco recorre la Plaza de San Pedro en su Popemobile despu\u00e9s de la misa de Pascua en el Vaticano el domingo 20 de abril de 2025.<\/span> <span>(Andrew Medichini\/AP)<\/span><\/p>\n<\/div>\n<\/div>\n<\/div>\n<p>Entre sus repercusiones, ayud\u00f3 a presagiar la conferencia de cambio clim\u00e1tico de la ONU de ese a\u00f1o en Par\u00eds, lo que condujo a un tratado de calentamiento global entre 196 pa\u00edses, seg\u00fan Vatican News.<\/p>\n<p>Tambi\u00e9n era conocido por sus cr\u00edticas sobre el capitalismo de mercado occidental, una vez llamando a la \u00abb\u00fasqueda sin restricciones del dinero\u00bb el \u00abesti\u00e9rcol del diablo\u00bb durante un discurso.<\/p>\n<p> <!----> <\/p>\n<div class=\"article-meta\">\n<div class=\"author-bio\">\n<p>Charles Creitz es reportero de Fox News Digital. <\/p>\n<p>Se uni\u00f3 a Fox News en 2013 como escritor y asistente de producci\u00f3n. <\/p>\n<p>Charles cubre los medios, la pol\u00edtica y la cultura para Fox News Digital.<\/p>\n<p>Charles es nativo de Pensilvania y se gradu\u00f3 de la Universidad de Temple con una licenciatura en periodismo de transmisi\u00f3n. Los consejos de la historia se pueden enviar a Charles.creitz@fox.com.<\/p>\n<\/div>\n<\/div>\n<\/div>\n\n","protected":false},"excerpt":{"rendered":"<p>Ha habido 266 l\u00edderes papales de la Iglesia Cat\u00f3lica desde la muerte de Jesucristo en los a\u00f1os 30 a trav\u00e9s del Papa Francisco, Jorge Mario Bergoglio, quien muri\u00f3 el lunes de Pascua a los 88. El Papa m\u00e1s destacado se considera San Pedro, el primer titular del t\u00edtulo. Cristo lo hab\u00eda nombrado obispo inaugural de &hellip;<\/p>\n","protected":false},"author":1,"featured_media":24036,"comment_status":"open","ping_status":"open","sticky":false,"template":"","format":"standard","meta":{"fifu_image_url":"https:\/\/static.foxnews.com\/foxnews.com\/content\/uploads\/2025\/04\/pope-franicis-dead_012.jpg","fifu_image_alt":"","footnotes":""},"categories":[13],"tags":[],"class_list":["post-24034","post","type-post","status-publish","format-standard","has-post-thumbnail","","category-mundo"],"_links":{"self":[{"href":"https:\/\/noticiasveraces.com\/index.php?rest_route=\/wp\/v2\/posts\/24034","targetHints":{"allow":["GET"]}}],"collection":[{"href":"https:\/\/noticiasveraces.com\/index.php?rest_route=\/wp\/v2\/posts"}],"about":[{"href":"https:\/\/noticiasveraces.com\/index.php?rest_route=\/wp\/v2\/types\/post"}],"author":[{"embeddable":true,"href":"https:\/\/noticiasveraces.com\/index.php?rest_route=\/wp\/v2\/users\/1"}],"replies":[{"embeddable":true,"href":"https:\/\/noticiasveraces.com\/index.php?rest_route=%2Fwp%2Fv2%2Fcomments&post=24034"}],"version-history":[{"count":0,"href":"https:\/\/noticiasveraces.com\/index.php?rest_route=\/wp\/v2\/posts\/24034\/revisions"}],"wp:featuredmedia":[{"embeddable":true,"href":"https:\/\/noticiasveraces.com\/index.php?rest_route=\/wp\/v2\/media\/24036"}],"wp:attachment":[{"href":"https:\/\/noticiasveraces.com\/index.php?rest_route=%2Fwp%2Fv2%2Fmedia&parent=24034"}],"wp:term":[{"taxonomy":"category","embeddable":true,"href":"https:\/\/noticiasveraces.com\/index.php?rest_route=%2Fwp%2Fv2%2Fcategories&post=24034"},{"taxonomy":"post_tag","embeddable":true,"href":"https:\/\/noticiasveraces.com\/index.php?rest_route=%2Fwp%2Fv2%2Ftags&post=24034"}],"curies":[{"name":"wp","href":"https:\/\/api.w.org\/{rel}","templated":true}]}}