{"id":24031,"date":"2025-04-22T07:40:03","date_gmt":"2025-04-22T11:40:03","guid":{"rendered":"https:\/\/noticiasveraces.com\/?p=24031"},"modified":"2025-04-22T07:40:03","modified_gmt":"2025-04-22T11:40:03","slug":"primeras-fotos-lanzadas-del-papa-francisco-en-su-ataud-funeral-establecido-para-el-sabado","status":"publish","type":"post","link":"https:\/\/noticiasveraces.com\/?p=24031","title":{"rendered":"Primeras fotos lanzadas del Papa Francisco en su ata\u00fad; Funeral establecido para el s\u00e1bado"},"content":{"rendered":"<p> \n<\/p>\n<div>\n<p class=\"speakable\">Las primeras fotos del cuerpo del Papa Francisco desde su muerte se publicaron el martes, y su funeral ha sido programado para el s\u00e1bado por la ma\u00f1ana.<\/p>\n<p class=\"speakable\">Las im\u00e1genes mostraron a Francis acostado en un ata\u00fad de madera con vestimentas rojas y la ingle de su obispo, mientras se ve al Secretario de Estado del Vaticano rezando sobre \u00e9l en la capilla del Hotel Domus Santa Marta, donde viv\u00eda.<\/p>\n<p>Los Cardenales se reunieron por primera vez el martes en el Synod Hall del Vaticano para establecer los pr\u00f3ximos pasos antes de que un c\u00f3nclave comience a seleccionar el pr\u00f3ximo Papa. Los Cardenales establecieron el funeral para el s\u00e1bado a las 10 a.m. en St. Peter&#8217;s Square.<\/p>\n<p>Ser\u00e1 celebrado por el decano de la Facultad de Cardenales, el cardenal Giovanni Battista, y los fieles ordinarios pueden comenzar a pagar sus respetos finales a partir del mi\u00e9rcoles, cuando su ata\u00fad se lleva a la Bas\u00edlica de San Pedro.<\/p>\n<p><strong>Trump asistir\u00e1 al funeral del Papa Francisco en Roma a pesar del pasado pol\u00e9mico: \u00ab\u00a1Espero estar all\u00ed!\u00bb<\/strong><\/p>\n<div class=\"image-ct inline\">\n<div class=\"m\"><picture><source media=\"(max-width: 767px)\" srcset=\"https:\/\/a57.foxnews.com\/static.foxnews.com\/foxnews.com\/content\/uploads\/2025\/04\/343\/192\/untitled-1280-x-720-px-1280-x-720-px-18.jpg?ve=1&amp;tl=1, https:\/\/a57.foxnews.com\/static.foxnews.com\/foxnews.com\/content\/uploads\/2025\/04\/686\/384\/untitled-1280-x-720-px-1280-x-720-px-18.jpg?ve=1&amp;tl=1 2x\" height=\"192\" width=\"343\"><source media=\"(min-width: 768px) and (max-width: 1023px)\" srcset=\"https:\/\/a57.foxnews.com\/static.foxnews.com\/foxnews.com\/content\/uploads\/2025\/04\/672\/378\/untitled-1280-x-720-px-1280-x-720-px-18.jpg?ve=1&amp;tl=1, https:\/\/a57.foxnews.com\/static.foxnews.com\/foxnews.com\/content\/uploads\/2025\/04\/1344\/756\/untitled-1280-x-720-px-1280-x-720-px-18.jpg?ve=1&amp;tl=1 2x\" height=\"378\" width=\"672\"><source media=\"(min-width: 1024px) and (max-width: 1279px)\" srcset=\"https:\/\/a57.foxnews.com\/static.foxnews.com\/foxnews.com\/content\/uploads\/2025\/04\/931\/523\/untitled-1280-x-720-px-1280-x-720-px-18.jpg?ve=1&amp;tl=1, https:\/\/a57.foxnews.com\/static.foxnews.com\/foxnews.com\/content\/uploads\/2025\/04\/1862\/1046\/untitled-1280-x-720-px-1280-x-720-px-18.jpg?ve=1&amp;tl=1 2x\" height=\"523\" width=\"931\"><source media=\"(min-width: 1280px)\" srcset=\"https:\/\/a57.foxnews.com\/static.foxnews.com\/foxnews.com\/content\/uploads\/2025\/04\/720\/405\/untitled-1280-x-720-px-1280-x-720-px-18.jpg?ve=1&amp;tl=1, https:\/\/a57.foxnews.com\/static.foxnews.com\/foxnews.com\/content\/uploads\/2025\/04\/1440\/810\/untitled-1280-x-720-px-1280-x-720-px-18.jpg?ve=1&amp;tl=1 2x\" height=\"405\" width=\"720\"><img loading=\"lazy\" decoding=\"async\" src=\"https:\/\/a57.foxnews.com\/static.foxnews.com\/foxnews.com\/content\/uploads\/2025\/04\/1200\/675\/untitled-1280-x-720-px-1280-x-720-px-18.jpg?ve=1&amp;tl=1\" alt=\"El cuerpo del Papa Francisco yac\u00eda en estado en un ata\u00fad en el Vaticano\" width=\"1200\" height=\"675\"\/><\/source><\/source><\/source><\/source><\/picture><\/div>\n<div class=\"info\">\n<div class=\"caption\">\n<p><span>El Secretario de Estado del Vaticano, el cardenal Pietro Parolin reza durante el rito de certificaci\u00f3n de la muerte del Papa Francisco en la Capilla de Casa Santa Marta, el 21 de abril de 2025, en la ciudad del Vaticano, Vaticano.<\/span> <span>(Medios del Vaticano a trav\u00e9s de Vatican Pool\/Getty Images)<\/span><\/p>\n<\/div>\n<\/div>\n<\/div>\n<p>El presidente de los Estados Unidos, Donald Trump, dijo que \u00e9l y la primera dama Melania Trump planean asistir al funeral. Tambi\u00e9n se espera que el presidente argentino Javier Milei asista al funeral del pont\u00edfice, que naci\u00f3 en Argentina.<\/p>\n<p>Francis muri\u00f3 el lunes por la ma\u00f1ana a la edad de 88 a\u00f1os despu\u00e9s de sufrir un derrame cerebral que lo llev\u00f3 a coma y result\u00f3 en su insuficiencia card\u00edaca. Su muerte marc\u00f3 el final de su papado de 12 a\u00f1os como el Papa 266 y el l\u00edder espiritual del <u>Iglesia Cat\u00f3lica Romana<\/u>.<\/p>\n<p>El Papa, que sufr\u00eda de enfermedad pulmonar cr\u00f3nica y ten\u00eda parte de un pulm\u00f3n retirado cuando era m\u00e1s joven, pas\u00f3 38 d\u00edas en el Hospital Gemelli de Roma a partir del 14 de febrero para tratar una crisis respiratoria que se convirti\u00f3 en neumon\u00eda doble.<\/p>\n<div class=\"image-ct inline\">\n<div class=\"m\"><picture><source media=\"(max-width: 767px)\" srcset=\"https:\/\/a57.foxnews.com\/static.foxnews.com\/foxnews.com\/content\/uploads\/2025\/04\/343\/192\/untitled-1280-x-720-px-1280-x-720-px-23.jpg?ve=1&amp;tl=1, https:\/\/a57.foxnews.com\/static.foxnews.com\/foxnews.com\/content\/uploads\/2025\/04\/686\/384\/untitled-1280-x-720-px-1280-x-720-px-23.jpg?ve=1&amp;tl=1 2x\" height=\"192\" width=\"343\"><source media=\"(min-width: 768px) and (max-width: 1023px)\" srcset=\"https:\/\/a57.foxnews.com\/static.foxnews.com\/foxnews.com\/content\/uploads\/2025\/04\/672\/378\/untitled-1280-x-720-px-1280-x-720-px-23.jpg?ve=1&amp;tl=1, https:\/\/a57.foxnews.com\/static.foxnews.com\/foxnews.com\/content\/uploads\/2025\/04\/1344\/756\/untitled-1280-x-720-px-1280-x-720-px-23.jpg?ve=1&amp;tl=1 2x\" height=\"378\" width=\"672\"><source media=\"(min-width: 1024px) and (max-width: 1279px)\" srcset=\"https:\/\/a57.foxnews.com\/static.foxnews.com\/foxnews.com\/content\/uploads\/2025\/04\/931\/523\/untitled-1280-x-720-px-1280-x-720-px-23.jpg?ve=1&amp;tl=1, https:\/\/a57.foxnews.com\/static.foxnews.com\/foxnews.com\/content\/uploads\/2025\/04\/1862\/1046\/untitled-1280-x-720-px-1280-x-720-px-23.jpg?ve=1&amp;tl=1 2x\" height=\"523\" width=\"931\"><source media=\"(min-width: 1280px)\" srcset=\"https:\/\/a57.foxnews.com\/static.foxnews.com\/foxnews.com\/content\/uploads\/2025\/04\/720\/405\/untitled-1280-x-720-px-1280-x-720-px-23.jpg?ve=1&amp;tl=1, https:\/\/a57.foxnews.com\/static.foxnews.com\/foxnews.com\/content\/uploads\/2025\/04\/1440\/810\/untitled-1280-x-720-px-1280-x-720-px-23.jpg?ve=1&amp;tl=1 2x\" height=\"405\" width=\"720\"><img loading=\"lazy\" decoding=\"async\" src=\"https:\/\/a57.foxnews.com\/static.foxnews.com\/foxnews.com\/content\/uploads\/2025\/04\/1200\/675\/untitled-1280-x-720-px-1280-x-720-px-23.jpg?ve=1&amp;tl=1\" alt=\"El cuerpo del Papa Francisco \" width=\"1200\" height=\"675\"\/><\/source><\/source><\/source><\/source><\/picture><\/div>\n<div class=\"info\">\n<div class=\"caption\">\n<p><span>El cardenal Kevin Farrell (C), Camerlengo de la C\u00e1mara Apost\u00f3lica, preside el rito de certificaci\u00f3n de la muerte del Papa Francisco en la Capilla de Casa Santa Marta el 21 de abril de 2025 en la ciudad del Vaticano, Vaticano.<\/span> <span>(Medios del Vaticano a trav\u00e9s de Vatican Pool\/Getty Images)<\/span><\/p>\n<\/div>\n<\/div>\n<\/div>\n<p>Todav\u00eda se estaba recuperando cuando hizo su \u00faltima aparici\u00f3n p\u00fablica el domingo, entregando una bendici\u00f3n de Pascua y cu\u00e1l ser\u00eda su saludo final a los seguidores de su popemobile. El Papa tambi\u00e9n se reuni\u00f3 con el Vicepresidente de EE. UU. <u>JD Vance<\/u> el domingo de Pascua en la Casa Santa Marta.<\/p>\n<p>La aparici\u00f3n de Pascua de Francis se hizo en la misma logia, donde fue presentado al mundo como el primer Papa de las Am\u00e9ricas el 13 de marzo de 2013.<\/p>\n<p>\u00abSe entreg\u00f3 hasta el final\u00bb, dijo el cardenal Matteo Zuppi, jefe de la conferencia de obispos italianos y un posible contendiente para ser el pr\u00f3ximo Papa. \u00abSalir a conocer a todos, hablar con todos, ense\u00f1arnos a hablar con todos, a bendecir a todos\u00bb.<\/p>\n<p><strong>Empire State Building brilla en oro, blanco en memoria del Papa Francisco despu\u00e9s de la muerte de Pontiff<\/strong><\/p>\n<div class=\"image-ct inline\">\n<div class=\"m\"><picture><source media=\"(max-width: 767px)\" srcset=\"https:\/\/a57.foxnews.com\/static.foxnews.com\/foxnews.com\/content\/uploads\/2025\/04\/343\/192\/untitled-1280-x-720-px-1280-x-720-px-17.jpg?ve=1&amp;tl=1, https:\/\/a57.foxnews.com\/static.foxnews.com\/foxnews.com\/content\/uploads\/2025\/04\/686\/384\/untitled-1280-x-720-px-1280-x-720-px-17.jpg?ve=1&amp;tl=1 2x\" height=\"192\" width=\"343\"><source media=\"(min-width: 768px) and (max-width: 1023px)\" srcset=\"https:\/\/a57.foxnews.com\/static.foxnews.com\/foxnews.com\/content\/uploads\/2025\/04\/672\/378\/untitled-1280-x-720-px-1280-x-720-px-17.jpg?ve=1&amp;tl=1, https:\/\/a57.foxnews.com\/static.foxnews.com\/foxnews.com\/content\/uploads\/2025\/04\/1344\/756\/untitled-1280-x-720-px-1280-x-720-px-17.jpg?ve=1&amp;tl=1 2x\" height=\"378\" width=\"672\"><source media=\"(min-width: 1024px) and (max-width: 1279px)\" srcset=\"https:\/\/a57.foxnews.com\/static.foxnews.com\/foxnews.com\/content\/uploads\/2025\/04\/931\/523\/untitled-1280-x-720-px-1280-x-720-px-17.jpg?ve=1&amp;tl=1, https:\/\/a57.foxnews.com\/static.foxnews.com\/foxnews.com\/content\/uploads\/2025\/04\/1862\/1046\/untitled-1280-x-720-px-1280-x-720-px-17.jpg?ve=1&amp;tl=1 2x\" height=\"523\" width=\"931\"><source media=\"(min-width: 1280px)\" srcset=\"https:\/\/a57.foxnews.com\/static.foxnews.com\/foxnews.com\/content\/uploads\/2025\/04\/720\/405\/untitled-1280-x-720-px-1280-x-720-px-17.jpg?ve=1&amp;tl=1, https:\/\/a57.foxnews.com\/static.foxnews.com\/foxnews.com\/content\/uploads\/2025\/04\/1440\/810\/untitled-1280-x-720-px-1280-x-720-px-17.jpg?ve=1&amp;tl=1 2x\" height=\"405\" width=\"720\"><img loading=\"lazy\" decoding=\"async\" src=\"https:\/\/a57.foxnews.com\/static.foxnews.com\/foxnews.com\/content\/uploads\/2025\/04\/1200\/675\/untitled-1280-x-720-px-1280-x-720-px-17.jpg?ve=1&amp;tl=1\" alt=\"Primer plano de las manos del Papa Francisco mientras su cuerpo yac\u00eda en estado en un ata\u00fad en el Vaticano\" width=\"1200\" height=\"675\"\/><\/source><\/source><\/source><\/source><\/picture><\/div>\n<div class=\"info\">\n<div class=\"caption\">\n<p><span>El cuerpo del Papa Francisco (Detalle de manos) se encuentra en el estado en la Capilla de Casa Santa Marta durante el Rito de Certificaci\u00f3n de la Muerte presidida por el cardenal Kevin Farrell el 21 de abril de 2025, en la ciudad del Vaticano, Vaticano.<\/span> <span>(Medios del Vaticano a trav\u00e9s de Vatican Pool\/Getty Images)<\/span><\/p>\n<\/div>\n<\/div>\n<\/div>\n<p><strong><u>Haga clic aqu\u00ed para obtener la aplicaci\u00f3n Fox News<\/u><\/strong><\/p>\n<p>En su testamento final, Francis confirm\u00f3 que ser\u00eda enterrado en la Bas\u00edlica Mayor St. Mary, que se encuentra fuera del Vaticano y hogar de su \u00edcono favorito de la Virgen Mar\u00eda.<\/p>\n<p>Francis se detuvo en la Bas\u00edlica en su camino a casa desde el Hospital Gemelli el 23 de marzo, despu\u00e9s de la hospitalizaci\u00f3n m\u00e1s larga de su papado, para entregar flores para ser colocadas antes del \u00edcono. Regres\u00f3 el 12 de abril para rezar ante la Madonna por \u00faltima vez.<\/p>\n<p><i>Associated Press contribuy\u00f3 a este informe.<\/i><\/p>\n<p> <!----> <\/div>\n\n","protected":false},"excerpt":{"rendered":"<p>Las primeras fotos del cuerpo del Papa Francisco desde su muerte se publicaron el martes, y su funeral ha sido programado para el s\u00e1bado por la ma\u00f1ana. Las im\u00e1genes mostraron a Francis acostado en un ata\u00fad de madera con vestimentas rojas y la ingle de su obispo, mientras se ve al Secretario de Estado del &hellip;<\/p>\n","protected":false},"author":1,"featured_media":24033,"comment_status":"open","ping_status":"open","sticky":false,"template":"","format":"standard","meta":{"fifu_image_url":"https:\/\/static.foxnews.com\/foxnews.com\/content\/uploads\/2025\/04\/untitled-1280-x-720-px-1280-x-720-px-18.jpg","fifu_image_alt":"","footnotes":""},"categories":[13],"tags":[],"class_list":["post-24031","post","type-post","status-publish","format-standard","has-post-thumbnail","","category-mundo"],"_links":{"self":[{"href":"https:\/\/noticiasveraces.com\/index.php?rest_route=\/wp\/v2\/posts\/24031","targetHints":{"allow":["GET"]}}],"collection":[{"href":"https:\/\/noticiasveraces.com\/index.php?rest_route=\/wp\/v2\/posts"}],"about":[{"href":"https:\/\/noticiasveraces.com\/index.php?rest_route=\/wp\/v2\/types\/post"}],"author":[{"embeddable":true,"href":"https:\/\/noticiasveraces.com\/index.php?rest_route=\/wp\/v2\/users\/1"}],"replies":[{"embeddable":true,"href":"https:\/\/noticiasveraces.com\/index.php?rest_route=%2Fwp%2Fv2%2Fcomments&post=24031"}],"version-history":[{"count":0,"href":"https:\/\/noticiasveraces.com\/index.php?rest_route=\/wp\/v2\/posts\/24031\/revisions"}],"wp:featuredmedia":[{"embeddable":true,"href":"https:\/\/noticiasveraces.com\/index.php?rest_route=\/wp\/v2\/media\/24033"}],"wp:attachment":[{"href":"https:\/\/noticiasveraces.com\/index.php?rest_route=%2Fwp%2Fv2%2Fmedia&parent=24031"}],"wp:term":[{"taxonomy":"category","embeddable":true,"href":"https:\/\/noticiasveraces.com\/index.php?rest_route=%2Fwp%2Fv2%2Fcategories&post=24031"},{"taxonomy":"post_tag","embeddable":true,"href":"https:\/\/noticiasveraces.com\/index.php?rest_route=%2Fwp%2Fv2%2Ftags&post=24031"}],"curies":[{"name":"wp","href":"https:\/\/api.w.org\/{rel}","templated":true}]}}