{"id":24016,"date":"2025-04-22T06:39:13","date_gmt":"2025-04-22T10:39:13","guid":{"rendered":"https:\/\/noticiasveraces.com\/?p=24016"},"modified":"2025-04-22T06:39:13","modified_gmt":"2025-04-22T10:39:13","slug":"el-papa-francisco-expandio-el-alcance-de-la-iglesia-catolica-a-las-naciones-empobrecidas","status":"publish","type":"post","link":"https:\/\/noticiasveraces.com\/?p=24016","title":{"rendered":"El Papa Francisco expandi\u00f3 el alcance de la Iglesia Cat\u00f3lica a las naciones empobrecidas"},"content":{"rendered":"<p> \n<\/p>\n<div>\n<p class=\"speakable\">En el transcurso de sus 12 a\u00f1os como pont\u00edfice, el papado del Papa Francisco ha sido muy considerado como influyente y escrutado como modernizado y anti-tradicional.<\/p>\n<p class=\"speakable\">Dejando atr\u00e1s un legado de expansi\u00f3n, el Papa Francisco ministr\u00f3 para dar forma al futuro de la Iglesia Cat\u00f3lica y escalar su alcance m\u00e1s all\u00e1 de las \u00e1reas de enfoque tanto en los Estados Unidos como en Europa.<\/p>\n<p>\u00abSi piensas en c\u00f3mo se ha acercado a nombrar a los cardenales\u00bb, dijo Tim Gabrielli, profesor asociado y presidente de Gudorf en tradiciones intelectuales cat\u00f3licas en la Universidad de Dayton en Ohio, a Fox News Digital. \u00abHa sido muy intencional al respecto\u00bb.<\/p>\n<p><strong><u>El Papa Francisco revel\u00f3 deseos de entierro solo unos d\u00edas despu\u00e9s de convertirse en Pope en 2013<\/u><\/strong><\/p>\n<div class=\"image-ct inline\">\n<div class=\"m\"><picture><source media=\"(max-width: 767px)\" srcset=\"https:\/\/a57.foxnews.com\/static.foxnews.com\/foxnews.com\/content\/uploads\/2025\/02\/343\/192\/pope-francis-health-update_001-.jpg?ve=1&amp;tl=1, https:\/\/a57.foxnews.com\/static.foxnews.com\/foxnews.com\/content\/uploads\/2025\/02\/686\/384\/pope-francis-health-update_001-.jpg?ve=1&amp;tl=1 2x\" height=\"192\" width=\"343\"><source media=\"(min-width: 768px) and (max-width: 1023px)\" srcset=\"https:\/\/a57.foxnews.com\/static.foxnews.com\/foxnews.com\/content\/uploads\/2025\/02\/672\/378\/pope-francis-health-update_001-.jpg?ve=1&amp;tl=1, https:\/\/a57.foxnews.com\/static.foxnews.com\/foxnews.com\/content\/uploads\/2025\/02\/1344\/756\/pope-francis-health-update_001-.jpg?ve=1&amp;tl=1 2x\" height=\"378\" width=\"672\"><source media=\"(min-width: 1024px) and (max-width: 1279px)\" srcset=\"https:\/\/a57.foxnews.com\/static.foxnews.com\/foxnews.com\/content\/uploads\/2025\/02\/931\/523\/pope-francis-health-update_001-.jpg?ve=1&amp;tl=1, https:\/\/a57.foxnews.com\/static.foxnews.com\/foxnews.com\/content\/uploads\/2025\/02\/1862\/1046\/pope-francis-health-update_001-.jpg?ve=1&amp;tl=1 2x\" height=\"523\" width=\"931\"><source media=\"(min-width: 1280px)\" srcset=\"https:\/\/a57.foxnews.com\/static.foxnews.com\/foxnews.com\/content\/uploads\/2025\/02\/720\/405\/pope-francis-health-update_001-.jpg?ve=1&amp;tl=1, https:\/\/a57.foxnews.com\/static.foxnews.com\/foxnews.com\/content\/uploads\/2025\/02\/1440\/810\/pope-francis-health-update_001-.jpg?ve=1&amp;tl=1 2x\" height=\"405\" width=\"720\"><img loading=\"lazy\" decoding=\"async\" src=\"https:\/\/a57.foxnews.com\/static.foxnews.com\/foxnews.com\/content\/uploads\/2025\/02\/1200\/675\/pope-francis-health-update_001-.jpg?ve=1&amp;tl=1\" alt=\"Papa Francisco en mejor salud a principios de 2025\" width=\"1200\" height=\"675\"\/><\/source><\/source><\/source><\/source><\/picture><\/div>\n<div class=\"info\">\n<div class=\"caption\">\n<p><span>El Papa Francisco fue elegido Papa el 13 de marzo de 2013.<\/span> <span>(Filippo Monteforte\/AFP\/Getty)<\/span><\/p>\n<\/div>\n<\/div>\n<\/div>\n<p>El Papa Francisco cre\u00f3 cardenales de 24 naciones que nunca antes hab\u00edan tenido uno.<\/p>\n<p>\u00abEstaba llamando la atenci\u00f3n sobre los lugares que se pasan por alto\u00bb, dijo Gabrielli. \u00abEstaba diciendo: &#8216;La Iglesia tambi\u00e9n est\u00e1 aqu\u00ed, y la iglesia aqu\u00ed tiene una voz. A la Iglesia aqu\u00ed se le debe prestar atenci\u00f3n\u00bb.<\/p>\n<p>\u00abCreo que ha sido muy significativo\u00bb, agreg\u00f3.<\/p>\n<p>Gabrielli afirma que el Papa Francisco estaba jugando \u00abmucho tiempo\u00bb con la Iglesia Cat\u00f3lica al expandir su propio alcance geogr\u00e1fico m\u00e1s amplio.<\/p>\n<p>\u00abLa iglesia est\u00e1 creciendo m\u00e1s r\u00e1pidamente en \u00c1frica, y no pensamos tanto en eso en el hemisferio norte\u00bb, dijo. \u00abLos recursos para el futuro de la iglesia est\u00e1n en esos lugares\u00bb.<\/p>\n<p><strong><u>Te\u00f3logo sobre la precisi\u00f3n del \u00abc\u00f3nclave\u00bb, las expectativas para el pr\u00f3ximo evento secreto despu\u00e9s de la muerte del Papa Francisco<\/u><\/strong><\/p>\n<div class=\"image-ct inline\">\n<div class=\"m\"><picture><source media=\"(max-width: 767px)\" srcset=\"https:\/\/a57.foxnews.com\/static.foxnews.com\/foxnews.com\/content\/uploads\/2025\/02\/343\/192\/pope-mongolia.jpg?ve=1&amp;tl=1, https:\/\/a57.foxnews.com\/static.foxnews.com\/foxnews.com\/content\/uploads\/2025\/02\/686\/384\/pope-mongolia.jpg?ve=1&amp;tl=1 2x\" height=\"192\" width=\"343\"><source media=\"(min-width: 768px) and (max-width: 1023px)\" srcset=\"https:\/\/a57.foxnews.com\/static.foxnews.com\/foxnews.com\/content\/uploads\/2025\/02\/672\/378\/pope-mongolia.jpg?ve=1&amp;tl=1, https:\/\/a57.foxnews.com\/static.foxnews.com\/foxnews.com\/content\/uploads\/2025\/02\/1344\/756\/pope-mongolia.jpg?ve=1&amp;tl=1 2x\" height=\"378\" width=\"672\"><source media=\"(min-width: 1024px) and (max-width: 1279px)\" srcset=\"https:\/\/a57.foxnews.com\/static.foxnews.com\/foxnews.com\/content\/uploads\/2025\/02\/931\/523\/pope-mongolia.jpg?ve=1&amp;tl=1, https:\/\/a57.foxnews.com\/static.foxnews.com\/foxnews.com\/content\/uploads\/2025\/02\/1862\/1046\/pope-mongolia.jpg?ve=1&amp;tl=1 2x\" height=\"523\" width=\"931\"><source media=\"(min-width: 1280px)\" srcset=\"https:\/\/a57.foxnews.com\/static.foxnews.com\/foxnews.com\/content\/uploads\/2025\/02\/720\/405\/pope-mongolia.jpg?ve=1&amp;tl=1, https:\/\/a57.foxnews.com\/static.foxnews.com\/foxnews.com\/content\/uploads\/2025\/02\/1440\/810\/pope-mongolia.jpg?ve=1&amp;tl=1 2x\" height=\"405\" width=\"720\"><img loading=\"lazy\" decoding=\"async\" src=\"https:\/\/a57.foxnews.com\/static.foxnews.com\/foxnews.com\/content\/uploads\/2025\/02\/1200\/675\/pope-mongolia.jpg?ve=1&amp;tl=1\" alt=\"El Papa Francisco viaja a Mongolia\" width=\"1200\" height=\"675\"\/><\/source><\/source><\/source><\/source><\/picture><\/div>\n<div class=\"info\">\n<div class=\"caption\">\n<p><span>El Papa Francisco viaj\u00f3 a \u00e1reas del mundo donde los papas a menudo no visitaban.<\/span> <span>(Medios del Vaticano a trav\u00e9s de Vatican Pool\/Getty Images)<\/span><\/p>\n<\/div>\n<\/div>\n<\/div>\n<p>En 2017, el Papa Francisco convoc\u00f3 una asamblea sinodal, una reuni\u00f3n de obispos, para discutir la regi\u00f3n amaz\u00f3nica y el cambio clim\u00e1tico, que fue un foco durante su soberan\u00eda.<\/p>\n<p>\u00abMe parece como el Papa Francisco diciendo: &#8216;Hola, esta regi\u00f3n que se ve en gran medida como un supositorio de recursos, lo que sea que podamos explotar de esta gran regi\u00f3n exuberante, bueno, hay una iglesia que opera all\u00ed. Hay personas a las que no prestamos mucha atenci\u00f3n'\u00bb, dijo Gabrielli.<\/p>\n<p>\u00abEso est\u00e1 en sinton\u00eda con su \u00e9nfasis en la explotaci\u00f3n econ\u00f3mica\u00bb, agreg\u00f3.<\/p>\n<p>Gabrielli cree que las primeras palabras del Papa Francisco despu\u00e9s de su elecci\u00f3n habl\u00f3 con su misi\u00f3n m\u00e1s amplia como pont\u00edfice.<\/p>\n<p><strong><u>\u00bfCu\u00e1l es el c\u00f3nclave papal? Dentro del antiguo proceso de elecci\u00f3n del pr\u00f3ximo papa<\/u><\/strong><\/p>\n<div class=\"image-ct inline\">\n<div class=\"m\"><picture><source media=\"(max-width: 767px)\" srcset=\"https:\/\/static.foxnews.com\/foxnews.com\/content\/uploads\/2021\/12\/covid.gif, https:\/\/static.foxnews.com\/foxnews.com\/content\/uploads\/2021\/12\/covid.gif 2x\" height=\"192\" width=\"343\"><source media=\"(min-width: 768px) and (max-width: 1023px)\" srcset=\"https:\/\/static.foxnews.com\/foxnews.com\/content\/uploads\/2021\/12\/covid.gif, https:\/\/static.foxnews.com\/foxnews.com\/content\/uploads\/2021\/12\/covid.gif 2x\" height=\"378\" width=\"672\"><source media=\"(min-width: 1024px) and (max-width: 1279px)\" srcset=\"https:\/\/static.foxnews.com\/foxnews.com\/content\/uploads\/2021\/12\/covid.gif, https:\/\/static.foxnews.com\/foxnews.com\/content\/uploads\/2021\/12\/covid.gif 2x\" height=\"523\" width=\"931\"><source media=\"(min-width: 1280px)\" srcset=\"https:\/\/static.foxnews.com\/foxnews.com\/content\/uploads\/2021\/12\/covid.gif, https:\/\/static.foxnews.com\/foxnews.com\/content\/uploads\/2021\/12\/covid.gif 2x\" height=\"405\" width=\"720\"><img loading=\"lazy\" decoding=\"async\" src=\"https:\/\/static.foxnews.com\/foxnews.com\/content\/uploads\/2021\/12\/covid.gif\" alt=\"El Papa Francisco ofrece la bendici\u00f3n del d\u00eda de la Navidad Urbi et Orbi (lat\u00edn para 'a la ciudad y al mundo') Bendici\u00f3n del d\u00eda de Navidad del Balc\u00f3n principal de la Bas\u00edlica de San Pedro en el Vaticano, s\u00e1bado 25 de diciembre de 2021. (Photo\/Gregorio Borgia)\" width=\"2021\" height=\"12\"\/><\/source><\/source><\/source><\/source><\/picture><\/div>\n<div class=\"info\">\n<div class=\"caption\">\n<p><span>El Papa Francisco muri\u00f3 el 21 de abril de 2025.<\/span> <span>(Photo AP\/Gregorio Borgia)<\/span><\/p>\n<\/div>\n<\/div>\n<\/div>\n<p>\u00abHermanos y hermanas, buenas noches\u00bb, dijo el Papa Francisco en su discurso a Roma el 13 de marzo de 2013. \u00abSabes que el cargo del c\u00f3nclave era dar a un obispo de Roma. Parece que mis hermanos fueron al fin del mundo para elegirlo\u00bb.<\/p>\n<p>El Papa Francisco, nacido Jorge Mario Bergoglio, fue el primer papa en la historia del sur global, proveniente de Argentina.<\/p>\n<p>Gabrielli dijo que sus comentarios, junto con la meticulosa expansi\u00f3n de los cardenales, reflejan la visi\u00f3n del Papa Francisco de la Iglesia en cada lugar.<\/p>\n<p><strong><u>Haga clic aqu\u00ed para llegar a la aplicaci\u00f3n Fox News<\/u><\/strong><\/p>\n<p>\u00abLa iglesia en los Estados Unidos ha tenido una forma extra\u00f1a de pensar en s\u00ed misma como algo excepcional\u00bb, dijo Gabrielli.<\/p>\n<p>Destacando un nuevo enfoque en regiones a menudo consideradas \u00abpa\u00edses elevados\u00bb, Gabrielli dijo que los cat\u00f3licos y los no cat\u00f3licos ver\u00e1n el impacto del Papa Francisco a trav\u00e9s de su sucesor.<\/p>\n<p>\u00abEste impulso para internacionalizar al Cardenal o para visitar lugares que el Papa normalmente no visitar\u00eda es plantar semillas all\u00ed que con el tiempo conducir\u00e1n a un sentido m\u00e1s profundo de la Iglesia Internacional\u00bb, dijo Gabrielli.<\/p>\n<p> <!----> <\/p>\n<div class=\"article-meta\">\n<div class=\"author-bio\">\n<p>Gabriele Regalbuto es editor senior de SEO en Fox News Digital. Gabriele tiene un t\u00edtulo de periodismo y comunicaciones de la Universidad de West Virginia. Ha trabajado para producir contenido para peri\u00f3dicos, revistas y plataformas digitales. En Fox, ha ayudado en la cobertura de eventos de noticias de \u00faltima hora, incluido el ciclo presidencial de 2024, las elecciones de mitad de per\u00edodo de 2022, la muerte de la reina Isabel II, la guerra en curso entre Rusia y Ucrania.<\/p>\n<\/div>\n<\/div>\n<\/div>\n\n","protected":false},"excerpt":{"rendered":"<p>En el transcurso de sus 12 a\u00f1os como pont\u00edfice, el papado del Papa Francisco ha sido muy considerado como influyente y escrutado como modernizado y anti-tradicional. Dejando atr\u00e1s un legado de expansi\u00f3n, el Papa Francisco ministr\u00f3 para dar forma al futuro de la Iglesia Cat\u00f3lica y escalar su alcance m\u00e1s all\u00e1 de las \u00e1reas de &hellip;<\/p>\n","protected":false},"author":1,"featured_media":24018,"comment_status":"open","ping_status":"open","sticky":false,"template":"","format":"standard","meta":{"fifu_image_url":"https:\/\/static.foxnews.com\/foxnews.com\/content\/uploads\/2025\/02\/pope-francis-health-update_001-.jpg","fifu_image_alt":"","footnotes":""},"categories":[13],"tags":[],"class_list":["post-24016","post","type-post","status-publish","format-standard","has-post-thumbnail","","category-mundo"],"_links":{"self":[{"href":"https:\/\/noticiasveraces.com\/index.php?rest_route=\/wp\/v2\/posts\/24016","targetHints":{"allow":["GET"]}}],"collection":[{"href":"https:\/\/noticiasveraces.com\/index.php?rest_route=\/wp\/v2\/posts"}],"about":[{"href":"https:\/\/noticiasveraces.com\/index.php?rest_route=\/wp\/v2\/types\/post"}],"author":[{"embeddable":true,"href":"https:\/\/noticiasveraces.com\/index.php?rest_route=\/wp\/v2\/users\/1"}],"replies":[{"embeddable":true,"href":"https:\/\/noticiasveraces.com\/index.php?rest_route=%2Fwp%2Fv2%2Fcomments&post=24016"}],"version-history":[{"count":0,"href":"https:\/\/noticiasveraces.com\/index.php?rest_route=\/wp\/v2\/posts\/24016\/revisions"}],"wp:featuredmedia":[{"embeddable":true,"href":"https:\/\/noticiasveraces.com\/index.php?rest_route=\/wp\/v2\/media\/24018"}],"wp:attachment":[{"href":"https:\/\/noticiasveraces.com\/index.php?rest_route=%2Fwp%2Fv2%2Fmedia&parent=24016"}],"wp:term":[{"taxonomy":"category","embeddable":true,"href":"https:\/\/noticiasveraces.com\/index.php?rest_route=%2Fwp%2Fv2%2Fcategories&post=24016"},{"taxonomy":"post_tag","embeddable":true,"href":"https:\/\/noticiasveraces.com\/index.php?rest_route=%2Fwp%2Fv2%2Ftags&post=24016"}],"curies":[{"name":"wp","href":"https:\/\/api.w.org\/{rel}","templated":true}]}}