{"id":24004,"date":"2025-04-22T04:37:15","date_gmt":"2025-04-22T08:37:15","guid":{"rendered":"https:\/\/noticiasveraces.com\/?p=24004"},"modified":"2025-04-22T04:37:15","modified_gmt":"2025-04-22T08:37:15","slug":"ven-la-luz-las-primeras-imagenes-de-francisco-fallecido-dw-22-04-2025","status":"publish","type":"post","link":"https:\/\/noticiasveraces.com\/?p=24004","title":{"rendered":"Ven la luz las primeras im\u00e1genes de Francisco fallecido \u2013 DW \u2013 22\/04\/2025"},"content":{"rendered":"<p> \n<\/p>\n<div>\n<p>El Vaticano ha publicado las primeras im\u00e1genes del cuerpo sin vida del papa Francisco. Las instant\u00e1neas, tomadas el mismo d\u00eda de su deceso, muestran al primer papa latinoamericano dentro de su f\u00e9retro, en la capilla de la residencia de Santa Marta, ataviado con una casulla roja y mitra blanca, sosteniendo un rosario entre las manos. Dos guardias suizos lo escoltan.<\/p>\n<p>La Santa Sede debe anunciar este martes (22.4.2025) la fecha del funeral del jesuita argentino.\u00a0\u00a0En virtud de las reglas de la Santa Sede, el entierro del l\u00edder espiritual de 1.400 millones de cat\u00f3licos en el mundo deber\u00e1 tener lugar entre viernes y domingo. Seg\u00fan la prensa italiana, se espera la asistencia de medio mill\u00f3n de fieles.<\/p>\n<h2>Confirmados Trump, Zelenski y Macron<\/h2>\n<p>Como en 2005, cuando falleci\u00f3 Juan Pablo II, tambi\u00e9n acudir\u00e1n jefes de Estado y monarcas de todo el mundo. El presidente estadounidense, Donald Trump, confirm\u00f3 su asistencia, al igual que su par franc\u00e9s, Emmanuel Macron, y el ucraniano, Volodimir Zelenski.<\/p>\n<figure class=\"placeholder-image master_landscape big\"><img data-format=\"MASTER_LANDSCAPE\" data-id=\"72306631\" data-url=\"https:\/\/static.dw.com\/image\/72306631_${formatId}.jpg\" data-aspect-ratio=\"16\/9\" alt=\"Dos guardias suizos escoltan el f\u00e9retro de Francisco. \" style=\"padding-bottom: 56.25%; height: 0; max-height: 0;\"\/><figcaption class=\"img-caption\">Dos guardias suizos escoltan el f\u00e9retro de Francisco. <small class=\"copyright\">Imagen: Simone Resoluti\/Vatican Media\/Folleting a trav\u00e9s de Reuters<\/small><\/figcaption><\/figure>\n<p>\u00ab\u00a1Estamos deseando estar all\u00ed!\u00bb, asegur\u00f3 el lunes Trump, que acudir\u00e1 junto a su esposa Melania. A la espera de la fecha, algunos detalles del funeral ya se conocen.<\/p>\n<p>A diferencia de sus inmediatos predecesores, Jorge Mario Bergoglio escogi\u00f3 que la bas\u00edlica de Santa Mar\u00eda la Mayor de Roma acoja sus restos mortales para la eternidad en una sepultura \u00absencilla\u00bb, donde la \u00fanica inscripci\u00f3n sea \u00abFranciscus\u00bb, su nombre de papa en lat\u00edn. Pero antes, los fieles podr\u00e1n contemplar su ata\u00fad de madera y zinc en la bas\u00edlica vaticana de San Pedro, adonde ser\u00e1 trasladado el mi\u00e9rcoles desde la Residencia de Santa Marta en la que falleci\u00f3.<\/p>\n<p>MS (AFP\/EFE)<\/p>\n<\/p>\n<\/div>\n\n","protected":false},"excerpt":{"rendered":"<p>El Vaticano ha publicado las primeras im\u00e1genes del cuerpo sin vida del papa Francisco. Las instant\u00e1neas, tomadas el mismo d\u00eda de su deceso, muestran al primer papa latinoamericano dentro de su f\u00e9retro, en la capilla de la residencia de Santa Marta, ataviado con una casulla roja y mitra blanca, sosteniendo un rosario entre las manos. &hellip;<\/p>\n","protected":false},"author":1,"featured_media":24005,"comment_status":"open","ping_status":"open","sticky":false,"template":"","format":"standard","meta":{"fifu_image_url":"https:\/\/static.dw.com\/image\/72306599_6.jpg","fifu_image_alt":"","footnotes":""},"categories":[13],"tags":[],"class_list":["post-24004","post","type-post","status-publish","format-standard","has-post-thumbnail","","category-mundo"],"_links":{"self":[{"href":"https:\/\/noticiasveraces.com\/index.php?rest_route=\/wp\/v2\/posts\/24004","targetHints":{"allow":["GET"]}}],"collection":[{"href":"https:\/\/noticiasveraces.com\/index.php?rest_route=\/wp\/v2\/posts"}],"about":[{"href":"https:\/\/noticiasveraces.com\/index.php?rest_route=\/wp\/v2\/types\/post"}],"author":[{"embeddable":true,"href":"https:\/\/noticiasveraces.com\/index.php?rest_route=\/wp\/v2\/users\/1"}],"replies":[{"embeddable":true,"href":"https:\/\/noticiasveraces.com\/index.php?rest_route=%2Fwp%2Fv2%2Fcomments&post=24004"}],"version-history":[{"count":0,"href":"https:\/\/noticiasveraces.com\/index.php?rest_route=\/wp\/v2\/posts\/24004\/revisions"}],"wp:featuredmedia":[{"embeddable":true,"href":"https:\/\/noticiasveraces.com\/index.php?rest_route=\/wp\/v2\/media\/24005"}],"wp:attachment":[{"href":"https:\/\/noticiasveraces.com\/index.php?rest_route=%2Fwp%2Fv2%2Fmedia&parent=24004"}],"wp:term":[{"taxonomy":"category","embeddable":true,"href":"https:\/\/noticiasveraces.com\/index.php?rest_route=%2Fwp%2Fv2%2Fcategories&post=24004"},{"taxonomy":"post_tag","embeddable":true,"href":"https:\/\/noticiasveraces.com\/index.php?rest_route=%2Fwp%2Fv2%2Ftags&post=24004"}],"curies":[{"name":"wp","href":"https:\/\/api.w.org\/{rel}","templated":true}]}}