{"id":24001,"date":"2025-04-22T03:39:46","date_gmt":"2025-04-22T07:39:46","guid":{"rendered":"https:\/\/noticiasveraces.com\/?p=24001"},"modified":"2025-04-22T03:39:46","modified_gmt":"2025-04-22T07:39:46","slug":"lionel-messi-le-rindio-homenaje-al-papa-francisco-tras-su-muerte","status":"publish","type":"post","link":"https:\/\/noticiasveraces.com\/?p=24001","title":{"rendered":"Lionel Messi le rindi\u00f3 homenaje al papa Francisco tras su muerte"},"content":{"rendered":"<p> \n<br \/><img decoding=\"async\" src=\"https:\/\/www.futbolred.com\/files\/article_graphic\/files\/crop\/uploads\/2018\/02\/08\/5a7c7b3904cde.r_89274.0-0-800-400.jpeg\" \/><\/p>\n<header>\n<h3>\n<p>                Curiosidades de f\u00fatbol<br \/>\n            <\/h3>\n<h1>\n<p>            Lionel Messi le rindi\u00f3 homenaje al papa Francisco tras su muerte<br \/>\n        <\/h1>\n<address>\n            <a>Andres Rocha Florez<br \/>\n        <\/address>\n<p>            21 de abril 2025 , 04:54 p.\u00a0m.<\/p>\n<\/header>\n<p>El astro argentino dio a conocer su reacci\u00f3n tras el fallecimiento del religioso.<\/p>\n<p>El papa Francisco falleci\u00f3 este lunes 21 de abril de 2025 y el mundo del f\u00fatbol se sinti\u00f3 tras esta noticia, pues la relaci\u00f3n del religioso argentino con equipos, futbolistas y deportistas de otras disciplinas fue amena desde que asumi\u00f3 el cargo en el Vaticano.<\/p>\n<p>Uno de los que se sum\u00f3 a la partida de Jorge Bergoglio fue el astro argentino, Lionel Messi, quien no dej\u00f3 pasar la oportunidad para recordar a su compatriota, describi\u00e9ndolo como un \u201cpapa distinto\u201d.<\/p>\n<p>A trav\u00e9s de una historia en su red social de Instagram Messi dej\u00f3 el mensaje en homenaje al papa Francisco y comparti\u00f3 una fotograf\u00eda de la vez que lo visit\u00f3. <\/p>\n<p>\u201cUn Papa distinto, cercano, argentino&#8230; QEPD Papa Francisco. Gracias por hacer del mundo un lugar mejor. Te vamos a extra\u00f1ar\u00bb, dijo Messi.<\/p>\n<h2>La vez que Messi visit\u00f3 al papa Francisco<\/h2>\n<p>Cabe recordar que Lionel Messi tuvo ese reencuentro con el Sumo Pont\u00edfice en v\u00edsperas de  un amistoso entre Argentina e Italia, donde las dos delegaciones estuvieron en el Vaticano visitando al religioso.<\/p>\n<p>All\u00ed en la Santa Sede estuvo para la fotograf\u00eda el exarquero Gianluigi Buff\u00f3n y Lionel Messi, en el que se le vio bastante emocionado al astro argentino por conocer a su santidad.<\/p>\n\n","protected":false},"excerpt":{"rendered":"<p>Curiosidades de f\u00fatbol Lionel Messi le rindi\u00f3 homenaje al papa Francisco tras su muerte Andres Rocha Florez 21 de abril 2025 , 04:54 p.\u00a0m. El astro argentino dio a conocer su reacci\u00f3n tras el fallecimiento del religioso. El papa Francisco falleci\u00f3 este lunes 21 de abril de 2025 y el mundo del f\u00fatbol se sinti\u00f3 &hellip;<\/p>\n","protected":false},"author":1,"featured_media":24003,"comment_status":"open","ping_status":"open","sticky":false,"template":"","format":"standard","meta":{"fifu_image_url":"https:\/\/www.futbolred.com\/files\/og_thumbnail\/uploads\/2018\/02\/08\/5a7c7b3904cde.jpeg","fifu_image_alt":"","footnotes":""},"categories":[6],"tags":[],"class_list":["post-24001","post","type-post","status-publish","format-standard","has-post-thumbnail","","category-deportes"],"_links":{"self":[{"href":"https:\/\/noticiasveraces.com\/index.php?rest_route=\/wp\/v2\/posts\/24001","targetHints":{"allow":["GET"]}}],"collection":[{"href":"https:\/\/noticiasveraces.com\/index.php?rest_route=\/wp\/v2\/posts"}],"about":[{"href":"https:\/\/noticiasveraces.com\/index.php?rest_route=\/wp\/v2\/types\/post"}],"author":[{"embeddable":true,"href":"https:\/\/noticiasveraces.com\/index.php?rest_route=\/wp\/v2\/users\/1"}],"replies":[{"embeddable":true,"href":"https:\/\/noticiasveraces.com\/index.php?rest_route=%2Fwp%2Fv2%2Fcomments&post=24001"}],"version-history":[{"count":0,"href":"https:\/\/noticiasveraces.com\/index.php?rest_route=\/wp\/v2\/posts\/24001\/revisions"}],"wp:featuredmedia":[{"embeddable":true,"href":"https:\/\/noticiasveraces.com\/index.php?rest_route=\/wp\/v2\/media\/24003"}],"wp:attachment":[{"href":"https:\/\/noticiasveraces.com\/index.php?rest_route=%2Fwp%2Fv2%2Fmedia&parent=24001"}],"wp:term":[{"taxonomy":"category","embeddable":true,"href":"https:\/\/noticiasveraces.com\/index.php?rest_route=%2Fwp%2Fv2%2Fcategories&post=24001"},{"taxonomy":"post_tag","embeddable":true,"href":"https:\/\/noticiasveraces.com\/index.php?rest_route=%2Fwp%2Fv2%2Ftags&post=24001"}],"curies":[{"name":"wp","href":"https:\/\/api.w.org\/{rel}","templated":true}]}}