{"id":23999,"date":"2025-04-22T03:35:17","date_gmt":"2025-04-22T07:35:17","guid":{"rendered":"https:\/\/noticiasveraces.com\/?p=23999"},"modified":"2025-04-22T03:35:17","modified_gmt":"2025-04-22T07:35:17","slug":"un-vaticano-de-duelo-prepara-el-funeral-del-papa-francisco-dw-22-04-2025","status":"publish","type":"post","link":"https:\/\/noticiasveraces.com\/?p=23999","title":{"rendered":"Un Vaticano de duelo prepara el funeral del papa Francisco \u2013 DW \u2013 22\/04\/2025"},"content":{"rendered":"<p> \n<\/p>\n<div>\n<p>Los funerales de Francisco se celebrar\u00e1n en los pr\u00f3ximos d\u00edas, con la presencia de numerosos fieles y dignatarios. Todos estos actos\u00a0preceder\u00e1n al c\u00f3nclave que elegir\u00e1 al sucesor del papa,\u00a0fallecido\u00a0a los 88 a\u00f1os por un ictus. <\/p>\n<p>El papa Francisco fue hospitalizado el 14 de febrero en Roma, inicialmente por una bronquitis que deriv\u00f3 en neumon\u00eda bilateral.\u00a0Estuvo a punto de morir en dos ocasiones, pero sobrevivi\u00f3 y dej\u00f3 el hospital el 23 de marzo para iniciar un proceso de\u00a0convalecencia. Pero\u00a0el papa continu\u00f3 con sus apariciones p\u00fablicas, aunque con un aspecto cada vez m\u00e1s fr\u00e1gil.<\/p>\n<h2>Ceremonia en la Bas\u00edlica de San Pedro<\/h2>\n<p>El lunes al amanecer, el Vaticano anunci\u00f3 su muerte. El cuerpo del pont\u00edfice argentino fue\u00a0velado el lunes por la noche en la capilla de la residencia de Santa Marta, y ser\u00e1 expuesto a partir del mi\u00e9rcoles en la Bas\u00edlica de San Pedro. Se colocar\u00e1 en un f\u00e9retro abierto para que los fieles puedan despedirse de \u00e9l.     <\/p>\n<p>No se ha fijado todav\u00eda la fecha pero, en virtud de las \u00faltimas disposiciones adoptadas por Francisco para el fallecimiento de un papa, el funeral debe celebrarse entre el viernes y el domingo.\u00a0El martes hay una primera reuni\u00f3n de los cardenales presentes en Roma para decidir el d\u00eda de las exequias.<\/p>\n<p>La ceremonia se celebrar\u00e1 en la Bas\u00edlica de San Pedro, pero el entierro tendr\u00e1 lugar en la bas\u00edlica de Santa Mar\u00eda la Mayor en Roma en l\u00ednea con sus \u00faltimas voluntades.\u00a0\u00a0Los funerales de un papa son generalmente un evento planetario en el que participan numerosos dignatarios extranjeros para rendir homenaje al l\u00edder espiritual de 1.400 millones de cat\u00f3licos.\u00a0Los presidentes estadounidense, Donald Trump, y brasile\u00f1o, Luiz In\u00e1cio Lula da Silva, han sido\u00a0de los primeros en anunciar su presencia.<\/p>\n<p><span data-slot-id=\"Article_InContent-1\" class=\"rich-text-ad\"\/><\/p>\n<h2>Votaci\u00f3n del pr\u00f3ximo papa<\/h2>\n<p>La fecha del c\u00f3nclave, en el que 135 cardenales electores designar\u00e1n al sucesor de Francisco, tampoco est\u00e1 fijada.\u00a0\u00a0Pero, en virtud de las mismas disposiciones que regulan los funerales, esta reuni\u00f3n tiene que empezar entre el 15\u00ba y el 20\u00ba d\u00eda despu\u00e9s de su deceso, es decir, entre el 5 y el 10 de mayo.<\/p>\n<p>Los cardenales se reunir\u00e1n en la Capilla Sixtina y proceder\u00e1n cuatro votaciones diarias, dos en la ma\u00f1ana y dos en la tarde.\u00a0\u00a0Las papeletas con los votos y las notas tomadas por los cardenales son seguidamente destruidas, quemadas en una estufa por el camarlengo, el cardenal que asume el cargo papal interinamente.<\/p>\n<p>La chimenea, que los fieles pueden ver desde la plaza de San Pedro, expulsa una fumata negra si todav\u00eda no hay ning\u00fan elegido. Por el contrario, una fumata blanca conseguida con productos qu\u00edmicos anuncia al mundo que \u00abhabemus papam\u00bb.\u00a0\u00a0 Despu\u00e9s de tres d\u00edas sin resultados, las reuniones se interrumpen para una jornada de oraci\u00f3n, seguida por nuevas rondas de votaci\u00f3n hasta la elecci\u00f3n final.<\/p>\n<p>MS (AFP\/EFE)<\/p>\n<\/p>\n<\/div>\n\n","protected":false},"excerpt":{"rendered":"<p>Los funerales de Francisco se celebrar\u00e1n en los pr\u00f3ximos d\u00edas, con la presencia de numerosos fieles y dignatarios. Todos estos actos\u00a0preceder\u00e1n al c\u00f3nclave que elegir\u00e1 al sucesor del papa,\u00a0fallecido\u00a0a los 88 a\u00f1os por un ictus. El papa Francisco fue hospitalizado el 14 de febrero en Roma, inicialmente por una bronquitis que deriv\u00f3 en neumon\u00eda bilateral.\u00a0Estuvo &hellip;<\/p>\n","protected":false},"author":1,"featured_media":24000,"comment_status":"open","ping_status":"open","sticky":false,"template":"","format":"standard","meta":{"fifu_image_url":"https:\/\/static.dw.com\/image\/72304644_6.jpg","fifu_image_alt":"","footnotes":""},"categories":[13],"tags":[],"class_list":["post-23999","post","type-post","status-publish","format-standard","has-post-thumbnail","","category-mundo"],"_links":{"self":[{"href":"https:\/\/noticiasveraces.com\/index.php?rest_route=\/wp\/v2\/posts\/23999","targetHints":{"allow":["GET"]}}],"collection":[{"href":"https:\/\/noticiasveraces.com\/index.php?rest_route=\/wp\/v2\/posts"}],"about":[{"href":"https:\/\/noticiasveraces.com\/index.php?rest_route=\/wp\/v2\/types\/post"}],"author":[{"embeddable":true,"href":"https:\/\/noticiasveraces.com\/index.php?rest_route=\/wp\/v2\/users\/1"}],"replies":[{"embeddable":true,"href":"https:\/\/noticiasveraces.com\/index.php?rest_route=%2Fwp%2Fv2%2Fcomments&post=23999"}],"version-history":[{"count":0,"href":"https:\/\/noticiasveraces.com\/index.php?rest_route=\/wp\/v2\/posts\/23999\/revisions"}],"wp:featuredmedia":[{"embeddable":true,"href":"https:\/\/noticiasveraces.com\/index.php?rest_route=\/wp\/v2\/media\/24000"}],"wp:attachment":[{"href":"https:\/\/noticiasveraces.com\/index.php?rest_route=%2Fwp%2Fv2%2Fmedia&parent=23999"}],"wp:term":[{"taxonomy":"category","embeddable":true,"href":"https:\/\/noticiasveraces.com\/index.php?rest_route=%2Fwp%2Fv2%2Fcategories&post=23999"},{"taxonomy":"post_tag","embeddable":true,"href":"https:\/\/noticiasveraces.com\/index.php?rest_route=%2Fwp%2Fv2%2Ftags&post=23999"}],"curies":[{"name":"wp","href":"https:\/\/api.w.org\/{rel}","templated":true}]}}