{"id":23986,"date":"2025-04-22T01:31:54","date_gmt":"2025-04-22T05:31:54","guid":{"rendered":"https:\/\/noticiasveraces.com\/?p=23986"},"modified":"2025-04-22T01:31:54","modified_gmt":"2025-04-22T05:31:54","slug":"un-derrame-cerebral-causo-el-deceso-del-papa-francisco-dw-22-04-2025","status":"publish","type":"post","link":"https:\/\/noticiasveraces.com\/?p=23986","title":{"rendered":"Un derrame cerebral caus\u00f3 el deceso del papa Francisco \u2013 DW \u2013 22\/04\/2025"},"content":{"rendered":"<p> \n<\/p>\n<div>\n<p>El papa Francisco falleci\u00f3 el lunes (21.04.2025) a los\u00a088 a\u00f1os de edad a causa de un ictus cerebral, que le caus\u00f3 un coma y un fallo cardiocirculatorio irreversible, seg\u00fan inform\u00f3 el Vaticano en su parte de defunci\u00f3n.<\/p>\n<p>El documento, firmado por el director de Sanidad e Higiene del Estado de la Ciudad del Vaticano, Andrea Arcangeli, certifica que la muerte se produjo a las 7:35 horas locales (5:35 GMT) del 21 de abril en su apartamento, la residencia vaticana Casa Santa Marta.<\/p>\n<blockquote class=\"tweet embed\" data-id=\"1914412472313811015\"\/>\n<h2>Triste ta\u00f1ir de campanas en Plaza San Pedro<\/h2>\n<p>Las campanas de la bas\u00edlica de San Pedro del Vaticano tocaron a difunto en el mediod\u00eda\u00a0por el fallecimiento del primer papa latinoamericano, el argentino Jorge Mario Bergoglio.<\/p>\n<p>El lento ta\u00f1ir de las campanas del templo vaticano fue escuchado por miles de peregrinos, fieles y turistas que abarrotan la plaza de la bas\u00edlica.<\/p>\n<blockquote class=\"tweet embed\" data-id=\"1914342517039943895\"\/>\n<p>Francisco muri\u00f3 tras m\u00e1s de dos meses sufriendo unos problemas respiratorios graves, que le obligaron a permanecer ingresado en el hospital Gemelli de Roma durante 38 d\u00edas, hasta el pasado 23 de marzo.<\/p>\n<p>Seg\u00fan su historial, Francisco hab\u00eda padecido un episodio de insuficiencia respiratoria aguda por una neumon\u00eda bilateral microbi\u00f3tica, as\u00ed como una bronquitis m\u00faltiple, hipertensi\u00f3n y diabetes.<\/p>\n<p>La defunci\u00f3n fue constatada mediante un electrocardiograma.<\/p>\n<p>\u00abDeclaro que las causas de la muerte seg\u00fan mi ciencia y conciencia son las indicadas\u00bb, se lee en el bolet\u00edn.<\/p>\n<p>GS (Efe, AFP, Clar\u00edn)<\/p>\n<\/div>\n\n","protected":false},"excerpt":{"rendered":"<p>El papa Francisco falleci\u00f3 el lunes (21.04.2025) a los\u00a088 a\u00f1os de edad a causa de un ictus cerebral, que le caus\u00f3 un coma y un fallo cardiocirculatorio irreversible, seg\u00fan inform\u00f3 el Vaticano en su parte de defunci\u00f3n. El documento, firmado por el director de Sanidad e Higiene del Estado de la Ciudad del Vaticano, Andrea &hellip;<\/p>\n","protected":false},"author":1,"featured_media":23987,"comment_status":"open","ping_status":"open","sticky":false,"template":"","format":"standard","meta":{"fifu_image_url":"https:\/\/static.dw.com\/image\/72301983_6.jpg","fifu_image_alt":"","footnotes":""},"categories":[13],"tags":[],"class_list":["post-23986","post","type-post","status-publish","format-standard","has-post-thumbnail","","category-mundo"],"_links":{"self":[{"href":"https:\/\/noticiasveraces.com\/index.php?rest_route=\/wp\/v2\/posts\/23986","targetHints":{"allow":["GET"]}}],"collection":[{"href":"https:\/\/noticiasveraces.com\/index.php?rest_route=\/wp\/v2\/posts"}],"about":[{"href":"https:\/\/noticiasveraces.com\/index.php?rest_route=\/wp\/v2\/types\/post"}],"author":[{"embeddable":true,"href":"https:\/\/noticiasveraces.com\/index.php?rest_route=\/wp\/v2\/users\/1"}],"replies":[{"embeddable":true,"href":"https:\/\/noticiasveraces.com\/index.php?rest_route=%2Fwp%2Fv2%2Fcomments&post=23986"}],"version-history":[{"count":0,"href":"https:\/\/noticiasveraces.com\/index.php?rest_route=\/wp\/v2\/posts\/23986\/revisions"}],"wp:featuredmedia":[{"embeddable":true,"href":"https:\/\/noticiasveraces.com\/index.php?rest_route=\/wp\/v2\/media\/23987"}],"wp:attachment":[{"href":"https:\/\/noticiasveraces.com\/index.php?rest_route=%2Fwp%2Fv2%2Fmedia&parent=23986"}],"wp:term":[{"taxonomy":"category","embeddable":true,"href":"https:\/\/noticiasveraces.com\/index.php?rest_route=%2Fwp%2Fv2%2Fcategories&post=23986"},{"taxonomy":"post_tag","embeddable":true,"href":"https:\/\/noticiasveraces.com\/index.php?rest_route=%2Fwp%2Fv2%2Ftags&post=23986"}],"curies":[{"name":"wp","href":"https:\/\/api.w.org\/{rel}","templated":true}]}}