{"id":23964,"date":"2025-04-21T21:46:19","date_gmt":"2025-04-22T01:46:19","guid":{"rendered":"https:\/\/noticiasveraces.com\/?p=23964"},"modified":"2025-04-21T21:46:19","modified_gmt":"2025-04-22T01:46:19","slug":"papa-francisco-causa-oficial-de-muerte-revelada-por-el-vaticano","status":"publish","type":"post","link":"https:\/\/noticiasveraces.com\/?p=23964","title":{"rendered":"Papa Francisco causa oficial de muerte revelada por el Vaticano"},"content":{"rendered":"<p> \n<\/p>\n<div>\n<p class=\"speakable\">El Papa Francisco, de 88 a\u00f1os, muri\u00f3 el lunes de Pascua de un derrame cerebral y un paro card\u00edaco, seg\u00fan un anuncio del Vaticano.<\/p>\n<p class=\"speakable\">Alex Hogan de Fox News confirm\u00f3 en un informe en el aire que el Papa tuvo un derrame cerebral en la madrugada del 21 de abril, entr\u00f3 en coma y luego tuvo un ataque card\u00edaco.<\/p>\n<p>La muerte del Papa sigue a\u00f1os de preocupaciones de salud en curso, incluida una hospitalizaci\u00f3n reciente por neumon\u00eda doble.<\/p>\n<p><strong>Papa Francis muerto a los 88 a\u00f1os<\/strong><\/p>\n<p>El anuncio oficial de muerte se realiz\u00f3 en la residencia del Papa en la capilla de St. Martha el lunes.<\/p>\n<div class=\"image-ct inline\">\n<div class=\"m\"><picture><source media=\"(max-width: 767px)\" srcset=\"https:\/\/a57.foxnews.com\/static.foxnews.com\/foxnews.com\/content\/uploads\/2025\/04\/343\/192\/pope-franicis-dead_027.jpg?ve=1&amp;tl=1, https:\/\/a57.foxnews.com\/static.foxnews.com\/foxnews.com\/content\/uploads\/2025\/04\/686\/384\/pope-franicis-dead_027.jpg?ve=1&amp;tl=1 2x\" height=\"192\" width=\"343\"><source media=\"(min-width: 768px) and (max-width: 1023px)\" srcset=\"https:\/\/a57.foxnews.com\/static.foxnews.com\/foxnews.com\/content\/uploads\/2025\/04\/672\/378\/pope-franicis-dead_027.jpg?ve=1&amp;tl=1, https:\/\/a57.foxnews.com\/static.foxnews.com\/foxnews.com\/content\/uploads\/2025\/04\/1344\/756\/pope-franicis-dead_027.jpg?ve=1&amp;tl=1 2x\" height=\"378\" width=\"672\"><source media=\"(min-width: 1024px) and (max-width: 1279px)\" srcset=\"https:\/\/a57.foxnews.com\/static.foxnews.com\/foxnews.com\/content\/uploads\/2025\/04\/931\/523\/pope-franicis-dead_027.jpg?ve=1&amp;tl=1, https:\/\/a57.foxnews.com\/static.foxnews.com\/foxnews.com\/content\/uploads\/2025\/04\/1862\/1046\/pope-franicis-dead_027.jpg?ve=1&amp;tl=1 2x\" height=\"523\" width=\"931\"><source media=\"(min-width: 1280px)\" srcset=\"https:\/\/a57.foxnews.com\/static.foxnews.com\/foxnews.com\/content\/uploads\/2025\/04\/720\/405\/pope-franicis-dead_027.jpg?ve=1&amp;tl=1, https:\/\/a57.foxnews.com\/static.foxnews.com\/foxnews.com\/content\/uploads\/2025\/04\/1440\/810\/pope-franicis-dead_027.jpg?ve=1&amp;tl=1 2x\" height=\"405\" width=\"720\"><img loading=\"lazy\" decoding=\"async\" src=\"https:\/\/a57.foxnews.com\/static.foxnews.com\/foxnews.com\/content\/uploads\/2025\/04\/1200\/675\/pope-franicis-dead_027.jpg?ve=1&amp;tl=1\" alt=\"Cat\u00f3licos fieles lloran la muerte del Papa Francisco\" width=\"1200\" height=\"675\"\/><\/source><\/source><\/source><\/source><\/picture><\/div>\n<div class=\"info\">\n<div class=\"caption\">\n<p><span>Un fiel contiene un retrato del difunto Papa Francisco en el Bas\u00edlica de San Jos\u00e9 de Flores, donde ador\u00f3 cuando era joven, luego del anuncio del Vaticano de su muerte en Buenos Aires, Argentina, el 21 de abril de 2025.<\/span> <span>(Gustavo Garello\/AP)<\/span><\/p>\n<\/div>\n<\/div>\n<\/div>\n<p>El Papa Francisco sirvi\u00f3 durante 12 a\u00f1os y abog\u00f3 por causas que incluyen los derechos de los migrantes, el cambio clim\u00e1tico y la inclusi\u00f3n LGBTQ, inform\u00f3 Hogan.<\/p>\n<p>El d\u00eda antes de su muerte, el Papa se reuni\u00f3 con el vicepresidente JD Vance en la ciudad del Vaticano.<\/p>\n<p><strong>Muerte del Papa Francisco despu\u00e9s de la enfermedad respiratoria: qu\u00e9 saber sobre la neumon\u00eda bilateral<\/strong><\/p>\n<p>Si bien la reciente combate del Papa con la neumon\u00eda hab\u00eda provocado preocupaciones sobre su salud, el evento de accidente cerebrovascular que llev\u00f3 a su muerte fue un shock entre sus fieles, seg\u00fan los informes.<\/p>\n<p>Los trazos son la quinta causa principal de muerte en los Estados Unidos y una causa principal de discapacidad, seg\u00fan la Asociaci\u00f3n Americana de accionamientos.<\/p>\n<div class=\"image-ct inline\">\n<div class=\"m\"><picture><source media=\"(max-width: 767px)\" srcset=\"https:\/\/a57.foxnews.com\/static.foxnews.com\/foxnews.com\/content\/uploads\/2025\/02\/343\/192\/pope-francis-health-update_002-.jpg?ve=1&amp;tl=1, https:\/\/a57.foxnews.com\/static.foxnews.com\/foxnews.com\/content\/uploads\/2025\/02\/686\/384\/pope-francis-health-update_002-.jpg?ve=1&amp;tl=1 2x\" height=\"192\" width=\"343\"><source media=\"(min-width: 768px) and (max-width: 1023px)\" srcset=\"https:\/\/a57.foxnews.com\/static.foxnews.com\/foxnews.com\/content\/uploads\/2025\/02\/672\/378\/pope-francis-health-update_002-.jpg?ve=1&amp;tl=1, https:\/\/a57.foxnews.com\/static.foxnews.com\/foxnews.com\/content\/uploads\/2025\/02\/1344\/756\/pope-francis-health-update_002-.jpg?ve=1&amp;tl=1 2x\" height=\"378\" width=\"672\"><source media=\"(min-width: 1024px) and (max-width: 1279px)\" srcset=\"https:\/\/a57.foxnews.com\/static.foxnews.com\/foxnews.com\/content\/uploads\/2025\/02\/931\/523\/pope-francis-health-update_002-.jpg?ve=1&amp;tl=1, https:\/\/a57.foxnews.com\/static.foxnews.com\/foxnews.com\/content\/uploads\/2025\/02\/1862\/1046\/pope-francis-health-update_002-.jpg?ve=1&amp;tl=1 2x\" height=\"523\" width=\"931\"><source media=\"(min-width: 1280px)\" srcset=\"https:\/\/a57.foxnews.com\/static.foxnews.com\/foxnews.com\/content\/uploads\/2025\/02\/720\/405\/pope-francis-health-update_002-.jpg?ve=1&amp;tl=1, https:\/\/a57.foxnews.com\/static.foxnews.com\/foxnews.com\/content\/uploads\/2025\/02\/1440\/810\/pope-francis-health-update_002-.jpg?ve=1&amp;tl=1 2x\" height=\"405\" width=\"720\"><img loading=\"lazy\" decoding=\"async\" src=\"https:\/\/a57.foxnews.com\/static.foxnews.com\/foxnews.com\/content\/uploads\/2025\/02\/1200\/675\/pope-francis-health-update_002-.jpg?ve=1&amp;tl=1\" alt=\"Una foto del Papa Francisco en mejor salud\" width=\"1200\" height=\"675\"\/><\/source><\/source><\/source><\/source><\/picture><\/div>\n<div class=\"info\">\n<div class=\"caption\">\n<p><span>El Papa Francisco se muestra en Luxemburgo el 26 de septiembre de 2024. Mientras que la reciente combate del Papa con neumon\u00eda hab\u00eda provocado preocupaciones sobre su salud, el evento de accidente cerebrovascular que llev\u00f3 a su muerte fue un shock entre sus fieles.<\/span> <span>(Simon Wohlfahrt\/AFP\/Getty)<\/span><\/p>\n<\/div>\n<\/div>\n<\/div>\n<p>\u00abEl accidente cerebrovascular es una lesi\u00f3n en el cerebro por deterioro del flujo sangu\u00edneo\u00bb, dijo anteriormente el Dr. Sandeep Kumar, neur\u00f3logo del Beth Israel Deaconess Medical Center en Boston, Massachusetts, a Fox News Digital.<\/p>\n<p><strong><u>Haga clic aqu\u00ed para obtener la aplicaci\u00f3n Fox News<\/u><\/strong><\/p>\n<p>\u00abUn suministro de sangre normal es vital para que el cerebro funcione normalmente y para la preservaci\u00f3n de su estructura. La interrupci\u00f3n del flujo sangu\u00edneo priva a las partes afectadas del cerebro de recibir ox\u00edgeno y otros nutrientes, con el resultado de que estos tejidos comienzan a desintegrarse r\u00e1pidamente\u00bb.<\/p>\n<p>Si bien hay dos tipos principales de accidentes cerebrovasculares, los trazos isqu\u00e9micos y hemorr\u00e1gicos, isqu\u00e9micos son los m\u00e1s comunes, que representan el 87% de todos los casos, seg\u00fan la asociaci\u00f3n. <\/p>\n<p><i><strong><u>Para m\u00e1s art\u00edculos de salud, visite <\/u><\/strong><\/i><i><strong><u>www.foxnews.com\/Health<\/u><\/strong><\/i><\/p>\n<p>\u00abEl flujo sangu\u00edneo al cerebro puede comprometerse cuando &#8230; una arteria cerebral est\u00e1 bloqueada por un co\u00e1gulo de sangre o una placa\u00bb, dijo Kumar. \u00abEsto se llama accidente cerebrovascular isqu\u00e9mico\u00bb.<\/p>\n<div class=\"image-ct inline\">\n<div class=\"m\"><picture><source media=\"(max-width: 767px)\" srcset=\"https:\/\/a57.foxnews.com\/static.foxnews.com\/foxnews.com\/content\/uploads\/2022\/03\/343\/192\/Stroke-iStock.jpg?ve=1&amp;tl=1, https:\/\/a57.foxnews.com\/static.foxnews.com\/foxnews.com\/content\/uploads\/2022\/03\/686\/384\/Stroke-iStock.jpg?ve=1&amp;tl=1 2x\" height=\"192\" width=\"343\"><source media=\"(min-width: 768px) and (max-width: 1023px)\" srcset=\"https:\/\/a57.foxnews.com\/static.foxnews.com\/foxnews.com\/content\/uploads\/2022\/03\/672\/378\/Stroke-iStock.jpg?ve=1&amp;tl=1, https:\/\/a57.foxnews.com\/static.foxnews.com\/foxnews.com\/content\/uploads\/2022\/03\/1344\/756\/Stroke-iStock.jpg?ve=1&amp;tl=1 2x\" height=\"378\" width=\"672\"><source media=\"(min-width: 1024px) and (max-width: 1279px)\" srcset=\"https:\/\/a57.foxnews.com\/static.foxnews.com\/foxnews.com\/content\/uploads\/2022\/03\/931\/523\/Stroke-iStock.jpg?ve=1&amp;tl=1, https:\/\/a57.foxnews.com\/static.foxnews.com\/foxnews.com\/content\/uploads\/2022\/03\/1862\/1046\/Stroke-iStock.jpg?ve=1&amp;tl=1 2x\" height=\"523\" width=\"931\"><source media=\"(min-width: 1280px)\" srcset=\"https:\/\/a57.foxnews.com\/static.foxnews.com\/foxnews.com\/content\/uploads\/2022\/03\/720\/405\/Stroke-iStock.jpg?ve=1&amp;tl=1, https:\/\/a57.foxnews.com\/static.foxnews.com\/foxnews.com\/content\/uploads\/2022\/03\/1440\/810\/Stroke-iStock.jpg?ve=1&amp;tl=1 2x\" height=\"405\" width=\"720\"><img loading=\"lazy\" decoding=\"async\" src=\"https:\/\/a57.foxnews.com\/static.foxnews.com\/foxnews.com\/content\/uploads\/2022\/03\/1200\/675\/Stroke-iStock.jpg?ve=1&amp;tl=1\" alt=\"accidente cerebrovascular en el gr\u00e1fico cerebral\" width=\"1200\" height=\"675\"\/><\/source><\/source><\/source><\/source><\/picture><\/div>\n<div class=\"info\">\n<div class=\"caption\">\n<p><span> Los trazos son la quinta causa principal de muerte en los Estados Unidos, seg\u00fan la American Stroke Association.<\/span> <span>(Istock)<\/span><\/p>\n<\/div>\n<\/div>\n<\/div>\n<p>En el caso de un accidente cerebrovascular hemorr\u00e1gico, el vaso sangu\u00edneo que suministra las rupturas cerebrales, lo que lleva a sangrar dentro del tejido cerebral, seg\u00fan Kumar.<\/p>\n<p>\u00abEl sangrado puede da\u00f1ar directamente las c\u00e9lulas cerebrales o privar a los tejidos circundantes de recibir ox\u00edgeno y nutrientes adecuados\u00bb, agreg\u00f3.<\/p>\n<p><strong><u>Haga clic aqu\u00ed para registrarse en nuestro bolet\u00edn de salud<\/u><\/strong><\/p>\n<p><i>Ashlyn Messier de Fox News Digital contribuy\u00f3 a este informe.<\/i><\/p>\n<p> <!----> <\/p>\n<div class=\"article-meta\">\n<div class=\"author-bio\">\n<p>Angelica Stabile es una reportera de estilo de vida para Fox News Digital.<\/p>\n<\/div>\n<\/div>\n<\/div>\n\n","protected":false},"excerpt":{"rendered":"<p>El Papa Francisco, de 88 a\u00f1os, muri\u00f3 el lunes de Pascua de un derrame cerebral y un paro card\u00edaco, seg\u00fan un anuncio del Vaticano. Alex Hogan de Fox News confirm\u00f3 en un informe en el aire que el Papa tuvo un derrame cerebral en la madrugada del 21 de abril, entr\u00f3 en coma y luego &hellip;<\/p>\n","protected":false},"author":1,"featured_media":23966,"comment_status":"open","ping_status":"open","sticky":false,"template":"","format":"standard","meta":{"fifu_image_url":"https:\/\/a57.foxnews.com\/static.foxnews.com\/foxnews.com\/content\/uploads\/2025\/04\/1200\/675\/pope-franicis-dead_027.jpg?ve=1&tl=1","fifu_image_alt":"","footnotes":""},"categories":[8],"tags":[],"class_list":["post-23964","post","type-post","status-publish","format-standard","has-post-thumbnail","","category-salud"],"_links":{"self":[{"href":"https:\/\/noticiasveraces.com\/index.php?rest_route=\/wp\/v2\/posts\/23964","targetHints":{"allow":["GET"]}}],"collection":[{"href":"https:\/\/noticiasveraces.com\/index.php?rest_route=\/wp\/v2\/posts"}],"about":[{"href":"https:\/\/noticiasveraces.com\/index.php?rest_route=\/wp\/v2\/types\/post"}],"author":[{"embeddable":true,"href":"https:\/\/noticiasveraces.com\/index.php?rest_route=\/wp\/v2\/users\/1"}],"replies":[{"embeddable":true,"href":"https:\/\/noticiasveraces.com\/index.php?rest_route=%2Fwp%2Fv2%2Fcomments&post=23964"}],"version-history":[{"count":0,"href":"https:\/\/noticiasveraces.com\/index.php?rest_route=\/wp\/v2\/posts\/23964\/revisions"}],"wp:featuredmedia":[{"embeddable":true,"href":"https:\/\/noticiasveraces.com\/index.php?rest_route=\/wp\/v2\/media\/23966"}],"wp:attachment":[{"href":"https:\/\/noticiasveraces.com\/index.php?rest_route=%2Fwp%2Fv2%2Fmedia&parent=23964"}],"wp:term":[{"taxonomy":"category","embeddable":true,"href":"https:\/\/noticiasveraces.com\/index.php?rest_route=%2Fwp%2Fv2%2Fcategories&post=23964"},{"taxonomy":"post_tag","embeddable":true,"href":"https:\/\/noticiasveraces.com\/index.php?rest_route=%2Fwp%2Fv2%2Ftags&post=23964"}],"curies":[{"name":"wp","href":"https:\/\/api.w.org\/{rel}","templated":true}]}}