{"id":23957,"date":"2025-04-21T21:26:14","date_gmt":"2025-04-22T01:26:14","guid":{"rendered":"https:\/\/noticiasveraces.com\/?p=23957"},"modified":"2025-04-21T21:26:14","modified_gmt":"2025-04-22T01:26:14","slug":"mayor-seguridad-y-trenes-por-arribo-masivo-de-fieles-dw-22-04-2025","status":"publish","type":"post","link":"https:\/\/noticiasveraces.com\/?p=23957","title":{"rendered":"mayor seguridad y trenes por arribo masivo de fieles \u2013 DW \u2013 22\/04\/2025"},"content":{"rendered":"<p> \n<\/p>\n<div>\n<p>La ciudad de Roma comenz\u00f3 un operativo de seguridad ante el previsible aumento de peregrinos que viajar\u00e1n a la capital de Italia\u00a0tras la muerte del papa Francisco, motivo por el que el grupo de Ferrocarriles del Estado Italiano (FS) reforzar\u00e1 el servicio ferroviario entre las principales estaciones y los aeropuertos.<\/p>\n<p>La capital italiana se preparaba para acoger a los cientos de miles de fieles que comenzaron a llegar desde este mismo lunes a la ciudad para participar en los funerales del pont\u00edfice, fallecido este lunes a los 88 a\u00f1os en su residencia de la Casa Santa Marta en el Vaticano, motivo por el que las autoridades convocaron un Comit\u00e9 Operativo urgente para garantizar la seguridad ciudadana.<\/p>\n<p>El FS anunci\u00f3 un plan extraordinario para cubrir las \u00abnecesidades excepcionales de movilidad\u00bb y garantizar el servicio durante las celebraciones que seguir\u00e1n a la muerte del pont\u00edfice, inform\u00f3 en una nota.<\/p>\n<p>Con este operativo se incrementar\u00e1n las conexiones ferroviarias de larga distancia y con los principales aeropuertos con servicios especiales en las estaciones de Roma Termini, Tiburtina, Ostiense, San Pietro, Valle Aurelia, Fiumicino y Civitavecchia para garantizar la seguridad, fiabilidad y una gesti\u00f3n ordenada de los flujos de pasajeros.<\/p>\n<p><span data-slot-id=\"Article_InContent-1\" class=\"rich-text-ad\"\/><\/p>\n<h2>Mayor afluencia se espera el mi\u00e9rcoles<\/h2>\n<p>Tras la muerte del papa Francisco este lunes, se espera una gran afluencia de personas a Roma, sobre todo el mi\u00e9rcoles, cuando el cuerpo del pont\u00edfice sea trasladado a la bas\u00edlica de San Pedro para que los fieles se puedan despedir de \u00e9l.<\/p>\n<p>La Santa Sede a\u00fan no ha anunciado la fecha del funeral, aunque se prev\u00e9 que se decida ma\u00f1ana martes en la primera congregaci\u00f3n de cardenales, un \u00f3rgano que regula este proceso hasta la elecci\u00f3n de un sucesor, aunque la legislaci\u00f3n vaticana indica que debe celebrarse entre el cuarto y sexto d\u00eda de la muerte, es decir, entre el viernes y el domingo de esta semana.<\/p>\n<p>Por el momento, las autoridades italianas desplegaron un operativo inicial en las inmediaciones de la Plaza de San Pedro que cort\u00f3 algunas calles para garantizar el orden en los aleda\u00f1os al Vaticano, zona masificada tras la muerte de Francisco.<\/p>\n<p>La primera ministra, Giorgia Meloni, est\u00e1 en contacto con el Jefe del Departamento de Protecci\u00f3n Civil, Fabio Ciciliano, a quien ha pedido que active las acciones necesarias para garantizar la ordenada afluencia y asistencia de los fieles que llegar\u00e1n a Roma tras la muerte del Santo Padre, sus funerales y la posterior ceremonia de entronizaci\u00f3n del nuevo Pont\u00edfice.<\/p>\n<p>Para ma\u00f1ana martes, a las 11.00 horas, se convoc\u00f3 tambi\u00e9n un Consejo de Ministros que confiar\u00e1 al Ciciliano la coordinaci\u00f3n de las actividades y de todas las estructuras implicadas, como ocurri\u00f3 en 2005 con ocasi\u00f3n de los funerales del Papa Juan Pablo II.<\/p>\n<p>JC (EFE, ANSA, AGI AGENZIA ITALIA)<\/p>\n<\/p>\n<\/div>\n\n","protected":false},"excerpt":{"rendered":"<p>La ciudad de Roma comenz\u00f3 un operativo de seguridad ante el previsible aumento de peregrinos que viajar\u00e1n a la capital de Italia\u00a0tras la muerte del papa Francisco, motivo por el que el grupo de Ferrocarriles del Estado Italiano (FS) reforzar\u00e1 el servicio ferroviario entre las principales estaciones y los aeropuertos. La capital italiana se preparaba &hellip;<\/p>\n","protected":false},"author":1,"featured_media":23958,"comment_status":"open","ping_status":"open","sticky":false,"template":"","format":"standard","meta":{"fifu_image_url":"https:\/\/static.dw.com\/image\/72301983_6.jpg","fifu_image_alt":"","footnotes":""},"categories":[13],"tags":[],"class_list":["post-23957","post","type-post","status-publish","format-standard","has-post-thumbnail","","category-mundo"],"_links":{"self":[{"href":"https:\/\/noticiasveraces.com\/index.php?rest_route=\/wp\/v2\/posts\/23957","targetHints":{"allow":["GET"]}}],"collection":[{"href":"https:\/\/noticiasveraces.com\/index.php?rest_route=\/wp\/v2\/posts"}],"about":[{"href":"https:\/\/noticiasveraces.com\/index.php?rest_route=\/wp\/v2\/types\/post"}],"author":[{"embeddable":true,"href":"https:\/\/noticiasveraces.com\/index.php?rest_route=\/wp\/v2\/users\/1"}],"replies":[{"embeddable":true,"href":"https:\/\/noticiasveraces.com\/index.php?rest_route=%2Fwp%2Fv2%2Fcomments&post=23957"}],"version-history":[{"count":0,"href":"https:\/\/noticiasveraces.com\/index.php?rest_route=\/wp\/v2\/posts\/23957\/revisions"}],"wp:featuredmedia":[{"embeddable":true,"href":"https:\/\/noticiasveraces.com\/index.php?rest_route=\/wp\/v2\/media\/23958"}],"wp:attachment":[{"href":"https:\/\/noticiasveraces.com\/index.php?rest_route=%2Fwp%2Fv2%2Fmedia&parent=23957"}],"wp:term":[{"taxonomy":"category","embeddable":true,"href":"https:\/\/noticiasveraces.com\/index.php?rest_route=%2Fwp%2Fv2%2Fcategories&post=23957"},{"taxonomy":"post_tag","embeddable":true,"href":"https:\/\/noticiasveraces.com\/index.php?rest_route=%2Fwp%2Fv2%2Ftags&post=23957"}],"curies":[{"name":"wp","href":"https:\/\/api.w.org\/{rel}","templated":true}]}}