{"id":23945,"date":"2025-04-21T17:21:30","date_gmt":"2025-04-21T21:21:30","guid":{"rendered":"https:\/\/noticiasveraces.com\/?p=23945"},"modified":"2025-04-21T17:21:30","modified_gmt":"2025-04-21T21:21:30","slug":"por-que-el-papa-francisco-restringio-la-misa-latina-tradicional-de-la-iglesia","status":"publish","type":"post","link":"https:\/\/noticiasveraces.com\/?p=23945","title":{"rendered":"\u00bfPor qu\u00e9 el Papa Francisco restringi\u00f3 la misa latina tradicional de la iglesia?"},"content":{"rendered":"<p> \n<\/p>\n<div>\n<p class=\"speakable\">Uno de los aspectos m\u00e1s controvertidos del legado del Papa Francisco como l\u00edder de la Iglesia Cat\u00f3lica es su decisi\u00f3n de restringir una forma m\u00e1s antigua de la liturgia cat\u00f3lica conocida como la masa latina tradicional.<\/p>\n<p class=\"speakable\">Francis explic\u00f3 que decidi\u00f3 restringir la misa latina porque le preocupaba que su uso estuviera conduciendo a la divisi\u00f3n en la iglesia. Francis dijo que sent\u00eda que la masa m\u00e1s antigua se estaba \u00absiendo utilizada de manera ideol\u00f3gica\u00bb en reacci\u00f3n a la modernidad, incluida la masa del Vaticano II m\u00e1s moderna.<\/p>\n<p>La masa, de la palabra latina \u00abMissa\u00bb, que significa \u00absacrificio\u00bb, consiste en la \u00abliturgia de la palabra\u00bb y \u00abliturgia de la Eucarist\u00eda\u00bb, la \u00faltima de las cuales se considera la forma m\u00e1s sagrada y m\u00e1s alta de culto por los cat\u00f3licos. <\/p>\n<p>La masa latina, que fue formalizada por el Papa San P\u00edo V en 1570 y contin\u00faa siendo practicada por algunos cat\u00f3licos hoy en d\u00eda, tiene varias diferencias clave con respecto a la masa m\u00e1s com\u00fan del Vaticano II, que se instituy\u00f3 en 1969. Estas diferencias incluyen la totalidad de la masa que se dice en lat\u00edn y el sacerdote que enfrenta \u00abad orientaci\u00f3n\u00bb (\u00aba este\u00bb) en lugar de enfrentar la congregaci\u00f3n.<\/p>\n<p><strong>Campa\u00f1a de campanas al Vaticano para Mark Pope Francis <\/strong><\/p>\n<div class=\"image-ct inline\">\n<div class=\"m\"><picture><source media=\"(max-width: 767px)\" srcset=\"https:\/\/a57.foxnews.com\/static.foxnews.com\/foxnews.com\/content\/uploads\/2025\/04\/343\/192\/pope-francis-latin-mass.png?ve=1&amp;tl=1, https:\/\/a57.foxnews.com\/static.foxnews.com\/foxnews.com\/content\/uploads\/2025\/04\/686\/384\/pope-francis-latin-mass.png?ve=1&amp;tl=1 2x\" height=\"192\" width=\"343\"><source media=\"(min-width: 768px) and (max-width: 1023px)\" srcset=\"https:\/\/a57.foxnews.com\/static.foxnews.com\/foxnews.com\/content\/uploads\/2025\/04\/672\/378\/pope-francis-latin-mass.png?ve=1&amp;tl=1, https:\/\/a57.foxnews.com\/static.foxnews.com\/foxnews.com\/content\/uploads\/2025\/04\/1344\/756\/pope-francis-latin-mass.png?ve=1&amp;tl=1 2x\" height=\"378\" width=\"672\"><source media=\"(min-width: 1024px) and (max-width: 1279px)\" srcset=\"https:\/\/a57.foxnews.com\/static.foxnews.com\/foxnews.com\/content\/uploads\/2025\/04\/931\/523\/pope-francis-latin-mass.png?ve=1&amp;tl=1, https:\/\/a57.foxnews.com\/static.foxnews.com\/foxnews.com\/content\/uploads\/2025\/04\/1862\/1046\/pope-francis-latin-mass.png?ve=1&amp;tl=1 2x\" height=\"523\" width=\"931\"><source media=\"(min-width: 1280px)\" srcset=\"https:\/\/a57.foxnews.com\/static.foxnews.com\/foxnews.com\/content\/uploads\/2025\/04\/720\/405\/pope-francis-latin-mass.png?ve=1&amp;tl=1, https:\/\/a57.foxnews.com\/static.foxnews.com\/foxnews.com\/content\/uploads\/2025\/04\/1440\/810\/pope-francis-latin-mass.png?ve=1&amp;tl=1 2x\" height=\"405\" width=\"720\"><img loading=\"lazy\" decoding=\"async\" src=\"https:\/\/a57.foxnews.com\/static.foxnews.com\/foxnews.com\/content\/uploads\/2025\/04\/1200\/675\/pope-francis-latin-mass.png?ve=1&amp;tl=1\" alt=\"Uno de los aspectos m\u00e1s controvertidos del legado del Papa Francisco como l\u00edder de la Iglesia Cat\u00f3lica es su decisi\u00f3n de restringir una forma m\u00e1s antigua de la liturgia cat\u00f3lica conocida como la masa latina tradicional.\" width=\"1200\" height=\"675\"\/><\/source><\/source><\/source><\/source><\/picture><\/div>\n<div class=\"info\">\n<div class=\"caption\">\n<p><span>Uno de los aspectos m\u00e1s controvertidos del legado del Papa Francisco como l\u00edder de la Iglesia Cat\u00f3lica es su decisi\u00f3n de restringir una forma m\u00e1s antigua de la liturgia cat\u00f3lica conocida como la masa latina tradicional.<\/span> <span>(AP Photo\/Andrew Medichini)<\/span><\/p>\n<\/div>\n<\/div>\n<\/div>\n<p>Durante su pontificado de 12 a\u00f1os, Francis tom\u00f3 varias acciones para limitar el uso de la masa latina en todo el mundo. El resultado fue que la masa latina fue relegada a un n\u00famero muy limitado de iglesias, y a menudo solo los ofrec\u00edan sacerdotes pertenecientes a \u00f3rdenes espec\u00edficas expresamente dedicadas a \u00e9l.<\/p>\n<p>En 2021, Francis emiti\u00f3 un conjunto de instrucciones, llamada \u00abMotu Proper\u00bb, en la que coloc\u00f3 restricciones radicales en la misa latina, incluida la exigir sacerdotes que desean decir la misa para buscar la aprobaci\u00f3n expresa de sus obispos locales. En 2023, Francis emiti\u00f3 restricciones adicionales sobre la masa latina, lo que requiere que los obispos obtengan la aprobaci\u00f3n expresa del Vaticano para permitir que se diga en sus jurisdicciones y proh\u00edbe a los sacerdotes reci\u00e9n ordenados decirlo.<\/p>\n<p>Las instrucciones divergieron de la pol\u00edtica del predecesor de Francis, el Papa Benedicto XVI, que hab\u00eda permitido que todos los sacerdotes dijeran la misa latina.<\/p>\n<p>En una conversaci\u00f3n con los jesuitas en 2023, Francis explic\u00f3 que sent\u00eda que las asignaciones de su predecesor \u00abse estaban utilizando de manera ideol\u00f3gica, para retroceder\u00bb.<\/p>\n<p><strong>Vance fue uno de los \u00faltimos visitantes del Papa Francisco<\/strong><\/p>\n<div class=\"image-ct inline\">\n<div class=\"m\"><picture><source media=\"(max-width: 767px)\" srcset=\"https:\/\/a57.foxnews.com\/static.foxnews.com\/foxnews.com\/content\/uploads\/2025\/04\/343\/192\/traditional-latin-mass.png?ve=1&amp;tl=1, https:\/\/a57.foxnews.com\/static.foxnews.com\/foxnews.com\/content\/uploads\/2025\/04\/686\/384\/traditional-latin-mass.png?ve=1&amp;tl=1 2x\" height=\"192\" width=\"343\"><source media=\"(min-width: 768px) and (max-width: 1023px)\" srcset=\"https:\/\/a57.foxnews.com\/static.foxnews.com\/foxnews.com\/content\/uploads\/2025\/04\/672\/378\/traditional-latin-mass.png?ve=1&amp;tl=1, https:\/\/a57.foxnews.com\/static.foxnews.com\/foxnews.com\/content\/uploads\/2025\/04\/1344\/756\/traditional-latin-mass.png?ve=1&amp;tl=1 2x\" height=\"378\" width=\"672\"><source media=\"(min-width: 1024px) and (max-width: 1279px)\" srcset=\"https:\/\/a57.foxnews.com\/static.foxnews.com\/foxnews.com\/content\/uploads\/2025\/04\/931\/523\/traditional-latin-mass.png?ve=1&amp;tl=1, https:\/\/a57.foxnews.com\/static.foxnews.com\/foxnews.com\/content\/uploads\/2025\/04\/1862\/1046\/traditional-latin-mass.png?ve=1&amp;tl=1 2x\" height=\"523\" width=\"931\"><source media=\"(min-width: 1280px)\" srcset=\"https:\/\/a57.foxnews.com\/static.foxnews.com\/foxnews.com\/content\/uploads\/2025\/04\/720\/405\/traditional-latin-mass.png?ve=1&amp;tl=1, https:\/\/a57.foxnews.com\/static.foxnews.com\/foxnews.com\/content\/uploads\/2025\/04\/1440\/810\/traditional-latin-mass.png?ve=1&amp;tl=1 2x\" height=\"405\" width=\"720\"><img loading=\"lazy\" decoding=\"async\" src=\"https:\/\/a57.foxnews.com\/static.foxnews.com\/foxnews.com\/content\/uploads\/2025\/04\/1200\/675\/traditional-latin-mass.png?ve=1&amp;tl=1\" alt=\"Durante su pontificado de 12 a\u00f1os, Francis tom\u00f3 varias acciones para limitar el uso de la masa latina en todo el mundo.\" width=\"1200\" height=\"675\"\/><\/source><\/source><\/source><\/source><\/picture><\/div>\n<div class=\"info\">\n<div class=\"caption\">\n<p><span>Durante su pontificado de 12 a\u00f1os, Francis tom\u00f3 varias acciones para limitar el uso de la masa latina en todo el mundo.<\/span> <!----><\/p>\n<\/div>\n<\/div>\n<\/div>\n<p>\u00abEl peligro de hoy es <i>Indietrismo<\/i>la reacci\u00f3n contra lo moderno. Es una enfermedad nost\u00e1lgica \u00ab, dijo.\u00bb Es por eso que decid\u00ed que ahora el permiso para celebrar seg\u00fan el Misal Romano de 1962 [the Latin Mass] es obligatorio para todos los sacerdotes reci\u00e9n consagrados \u00ab.<\/p>\n<p>Francis dijo que la restricci\u00f3n era \u00abnecesaria para detener esto <i>Indietrismo<\/i>que no estaba en la visi\u00f3n pastoral de mis predecesores \u00ab.<\/p>\n<p><strong><u>Haga clic aqu\u00ed para obtener la aplicaci\u00f3n Fox News<\/u><\/strong><\/p>\n<p>A pesar de esto, Francis aclar\u00f3 que las \u00f3rdenes espec\u00edficas de sacerdotes, como la fraternidad sacerdotal de San Pedro (FSSP), no se vieron afectadas por las restricciones.<\/p>\n<p>Despu\u00e9s de una reuni\u00f3n de 2024 entre Francis y el padre Andrzej Komorowski, el jefe de FSSP, la orden liber\u00f3 un comunicado en el que dijo: \u00abEn el curso de la audiencia, el Papa dej\u00f3 en claro que los institutos como la fraternidad de San Pedro no se ven afectados por las disposiciones generales de la proprio Motu &#8230; ya que el uso de los libros lit\u00fargicos antiguos fue en el origen de su existencia y se proh\u00edbe a su existencia por su existencia por su existencia por su existencia en su existencia por su existencia.\u00bb \u00ab.<\/p>\n<p> <!----> <\/p>\n<div class=\"article-meta\">\n<div class=\"author-bio\">\n<p>Peter Pinedo es un escritor de pol\u00edtica de Fox News Digital.<\/p>\n<\/div>\n<\/div>\n<\/div>\n\n","protected":false},"excerpt":{"rendered":"<p>Uno de los aspectos m\u00e1s controvertidos del legado del Papa Francisco como l\u00edder de la Iglesia Cat\u00f3lica es su decisi\u00f3n de restringir una forma m\u00e1s antigua de la liturgia cat\u00f3lica conocida como la masa latina tradicional. Francis explic\u00f3 que decidi\u00f3 restringir la misa latina porque le preocupaba que su uso estuviera conduciendo a la divisi\u00f3n &hellip;<\/p>\n","protected":false},"author":1,"featured_media":23947,"comment_status":"open","ping_status":"open","sticky":false,"template":"","format":"standard","meta":{"fifu_image_url":"https:\/\/static.foxnews.com\/foxnews.com\/content\/uploads\/2025\/04\/pope-francis-latin-mass.png","fifu_image_alt":"","footnotes":""},"categories":[13],"tags":[],"class_list":["post-23945","post","type-post","status-publish","format-standard","has-post-thumbnail","","category-mundo"],"_links":{"self":[{"href":"https:\/\/noticiasveraces.com\/index.php?rest_route=\/wp\/v2\/posts\/23945","targetHints":{"allow":["GET"]}}],"collection":[{"href":"https:\/\/noticiasveraces.com\/index.php?rest_route=\/wp\/v2\/posts"}],"about":[{"href":"https:\/\/noticiasveraces.com\/index.php?rest_route=\/wp\/v2\/types\/post"}],"author":[{"embeddable":true,"href":"https:\/\/noticiasveraces.com\/index.php?rest_route=\/wp\/v2\/users\/1"}],"replies":[{"embeddable":true,"href":"https:\/\/noticiasveraces.com\/index.php?rest_route=%2Fwp%2Fv2%2Fcomments&post=23945"}],"version-history":[{"count":0,"href":"https:\/\/noticiasveraces.com\/index.php?rest_route=\/wp\/v2\/posts\/23945\/revisions"}],"wp:featuredmedia":[{"embeddable":true,"href":"https:\/\/noticiasveraces.com\/index.php?rest_route=\/wp\/v2\/media\/23947"}],"wp:attachment":[{"href":"https:\/\/noticiasveraces.com\/index.php?rest_route=%2Fwp%2Fv2%2Fmedia&parent=23945"}],"wp:term":[{"taxonomy":"category","embeddable":true,"href":"https:\/\/noticiasveraces.com\/index.php?rest_route=%2Fwp%2Fv2%2Fcategories&post=23945"},{"taxonomy":"post_tag","embeddable":true,"href":"https:\/\/noticiasveraces.com\/index.php?rest_route=%2Fwp%2Fv2%2Ftags&post=23945"}],"curies":[{"name":"wp","href":"https:\/\/api.w.org\/{rel}","templated":true}]}}