{"id":23942,"date":"2025-04-21T16:20:12","date_gmt":"2025-04-21T20:20:12","guid":{"rendered":"https:\/\/noticiasveraces.com\/?p=23942"},"modified":"2025-04-21T16:20:12","modified_gmt":"2025-04-21T20:20:12","slug":"la-voluntad-del-papa-francisco-muestra-una-simple-solicitud-que-pontiff-hizo-a-su-muerte","status":"publish","type":"post","link":"https:\/\/noticiasveraces.com\/?p=23942","title":{"rendered":"La voluntad del Papa Francisco muestra una simple solicitud que Pontiff hizo a su muerte"},"content":{"rendered":"<p> \n<\/p>\n<div>\n<p class=\"speakable\">Los funcionarios del Vaticano han compartido el testamento que dej\u00f3 el Papa Francisco, que detalla su solicitud de entierro, horas despu\u00e9s de que el pont\u00edfice falleci\u00f3 de un golpe cerebral que condujo a la insuficiencia card\u00edaca.<\/p>\n<p class=\"speakable\">\u00abSentir que se acerca la puesta de sol de mi vida terrenal y con una animada esperanza en la vida eterna, deseo expresar mi testamentario solo con respecto al lugar de mi entierro\u00bb, comienza el documento.<\/p>\n<p>Escrito en junio de 2022, el testamento detalla las preferencias de entierro del Papa, que difieren de los pont\u00edfices de los \u00faltimos siglos.<\/p>\n<p>\u00abSiempre he confiado mi vida y el ministerio sacerdotal y episcopal a la Madre de nuestro Se\u00f1or, Mar\u00eda, lo m\u00e1s santo. Por lo tanto, pido que mis permanentes mortales descansen esperando el D\u00eda de la Resurrecci\u00f3n en la Bas\u00edlica Papal de Santa Mar\u00eda Maggiore\u00bb, contin\u00faa el documento.<\/p>\n<p><strong>Los l\u00edderes de la fe reflexionan sobre la muerte, el papado y el legado duradero del Papa Francisco: &#8216;dej\u00f3 su huella&#8217;<\/strong><\/p>\n<div class=\"image-ct inline\">\n<div class=\"m\"><picture><source media=\"(max-width: 767px)\" srcset=\"https:\/\/a57.foxnews.com\/static.foxnews.com\/foxnews.com\/content\/uploads\/2025\/04\/343\/192\/pope-francis-death.jpg?ve=1&amp;tl=1, https:\/\/a57.foxnews.com\/static.foxnews.com\/foxnews.com\/content\/uploads\/2025\/04\/686\/384\/pope-francis-death.jpg?ve=1&amp;tl=1 2x\" height=\"192\" width=\"343\"><source media=\"(min-width: 768px) and (max-width: 1023px)\" srcset=\"https:\/\/a57.foxnews.com\/static.foxnews.com\/foxnews.com\/content\/uploads\/2025\/04\/672\/378\/pope-francis-death.jpg?ve=1&amp;tl=1, https:\/\/a57.foxnews.com\/static.foxnews.com\/foxnews.com\/content\/uploads\/2025\/04\/1344\/756\/pope-francis-death.jpg?ve=1&amp;tl=1 2x\" height=\"378\" width=\"672\"><source media=\"(min-width: 1024px) and (max-width: 1279px)\" srcset=\"https:\/\/a57.foxnews.com\/static.foxnews.com\/foxnews.com\/content\/uploads\/2025\/04\/931\/523\/pope-francis-death.jpg?ve=1&amp;tl=1, https:\/\/a57.foxnews.com\/static.foxnews.com\/foxnews.com\/content\/uploads\/2025\/04\/1862\/1046\/pope-francis-death.jpg?ve=1&amp;tl=1 2x\" height=\"523\" width=\"931\"><source media=\"(min-width: 1280px)\" srcset=\"https:\/\/a57.foxnews.com\/static.foxnews.com\/foxnews.com\/content\/uploads\/2025\/04\/720\/405\/pope-francis-death.jpg?ve=1&amp;tl=1, https:\/\/a57.foxnews.com\/static.foxnews.com\/foxnews.com\/content\/uploads\/2025\/04\/1440\/810\/pope-francis-death.jpg?ve=1&amp;tl=1 2x\" height=\"405\" width=\"720\"><img loading=\"lazy\" decoding=\"async\" src=\"https:\/\/a57.foxnews.com\/static.foxnews.com\/foxnews.com\/content\/uploads\/2025\/04\/1200\/675\/pope-francis-death.jpg?ve=1&amp;tl=1\" alt=\"Papa Francisco\" width=\"1200\" height=\"675\"\/><\/source><\/source><\/source><\/source><\/picture><\/div>\n<div class=\"info\">\n<div class=\"caption\">\n<p><span>El Papa Francisco saluda a los fieles durante su audiencia general semanal en el Pablo VI Hall el 5 de febrero de 2025 en la ciudad del Vaticano, Vaticano.<\/span> <span>(Medios del Vaticano a trav\u00e9s de Vatican Pool\/Getty Images)<\/span><\/p>\n<\/div>\n<\/div>\n<\/div>\n<p>Francis dijo que quer\u00eda que su \u00ab\u00faltimo viaje terrenal terminara en este antiguo santuario\u00bb.<\/p>\n<p>La voluntad tambi\u00e9n pide que Francis sea enterrado en la tierra, \u00absin decoro particular y con la \u00fanica inscripci\u00f3n: Francisco\u00bb.<\/p>\n<p>\u00abPido que mi tumba est\u00e9 preparada en el agujero del pasillo entre la Capilla Paulina (Capilla del Salus populi Romani) y la Capilla Sforza de la Bas\u00edlica Papal antes mencionada como se indica en el anexo adjunto\u00bb, dice. <\/p>\n<p>Tambi\u00e9n declar\u00f3 que los gastos de entierro deben cubrirse con la suma del benefactor con quien Francis organiz\u00f3.<\/p>\n<p><strong>Muerte del Papa Francisco despu\u00e9s de la enfermedad respiratoria: qu\u00e9 saber sobre la neumon\u00eda bilateral<\/strong><\/p>\n<div class=\"image-ct inline\">\n<div class=\"m\"><picture><source media=\"(max-width: 767px)\" srcset=\"https:\/\/a57.foxnews.com\/static.foxnews.com\/foxnews.com\/content\/uploads\/2025\/04\/343\/192\/pope-francis-dead_001.jpg?ve=1&amp;tl=1, https:\/\/a57.foxnews.com\/static.foxnews.com\/foxnews.com\/content\/uploads\/2025\/04\/686\/384\/pope-francis-dead_001.jpg?ve=1&amp;tl=1 2x\" height=\"192\" width=\"343\"><source media=\"(min-width: 768px) and (max-width: 1023px)\" srcset=\"https:\/\/a57.foxnews.com\/static.foxnews.com\/foxnews.com\/content\/uploads\/2025\/04\/672\/378\/pope-francis-dead_001.jpg?ve=1&amp;tl=1, https:\/\/a57.foxnews.com\/static.foxnews.com\/foxnews.com\/content\/uploads\/2025\/04\/1344\/756\/pope-francis-dead_001.jpg?ve=1&amp;tl=1 2x\" height=\"378\" width=\"672\"><source media=\"(min-width: 1024px) and (max-width: 1279px)\" srcset=\"https:\/\/a57.foxnews.com\/static.foxnews.com\/foxnews.com\/content\/uploads\/2025\/04\/931\/523\/pope-francis-dead_001.jpg?ve=1&amp;tl=1, https:\/\/a57.foxnews.com\/static.foxnews.com\/foxnews.com\/content\/uploads\/2025\/04\/1862\/1046\/pope-francis-dead_001.jpg?ve=1&amp;tl=1 2x\" height=\"523\" width=\"931\"><source media=\"(min-width: 1280px)\" srcset=\"https:\/\/a57.foxnews.com\/static.foxnews.com\/foxnews.com\/content\/uploads\/2025\/04\/720\/405\/pope-francis-dead_001.jpg?ve=1&amp;tl=1, https:\/\/a57.foxnews.com\/static.foxnews.com\/foxnews.com\/content\/uploads\/2025\/04\/1440\/810\/pope-francis-dead_001.jpg?ve=1&amp;tl=1 2x\" height=\"405\" width=\"720\"><img loading=\"lazy\" decoding=\"async\" src=\"https:\/\/a57.foxnews.com\/static.foxnews.com\/foxnews.com\/content\/uploads\/2025\/04\/1200\/675\/pope-francis-dead_001.jpg?ve=1&amp;tl=1\" alt=\"Papa Francisco muerto\" width=\"1200\" height=\"675\"\/><\/source><\/source><\/source><\/source><\/picture><\/div>\n<div class=\"info\">\n<div class=\"caption\">\n<p><span>El Papa Francisco saluda a los cardenales mientras aparece inesperadamente durante la misa del Domingo de Ramos en la Plaza de San Pedro en el Vaticano, el 13 de abril de 2025.<\/span> <span>(Yara Nardi\/Reuters)<\/span><\/p>\n<\/div>\n<\/div>\n<\/div>\n<p>\u00abHe organizado, para ser transferido a la Bas\u00edlica Papal de Santa Mar\u00eda Maggiore y de las cuales he proporcionado para dar instrucciones apropiadas a Mons. Rolandas Makrickas, comisionado extraordinario del Cap\u00edtulo Liberiano\u00bb, dice su testamento. <\/p>\n<p>\u00abQue el Se\u00f1or d\u00e9 la merecida recompensa a aquellos que me han amado y continuar\u00e1n orando por m\u00ed. El sufrimiento que se hizo en la \u00faltima parte de mi vida que ofrec\u00ed al Se\u00f1or por la paz en el mundo y la hermandad entre los pueblos\u00bb, termin\u00f3. <\/p>\n<p>Francis, de 88 a\u00f1os, muri\u00f3 el lunes por la ma\u00f1ana en el Vaticano. El Dr. Andrea Arcangeli, jefe del departamento de salud del Vaticano, dijo que el derrame cerebral lo puso en coma y condujo a insuficiencia card\u00edaca irreversible, seg\u00fan una actualizaci\u00f3n de la tarde de los funcionarios del Vaticano.<\/p>\n<p><strong>El Papa Francisco revel\u00f3 deseos de entierro solo unos d\u00edas despu\u00e9s de convertirse en Pope en 2013<\/strong><\/p>\n<div class=\"image-ct inline\">\n<div class=\"m\"><picture><source media=\"(max-width: 767px)\" srcset=\"https:\/\/a57.foxnews.com\/static.foxnews.com\/foxnews.com\/content\/uploads\/2025\/02\/343\/192\/pope-francis-health-update_006-.jpg?ve=1&amp;tl=1, https:\/\/a57.foxnews.com\/static.foxnews.com\/foxnews.com\/content\/uploads\/2025\/02\/686\/384\/pope-francis-health-update_006-.jpg?ve=1&amp;tl=1 2x\" height=\"192\" width=\"343\"><source media=\"(min-width: 768px) and (max-width: 1023px)\" srcset=\"https:\/\/a57.foxnews.com\/static.foxnews.com\/foxnews.com\/content\/uploads\/2025\/02\/672\/378\/pope-francis-health-update_006-.jpg?ve=1&amp;tl=1, https:\/\/a57.foxnews.com\/static.foxnews.com\/foxnews.com\/content\/uploads\/2025\/02\/1344\/756\/pope-francis-health-update_006-.jpg?ve=1&amp;tl=1 2x\" height=\"378\" width=\"672\"><source media=\"(min-width: 1024px) and (max-width: 1279px)\" srcset=\"https:\/\/a57.foxnews.com\/static.foxnews.com\/foxnews.com\/content\/uploads\/2025\/02\/931\/523\/pope-francis-health-update_006-.jpg?ve=1&amp;tl=1, https:\/\/a57.foxnews.com\/static.foxnews.com\/foxnews.com\/content\/uploads\/2025\/02\/1862\/1046\/pope-francis-health-update_006-.jpg?ve=1&amp;tl=1 2x\" height=\"523\" width=\"931\"><source media=\"(min-width: 1280px)\" srcset=\"https:\/\/a57.foxnews.com\/static.foxnews.com\/foxnews.com\/content\/uploads\/2025\/02\/720\/405\/pope-francis-health-update_006-.jpg?ve=1&amp;tl=1, https:\/\/a57.foxnews.com\/static.foxnews.com\/foxnews.com\/content\/uploads\/2025\/02\/1440\/810\/pope-francis-health-update_006-.jpg?ve=1&amp;tl=1 2x\" height=\"405\" width=\"720\"><img loading=\"lazy\" decoding=\"async\" src=\"https:\/\/a57.foxnews.com\/static.foxnews.com\/foxnews.com\/content\/uploads\/2025\/02\/1200\/675\/pope-francis-health-update_006-.jpg?ve=1&amp;tl=1\" alt=\"Una foto del Papa Francisco en mejor salud\" width=\"1200\" height=\"675\"\/><\/source><\/source><\/source><\/source><\/picture><\/div>\n<div class=\"info\">\n<div class=\"caption\">\n<p><span>El Papa Francisco saluda durante una audiencia con peregrinos h\u00fangaros en Pablo VI Hall en el Vaticano el 25 de abril de 2024.<\/span> <span>(Monteforte\/AFP Fillipo a trav\u00e9s de Getty)<\/span><\/p>\n<\/div>\n<\/div>\n<\/div>\n<p>\u00abCertifico que su santidad Francesco (Jorge Mario Bergoglio) naci\u00f3 en Buenos Aires (Argentina) el 17 de diciembre de 1936, residente en la ciudad del Vaticano, ciudadano del Vaticano, muri\u00f3 a las 7.35 a.m. el 21 de abril de 2025, en su apartamento en el Domus Santa Marta (Ciudad del Vaticano) de: Brain Stroke, coma e Irreversible CardiCollape, The Surn.<\/p>\n<p>Arcangeli agreg\u00f3 que Francis tambi\u00e9n sufr\u00eda episodios de \u00abinsuficiencia respiratoria\u00bb, as\u00ed como su reciente neumon\u00eda bilateral. Las autoridades dijeron que el Papa tambi\u00e9n sufr\u00eda diabetes tipo 2 e hipertensi\u00f3n.<\/p>\n<p>Francis, quien hab\u00eda luchado contra la neumon\u00eda durante semanas antes de ser dado de alta del hospital, enfrent\u00f3 complicaciones de salud durante muchos a\u00f1os y le quitaron la mitad de uno de sus pulmones cuando era joven. <\/p>\n<p><strong><u>Haga clic aqu\u00ed para obtener la aplicaci\u00f3n Fox News<\/u><\/strong><\/p>\n<p>Fue elegido para el papado el 13 de marzo de 2013 y fue el primer jesuita en convertirse en Papa.<\/p>\n<p>La \u00faltima aparici\u00f3n p\u00fablica del Papa fue el domingo de Pascua en St. Peter&#8217;s Square.<\/p>\n<p><i>Thomas Ferraro, Alec Schemmel de Fox News y Andrea Margolis contribuyeron a este informe. <\/i><\/p>\n<p><i>Stepheny Price es escritora de Fox News Digital y Fox Business. Ella cubre temas que incluyen personas desaparecidas, homicidios, casos nacionales de delitos, inmigraci\u00f3n ilegal y m\u00e1s. Los consejos e ideas de la historia se pueden enviar a stepheny.price@fox.com<\/i><\/p>\n<\/p><\/div>\n\n","protected":false},"excerpt":{"rendered":"<p>Los funcionarios del Vaticano han compartido el testamento que dej\u00f3 el Papa Francisco, que detalla su solicitud de entierro, horas despu\u00e9s de que el pont\u00edfice falleci\u00f3 de un golpe cerebral que condujo a la insuficiencia card\u00edaca. \u00abSentir que se acerca la puesta de sol de mi vida terrenal y con una animada esperanza en la &hellip;<\/p>\n","protected":false},"author":1,"featured_media":23944,"comment_status":"open","ping_status":"open","sticky":false,"template":"","format":"standard","meta":{"fifu_image_url":"https:\/\/static.foxnews.com\/foxnews.com\/content\/uploads\/2025\/04\/pope-francis-death.jpg","fifu_image_alt":"","footnotes":""},"categories":[13],"tags":[],"class_list":["post-23942","post","type-post","status-publish","format-standard","has-post-thumbnail","","category-mundo"],"_links":{"self":[{"href":"https:\/\/noticiasveraces.com\/index.php?rest_route=\/wp\/v2\/posts\/23942","targetHints":{"allow":["GET"]}}],"collection":[{"href":"https:\/\/noticiasveraces.com\/index.php?rest_route=\/wp\/v2\/posts"}],"about":[{"href":"https:\/\/noticiasveraces.com\/index.php?rest_route=\/wp\/v2\/types\/post"}],"author":[{"embeddable":true,"href":"https:\/\/noticiasveraces.com\/index.php?rest_route=\/wp\/v2\/users\/1"}],"replies":[{"embeddable":true,"href":"https:\/\/noticiasveraces.com\/index.php?rest_route=%2Fwp%2Fv2%2Fcomments&post=23942"}],"version-history":[{"count":0,"href":"https:\/\/noticiasveraces.com\/index.php?rest_route=\/wp\/v2\/posts\/23942\/revisions"}],"wp:featuredmedia":[{"embeddable":true,"href":"https:\/\/noticiasveraces.com\/index.php?rest_route=\/wp\/v2\/media\/23944"}],"wp:attachment":[{"href":"https:\/\/noticiasveraces.com\/index.php?rest_route=%2Fwp%2Fv2%2Fmedia&parent=23942"}],"wp:term":[{"taxonomy":"category","embeddable":true,"href":"https:\/\/noticiasveraces.com\/index.php?rest_route=%2Fwp%2Fv2%2Fcategories&post=23942"},{"taxonomy":"post_tag","embeddable":true,"href":"https:\/\/noticiasveraces.com\/index.php?rest_route=%2Fwp%2Fv2%2Ftags&post=23942"}],"curies":[{"name":"wp","href":"https:\/\/api.w.org\/{rel}","templated":true}]}}