{"id":23939,"date":"2025-04-21T15:37:51","date_gmt":"2025-04-21T19:37:51","guid":{"rendered":"https:\/\/noticiasveraces.com\/?p=23939"},"modified":"2025-04-21T15:37:51","modified_gmt":"2025-04-21T19:37:51","slug":"francisco-y-la-vez-que-involucro-a-nacional-y-a-america-en-discurso","status":"publish","type":"post","link":"https:\/\/noticiasveraces.com\/?p=23939","title":{"rendered":"Francisco y la vez que involucr\u00f3 a Nacional y a Am\u00e9rica en discurso"},"content":{"rendered":"<p> \n<br \/><img decoding=\"async\" src=\"https:\/\/www.futbolred.com\/files\/article_graphic\/uploads\/2025\/03\/10\/67cf08956d69e.jpeg\" \/><\/p>\n<header>\n<h3>\n<p>                Curiosidades de f\u00fatbol<br \/>\n            <\/h3>\n<h1>\n<p>            Francisco y la vez que involucr\u00f3 a Nacional y a Am\u00e9rica en discurso<br \/>\n        <\/h1>\n<address>\n            <a>Andres Rocha Florez<br \/>\n        <\/address>\n<p>            21 de abril 2025 , 02:00 p.\u00a0m.<\/p>\n<\/header>\n<p>El religioso argentino tuvo unas recordadas palabras hacia los dos hist\u00f3ricos del FPC.<\/p>\n<p>Muri\u00f3 el Papa Francisco una vez acab\u00f3 la Semana Santa y la noticia conmocion\u00f3 a gran parte del mundo, que lamentaron su partida, pero especialmente toc\u00f3 al f\u00fatbol, pues fue claro que su amor por este deporte trascendiera fronteras.<\/p>\n<p>El religioso argentino aprovechada cualquier oportunidad para dar a conocer su amor por el f\u00fatbol y en Colombia no fue la excepci\u00f3n, pues cuando visit\u00f3 al pa\u00eds en 2017 ofreci\u00f3 un discurso que involucr\u00f3 a dos gigantes como Atl\u00e9tico Nacional y Am\u00e9rica de Cali.<\/p>\n<p>En la Plaza de Bol\u00edvar de Bogot\u00e1 Francisco dio un discurso que involucr\u00f3 a los verdolagas y escarlatas, invitando a los j\u00f3venes a la uni\u00f3n, mencionando a los dos clubes.<\/p>\n<p>\u201cCualquier cosa de las que dije es una excusa para un encuentro. Los j\u00f3venes coinciden en la m\u00fasica, en el arte y hasta en una final entre el Atl\u00e9tico Nacional y el Am\u00e9rica de Cali, es ocasi\u00f3n para estar juntos\u201d, dijo Francisco en esa ocasi\u00f3n.<\/p>\n<p>De igual manera, Francisco argument\u00f3 en ella ocasi\u00f3n que \u00ables pueden ense\u00f1ar a los grandes que la cultural del encuentro es saber que m\u00e1s all\u00e1 de nuestras diferencias, todos somos parte de algo grande que nos une y nos trasciende: somos parte de este maravilloso pa\u00eds\u201d.<\/p>\n<p>Esta visita a Colombia fue muy amena para los ciudadanos y usar a equipos como uni\u00f3n seguro hizo reflexionar a muchos que buscan diferencias por una camiseta, as\u00ed que esto se convierte en un gran legado para el mundo el d\u00eda en que Francisco puso de ejemplo a Atl\u00e9tico Nacional y Am\u00e9rica.<\/p>\n\n","protected":false},"excerpt":{"rendered":"<p>Curiosidades de f\u00fatbol Francisco y la vez que involucr\u00f3 a Nacional y a Am\u00e9rica en discurso Andres Rocha Florez 21 de abril 2025 , 02:00 p.\u00a0m. El religioso argentino tuvo unas recordadas palabras hacia los dos hist\u00f3ricos del FPC. Muri\u00f3 el Papa Francisco una vez acab\u00f3 la Semana Santa y la noticia conmocion\u00f3 a gran &hellip;<\/p>\n","protected":false},"author":1,"featured_media":23941,"comment_status":"open","ping_status":"open","sticky":false,"template":"","format":"standard","meta":{"fifu_image_url":"https:\/\/www.futbolred.com\/files\/og_thumbnail\/uploads\/2025\/03\/10\/67cf08956d69e.jpeg","fifu_image_alt":"","footnotes":""},"categories":[6],"tags":[],"class_list":["post-23939","post","type-post","status-publish","format-standard","has-post-thumbnail","","category-deportes"],"_links":{"self":[{"href":"https:\/\/noticiasveraces.com\/index.php?rest_route=\/wp\/v2\/posts\/23939","targetHints":{"allow":["GET"]}}],"collection":[{"href":"https:\/\/noticiasveraces.com\/index.php?rest_route=\/wp\/v2\/posts"}],"about":[{"href":"https:\/\/noticiasveraces.com\/index.php?rest_route=\/wp\/v2\/types\/post"}],"author":[{"embeddable":true,"href":"https:\/\/noticiasveraces.com\/index.php?rest_route=\/wp\/v2\/users\/1"}],"replies":[{"embeddable":true,"href":"https:\/\/noticiasveraces.com\/index.php?rest_route=%2Fwp%2Fv2%2Fcomments&post=23939"}],"version-history":[{"count":0,"href":"https:\/\/noticiasveraces.com\/index.php?rest_route=\/wp\/v2\/posts\/23939\/revisions"}],"wp:featuredmedia":[{"embeddable":true,"href":"https:\/\/noticiasveraces.com\/index.php?rest_route=\/wp\/v2\/media\/23941"}],"wp:attachment":[{"href":"https:\/\/noticiasveraces.com\/index.php?rest_route=%2Fwp%2Fv2%2Fmedia&parent=23939"}],"wp:term":[{"taxonomy":"category","embeddable":true,"href":"https:\/\/noticiasveraces.com\/index.php?rest_route=%2Fwp%2Fv2%2Fcategories&post=23939"},{"taxonomy":"post_tag","embeddable":true,"href":"https:\/\/noticiasveraces.com\/index.php?rest_route=%2Fwp%2Fv2%2Ftags&post=23939"}],"curies":[{"name":"wp","href":"https:\/\/api.w.org\/{rel}","templated":true}]}}