{"id":23931,"date":"2025-04-21T15:15:45","date_gmt":"2025-04-21T19:15:45","guid":{"rendered":"https:\/\/noticiasveraces.com\/?p=23931"},"modified":"2025-04-21T15:15:45","modified_gmt":"2025-04-21T19:15:45","slug":"la-pelicula-biografica-de-la-pelicula-del-papa-francisco-nominado-al-oscar-esta-transmitiendo-ahora-peliculas-entretenimiento","status":"publish","type":"post","link":"https:\/\/noticiasveraces.com\/?p=23931","title":{"rendered":"La pel\u00edcula biogr\u00e1fica de la pel\u00edcula del Papa Francisco nominado al Oscar est\u00e1 transmitiendo ahora | Pel\u00edculas | Entretenimiento"},"content":{"rendered":"<p> \n<\/p>\n<div>\n<p>Esta ma\u00f1ana, el Vaticano anunci\u00f3 que el Papa Francisco muri\u00f3 despu\u00e9s de 12 a\u00f1os como jefe de la Iglesia Cat\u00f3lica Romana.<\/p>\n<p>El difunto Jorge Mario Bergoglio se convirti\u00f3 en pont\u00edfice despu\u00e9s de que el Papa Benedicto XVI renunci\u00f3 en 2013, el primero en hacerlo voluntariamente desde 1294.<\/p>\n<p>El marcado contraste entre el conservador tradicional Benedicto y el humilde progresivo Francis fue explorado en una obra de 2019 por Anthony McCarten, que a su vez se convirti\u00f3 en una pel\u00edcula escrita por el mismo escritor llamado The Two Popes.<\/p>\n<p>El aclamado cine de la cr\u00edtica est\u00e1 protagonizada por Sir Anthony Hopkins como el Papa Benedicto XVI frente a Jonathan Pryce como el cardenal Bergoglio en roles nominados al Oscar al extra\u00f1o.<\/p>\n<p>Principalmente establecido despu\u00e9s del esc\u00e1ndalo del Vaticano, los dos papas siguen a Benedicto tratando de convencer a Bergoglio de que reconsidere su renuncia del Arzobispo mientras tiene la intenci\u00f3n de abdicarse en secreto.<\/p>\n<\/div>\n<div>\n<p>La pel\u00edcula tambi\u00e9n presenta flashbacks para el tiempo de Bergoglio como joven sacerdote jesuita en su argentina natal durante la dictadura militar.<\/p>\n<p><em><strong>Los dos papas se transmiten exclusivamente en 4K en Netflix.<\/strong><\/em><\/p>\n<\/div>\n\n","protected":false},"excerpt":{"rendered":"<p>Esta ma\u00f1ana, el Vaticano anunci\u00f3 que el Papa Francisco muri\u00f3 despu\u00e9s de 12 a\u00f1os como jefe de la Iglesia Cat\u00f3lica Romana. El difunto Jorge Mario Bergoglio se convirti\u00f3 en pont\u00edfice despu\u00e9s de que el Papa Benedicto XVI renunci\u00f3 en 2013, el primero en hacerlo voluntariamente desde 1294. El marcado contraste entre el conservador tradicional Benedicto &hellip;<\/p>\n","protected":false},"author":1,"featured_media":23932,"comment_status":"open","ping_status":"open","sticky":false,"template":"","format":"standard","meta":{"fifu_image_url":"https:\/\/cdn.images.express.co.uk\/img\/dynamic\/36\/1200x630\/6109040.jpg","fifu_image_alt":"","footnotes":""},"categories":[765],"tags":[],"class_list":["post-23931","post","type-post","status-publish","format-standard","has-post-thumbnail","","category-peliculas"],"_links":{"self":[{"href":"https:\/\/noticiasveraces.com\/index.php?rest_route=\/wp\/v2\/posts\/23931","targetHints":{"allow":["GET"]}}],"collection":[{"href":"https:\/\/noticiasveraces.com\/index.php?rest_route=\/wp\/v2\/posts"}],"about":[{"href":"https:\/\/noticiasveraces.com\/index.php?rest_route=\/wp\/v2\/types\/post"}],"author":[{"embeddable":true,"href":"https:\/\/noticiasveraces.com\/index.php?rest_route=\/wp\/v2\/users\/1"}],"replies":[{"embeddable":true,"href":"https:\/\/noticiasveraces.com\/index.php?rest_route=%2Fwp%2Fv2%2Fcomments&post=23931"}],"version-history":[{"count":0,"href":"https:\/\/noticiasveraces.com\/index.php?rest_route=\/wp\/v2\/posts\/23931\/revisions"}],"wp:featuredmedia":[{"embeddable":true,"href":"https:\/\/noticiasveraces.com\/index.php?rest_route=\/wp\/v2\/media\/23932"}],"wp:attachment":[{"href":"https:\/\/noticiasveraces.com\/index.php?rest_route=%2Fwp%2Fv2%2Fmedia&parent=23931"}],"wp:term":[{"taxonomy":"category","embeddable":true,"href":"https:\/\/noticiasveraces.com\/index.php?rest_route=%2Fwp%2Fv2%2Fcategories&post=23931"},{"taxonomy":"post_tag","embeddable":true,"href":"https:\/\/noticiasveraces.com\/index.php?rest_route=%2Fwp%2Fv2%2Ftags&post=23931"}],"curies":[{"name":"wp","href":"https:\/\/api.w.org\/{rel}","templated":true}]}}