{"id":23919,"date":"2025-04-21T14:18:15","date_gmt":"2025-04-21T18:18:15","guid":{"rendered":"https:\/\/noticiasveraces.com\/?p=23919"},"modified":"2025-04-21T14:18:15","modified_gmt":"2025-04-21T18:18:15","slug":"quien-podria-tener-exito-al-papa-francisco","status":"publish","type":"post","link":"https:\/\/noticiasveraces.com\/?p=23919","title":{"rendered":"\u00bfQui\u00e9n podr\u00eda tener \u00e9xito al Papa Francisco?"},"content":{"rendered":"<p> \n<\/p>\n<div>\n<p class=\"speakable\">El Papa Francisco, de 88 a\u00f1os, el Papa m\u00e1s antiguo en m\u00e1s de un siglo, muri\u00f3 el lunes por la ma\u00f1ana, aunque las discusiones tranquilas sobre qui\u00e9n podr\u00eda sucederlo ya lo han comenzado. <\/p>\n<p class=\"speakable\">Si bien cualquier cat\u00f3lico masculino podr\u00eda ser elegido en teor\u00eda para sentarse en el asiento papal, hist\u00f3ricamente, se han seleccionado papas seguidos del Colegio Sagrado de Cardenales desde 1378, seg\u00fan Religion News Service.<\/p>\n<p>Actualmente, hay 252 cardenales en el cuerpo que han sido seleccionados por el Santo Padre para servir como asesores y asistentes. <\/p>\n<p>Aqu\u00ed hay un vistazo a algunos de los precursores m\u00e1s probables para servir como el 267\u00ba Papa, seg\u00fan informes p\u00fablicos.<\/p>\n<div class=\"image-ct inline\">\n<div class=\"m\"><picture><source media=\"(max-width: 767px)\" srcset=\"https:\/\/a57.foxnews.com\/static.foxnews.com\/foxnews.com\/content\/uploads\/2025\/02\/343\/192\/pope-francis-delivers-his-speech-during-the-holy-mass-with.jpg?ve=1&amp;tl=1, https:\/\/a57.foxnews.com\/static.foxnews.com\/foxnews.com\/content\/uploads\/2025\/02\/686\/384\/pope-francis-delivers-his-speech-during-the-holy-mass-with.jpg?ve=1&amp;tl=1 2x\" height=\"192\" width=\"343\"><source media=\"(min-width: 768px) and (max-width: 1023px)\" srcset=\"https:\/\/a57.foxnews.com\/static.foxnews.com\/foxnews.com\/content\/uploads\/2025\/02\/672\/378\/pope-francis-delivers-his-speech-during-the-holy-mass-with.jpg?ve=1&amp;tl=1, https:\/\/a57.foxnews.com\/static.foxnews.com\/foxnews.com\/content\/uploads\/2025\/02\/1344\/756\/pope-francis-delivers-his-speech-during-the-holy-mass-with.jpg?ve=1&amp;tl=1 2x\" height=\"378\" width=\"672\"><source media=\"(min-width: 1024px) and (max-width: 1279px)\" srcset=\"https:\/\/a57.foxnews.com\/static.foxnews.com\/foxnews.com\/content\/uploads\/2025\/02\/931\/523\/pope-francis-delivers-his-speech-during-the-holy-mass-with.jpg?ve=1&amp;tl=1, https:\/\/a57.foxnews.com\/static.foxnews.com\/foxnews.com\/content\/uploads\/2025\/02\/1862\/1046\/pope-francis-delivers-his-speech-during-the-holy-mass-with.jpg?ve=1&amp;tl=1 2x\" height=\"523\" width=\"931\"><source media=\"(min-width: 1280px)\" srcset=\"https:\/\/a57.foxnews.com\/static.foxnews.com\/foxnews.com\/content\/uploads\/2025\/02\/720\/405\/pope-francis-delivers-his-speech-during-the-holy-mass-with.jpg?ve=1&amp;tl=1, https:\/\/a57.foxnews.com\/static.foxnews.com\/foxnews.com\/content\/uploads\/2025\/02\/1440\/810\/pope-francis-delivers-his-speech-during-the-holy-mass-with.jpg?ve=1&amp;tl=1 2x\" height=\"405\" width=\"720\"><img loading=\"lazy\" decoding=\"async\" src=\"https:\/\/a57.foxnews.com\/static.foxnews.com\/foxnews.com\/content\/uploads\/2025\/02\/1200\/675\/pope-francis-delivers-his-speech-during-the-holy-mass-with.jpg?ve=1&amp;tl=1\" alt=\"El Papa Francisco pronuncia su discurso durante la Santa Misa con\" width=\"1200\" height=\"675\"\/><\/source><\/source><\/source><\/source><\/picture><\/div>\n<div class=\"info\">\n<div class=\"caption\">\n<p><span>El Papa Francisco es visto entregando una homil\u00eda durante la misa con cardenales reci\u00e9n nombrados. <\/span> <span>(Stefano Costantino\/SOPA Images\/LighTrocket a trav\u00e9s de Getty Images)<\/span><\/p>\n<\/div>\n<\/div>\n<\/div>\n<p><strong>El Papa Francisco a los 88 a\u00f1os, dice el Vaticano<\/strong><\/p>\n<h2><strong>Cardenal Pietro Parolin, 70, Italia<\/strong><\/h2>\n<p>Parolin, el Secretario de Estado del Vaticano, es el diplom\u00e1tico de m\u00e1s alto rango en la Santa Sede, que es el \u00f3rgano de gobierno de la Iglesia Cat\u00f3lica, y se cree que se encuentra entre los cardenales con m\u00e1s probabilidades de ser elegido para la posici\u00f3n superior.<\/p>\n<p>Su favor entre los cardenales en el Sacred College, que votar\u00e1 sobre el pr\u00f3ximo Papa, se debe a su posici\u00f3n pol\u00edticamente moderada y su carrera en diplomacia, inform\u00f3 el New York Post.<\/p>\n<p>Parolin, que pas\u00f3 parte de su carrera en M\u00e9xico y Nicaragua, fue nombrado por el Papa Francisco en 2014 y probablemente ser\u00eda visto como una extensi\u00f3n del papado actual. <\/p>\n<p><strong>Condici\u00f3n m\u00e9dica del Papa Francisco: qu\u00e9 saber sobre la neumon\u00eda bilateral<\/strong><\/p>\n<div class=\"image-ct inline\">\n<div class=\"m\"><picture><source media=\"(max-width: 767px)\" srcset=\"https:\/\/a57.foxnews.com\/static.foxnews.com\/foxnews.com\/content\/uploads\/2023\/10\/343\/192\/GettyImages-1668665554-e1697285797335.jpg?ve=1&amp;tl=1, https:\/\/a57.foxnews.com\/static.foxnews.com\/foxnews.com\/content\/uploads\/2023\/10\/686\/384\/GettyImages-1668665554-e1697285797335.jpg?ve=1&amp;tl=1 2x\" height=\"192\" width=\"343\"><source media=\"(min-width: 768px) and (max-width: 1023px)\" srcset=\"https:\/\/a57.foxnews.com\/static.foxnews.com\/foxnews.com\/content\/uploads\/2023\/10\/672\/378\/GettyImages-1668665554-e1697285797335.jpg?ve=1&amp;tl=1, https:\/\/a57.foxnews.com\/static.foxnews.com\/foxnews.com\/content\/uploads\/2023\/10\/1344\/756\/GettyImages-1668665554-e1697285797335.jpg?ve=1&amp;tl=1 2x\" height=\"378\" width=\"672\"><source media=\"(min-width: 1024px) and (max-width: 1279px)\" srcset=\"https:\/\/a57.foxnews.com\/static.foxnews.com\/foxnews.com\/content\/uploads\/2023\/10\/931\/523\/GettyImages-1668665554-e1697285797335.jpg?ve=1&amp;tl=1, https:\/\/a57.foxnews.com\/static.foxnews.com\/foxnews.com\/content\/uploads\/2023\/10\/1862\/1046\/GettyImages-1668665554-e1697285797335.jpg?ve=1&amp;tl=1 2x\" height=\"523\" width=\"931\"><source media=\"(min-width: 1280px)\" srcset=\"https:\/\/a57.foxnews.com\/static.foxnews.com\/foxnews.com\/content\/uploads\/2023\/10\/720\/405\/GettyImages-1668665554-e1697285797335.jpg?ve=1&amp;tl=1, https:\/\/a57.foxnews.com\/static.foxnews.com\/foxnews.com\/content\/uploads\/2023\/10\/1440\/810\/GettyImages-1668665554-e1697285797335.jpg?ve=1&amp;tl=1 2x\" height=\"405\" width=\"720\"><img loading=\"lazy\" decoding=\"async\" src=\"https:\/\/a57.foxnews.com\/static.foxnews.com\/foxnews.com\/content\/uploads\/2023\/10\/1200\/675\/GettyImages-1668665554-e1697285797335.jpg?ve=1&amp;tl=1\" alt=\"Cardinal Secretario de Estado Pietro Parolin\" width=\"1200\" height=\"675\"\/><\/source><\/source><\/source><\/source><\/picture><\/div>\n<div class=\"info\">\n<div class=\"caption\">\n<p><span>El Secretario de Estado del Vaticano, el cardenal Pietro Parolin, asiste a la ceremonia de bendici\u00f3n del reci\u00e9n inaugurado Centro de Recepci\u00f3n e Integraci\u00f3n para Refugiados ucranianos durante la Conferencia de los Obispos de Eslovaquia en Kosice, Eslovaquia, el 15 de septiembre de 2023.<\/span> <span>(Agencia Robert Nemeti\/Anadolu a trav\u00e9s de Getty Images)<\/span><\/p>\n<\/div>\n<\/div>\n<\/div>\n<h2>Cardenal Luis Antonio Tagle, 67, Filipinas<\/h2>\n<p>Tambi\u00e9n se cree que Tagle es un favorito entre los cardenales votantes y sirve como el pre-prefecto para la secci\u00f3n de la primera evangelizaci\u00f3n del dicasterio para la evangelizaci\u00f3n, as\u00ed como el presidente de la Comisi\u00f3n Interdicasterial para religiosos consagrados.<\/p>\n<p>Ha sido denominado el \u00abPapa Asi\u00e1tico Francisco\u00bb, particularmente por sus similitudes cuando se trata de su posici\u00f3n m\u00e1s abrazada de la comunidad LGBTQI que sus predecesores. <\/p>\n<p>En una entrevista de 2015, Tagle dijo que la posici\u00f3n \u00absevera\u00bb de la iglesia en la comunidad LGBTQI, los divorciados y las madres solteras lo estaban haciendo da\u00f1o. <\/p>\n<p>Seg\u00fan el Catholic Herald, Tagle \u00abser\u00eda aclamado por los liberales, dada el cambio demogr\u00e1fico de la Iglesia\u00bb.<\/p>\n<div class=\"image-ct inline\">\n<div class=\"m\"><picture><source media=\"(max-width: 767px)\" srcset=\"https:\/\/a57.foxnews.com\/static.foxnews.com\/foxnews.com\/content\/uploads\/2025\/02\/343\/192\/tagle.jpg?ve=1&amp;tl=1, https:\/\/a57.foxnews.com\/static.foxnews.com\/foxnews.com\/content\/uploads\/2025\/02\/686\/384\/tagle.jpg?ve=1&amp;tl=1 2x\" height=\"192\" width=\"343\"><source media=\"(min-width: 768px) and (max-width: 1023px)\" srcset=\"https:\/\/a57.foxnews.com\/static.foxnews.com\/foxnews.com\/content\/uploads\/2025\/02\/672\/378\/tagle.jpg?ve=1&amp;tl=1, https:\/\/a57.foxnews.com\/static.foxnews.com\/foxnews.com\/content\/uploads\/2025\/02\/1344\/756\/tagle.jpg?ve=1&amp;tl=1 2x\" height=\"378\" width=\"672\"><source media=\"(min-width: 1024px) and (max-width: 1279px)\" srcset=\"https:\/\/a57.foxnews.com\/static.foxnews.com\/foxnews.com\/content\/uploads\/2025\/02\/931\/523\/tagle.jpg?ve=1&amp;tl=1, https:\/\/a57.foxnews.com\/static.foxnews.com\/foxnews.com\/content\/uploads\/2025\/02\/1862\/1046\/tagle.jpg?ve=1&amp;tl=1 2x\" height=\"523\" width=\"931\"><source media=\"(min-width: 1280px)\" srcset=\"https:\/\/a57.foxnews.com\/static.foxnews.com\/foxnews.com\/content\/uploads\/2025\/02\/720\/405\/tagle.jpg?ve=1&amp;tl=1, https:\/\/a57.foxnews.com\/static.foxnews.com\/foxnews.com\/content\/uploads\/2025\/02\/1440\/810\/tagle.jpg?ve=1&amp;tl=1 2x\" height=\"405\" width=\"720\"><img loading=\"lazy\" decoding=\"async\" src=\"https:\/\/a57.foxnews.com\/static.foxnews.com\/foxnews.com\/content\/uploads\/2025\/02\/1200\/675\/tagle.jpg?ve=1&amp;tl=1\" alt=\"El Papa Francisco saluda al cardenal Luis Antonio Tagle \" width=\"1200\" height=\"675\"\/><\/source><\/source><\/source><\/source><\/picture><\/div>\n<div class=\"info\">\n<div class=\"caption\">\n<p><span>El Papa Francisco saluda al cardenal filipino Luis Antonio Tagle durante una bienvenida ceremonial en el Palacio Presidencial en Yakarta el 4 de septiembre de 2024.<\/span> <span>(Tizing Fabii\/AFP Vitty Images)<\/span><\/p>\n<\/div>\n<\/div>\n<\/div>\n<p><strong>Conferencia de Obispos Cat\u00f3licos de los Estados Unidos demanda a Trump por inmigraci\u00f3n, Financiaci\u00f3n de refugiados Freeds<\/strong><\/p>\n<h2>Cardenal Peter Erdo, 72, Hungr\u00eda<\/h2>\n<p>Hay varios cardenales conservadores que se cree que son los principales contendientes para el papado, incluido el cardenal Peter Erdo, que ha criticado la posici\u00f3n de Francisco sobre el divorcio y la inmigraci\u00f3n.<\/p>\n<p>Erdo ha argumentado que no se debe permitir a los cat\u00f3licos divorciados o rezados no recibir la Sagrada Comuni\u00f3n debido a su posici\u00f3n con respecto a la \u00abindisolubilidad del matrimonio\u00bb.<\/p>\n<p>El Heraldo Cat\u00f3lico se\u00f1al\u00f3 que nombrar a un Papa conservador despu\u00e9s del mandato de Francisco \u00abenviar\u00eda un mensaje poderoso sobre la direcci\u00f3n que tomar\u00eda la iglesia\u00bb.<\/p>\n<p>Erdo tambi\u00e9n ha diferido de Francis en gran medida en la inmigraci\u00f3n y argument\u00f3 en 2015 que permitir que los refugiados se reasenten es equivalente a la trata de personas.<\/p>\n<div class=\"image-ct inline\">\n<div class=\"m\"><picture><source media=\"(max-width: 767px)\" srcset=\"https:\/\/a57.foxnews.com\/static.foxnews.com\/foxnews.com\/content\/uploads\/2025\/02\/343\/192\/erdo.jpg?ve=1&amp;tl=1, https:\/\/a57.foxnews.com\/static.foxnews.com\/foxnews.com\/content\/uploads\/2025\/02\/686\/384\/erdo.jpg?ve=1&amp;tl=1 2x\" height=\"192\" width=\"343\"><source media=\"(min-width: 768px) and (max-width: 1023px)\" srcset=\"https:\/\/a57.foxnews.com\/static.foxnews.com\/foxnews.com\/content\/uploads\/2025\/02\/672\/378\/erdo.jpg?ve=1&amp;tl=1, https:\/\/a57.foxnews.com\/static.foxnews.com\/foxnews.com\/content\/uploads\/2025\/02\/1344\/756\/erdo.jpg?ve=1&amp;tl=1 2x\" height=\"378\" width=\"672\"><source media=\"(min-width: 1024px) and (max-width: 1279px)\" srcset=\"https:\/\/a57.foxnews.com\/static.foxnews.com\/foxnews.com\/content\/uploads\/2025\/02\/931\/523\/erdo.jpg?ve=1&amp;tl=1, https:\/\/a57.foxnews.com\/static.foxnews.com\/foxnews.com\/content\/uploads\/2025\/02\/1862\/1046\/erdo.jpg?ve=1&amp;tl=1 2x\" height=\"523\" width=\"931\"><source media=\"(min-width: 1280px)\" srcset=\"https:\/\/a57.foxnews.com\/static.foxnews.com\/foxnews.com\/content\/uploads\/2025\/02\/720\/405\/erdo.jpg?ve=1&amp;tl=1, https:\/\/a57.foxnews.com\/static.foxnews.com\/foxnews.com\/content\/uploads\/2025\/02\/1440\/810\/erdo.jpg?ve=1&amp;tl=1 2x\" height=\"405\" width=\"720\"><img loading=\"lazy\" decoding=\"async\" src=\"https:\/\/a57.foxnews.com\/static.foxnews.com\/foxnews.com\/content\/uploads\/2025\/02\/1200\/675\/erdo.jpg?ve=1&amp;tl=1\" alt=\"El Papa Francisco saluda al cardenal Peter Erdo\" width=\"1200\" height=\"675\"\/><\/source><\/source><\/source><\/source><\/picture><\/div>\n<div class=\"info\">\n<div class=\"caption\">\n<p><span>El Papa Francisco saluda al arzobispo de Budapest, bosque cardenal de P\u00e9ter, despu\u00e9s de llegar a Budapest, Hungr\u00eda, el 28 de abril de 2023.<\/span> <span>(Vaticano Media Vatican Pool\/Getty Images)<\/span><\/p>\n<\/div>\n<\/div>\n<\/div>\n<h2>Cardenal Fridolin Ambongo Besungu, de 65 a\u00f1os, Rep\u00fablica Democr\u00e1tica del Congo<\/h2>\n<p>Otro cardenal conservador que se cree que es un contendiente serio es el cardenal Fridolin Ambongo Besungu de la naci\u00f3n devastada por la guerra de la Rep\u00fablica Democr\u00e1tica del Congo. La membres\u00eda de la Iglesia Cat\u00f3lica en \u00c1frica est\u00e1 creciendo m\u00e1s r\u00e1pido que en cualquier otro lugar del mundo, seg\u00fan Associated Press.<\/p>\n<div class=\"image-ct inline\">\n<div class=\"m\"><picture><source media=\"(max-width: 767px)\" srcset=\"https:\/\/a57.foxnews.com\/static.foxnews.com\/foxnews.com\/content\/uploads\/2024\/01\/343\/192\/cardinal-fridolin-among-besungu.jpg?ve=1&amp;tl=1, https:\/\/a57.foxnews.com\/static.foxnews.com\/foxnews.com\/content\/uploads\/2024\/01\/686\/384\/cardinal-fridolin-among-besungu.jpg?ve=1&amp;tl=1 2x\" height=\"192\" width=\"343\"><source media=\"(min-width: 768px) and (max-width: 1023px)\" srcset=\"https:\/\/a57.foxnews.com\/static.foxnews.com\/foxnews.com\/content\/uploads\/2024\/01\/672\/378\/cardinal-fridolin-among-besungu.jpg?ve=1&amp;tl=1, https:\/\/a57.foxnews.com\/static.foxnews.com\/foxnews.com\/content\/uploads\/2024\/01\/1344\/756\/cardinal-fridolin-among-besungu.jpg?ve=1&amp;tl=1 2x\" height=\"378\" width=\"672\"><source media=\"(min-width: 1024px) and (max-width: 1279px)\" srcset=\"https:\/\/a57.foxnews.com\/static.foxnews.com\/foxnews.com\/content\/uploads\/2024\/01\/931\/523\/cardinal-fridolin-among-besungu.jpg?ve=1&amp;tl=1, https:\/\/a57.foxnews.com\/static.foxnews.com\/foxnews.com\/content\/uploads\/2024\/01\/1862\/1046\/cardinal-fridolin-among-besungu.jpg?ve=1&amp;tl=1 2x\" height=\"523\" width=\"931\"><source media=\"(min-width: 1280px)\" srcset=\"https:\/\/a57.foxnews.com\/static.foxnews.com\/foxnews.com\/content\/uploads\/2024\/01\/720\/405\/cardinal-fridolin-among-besungu.jpg?ve=1&amp;tl=1, https:\/\/a57.foxnews.com\/static.foxnews.com\/foxnews.com\/content\/uploads\/2024\/01\/1440\/810\/cardinal-fridolin-among-besungu.jpg?ve=1&amp;tl=1 2x\" height=\"405\" width=\"720\"><img loading=\"lazy\" decoding=\"async\" src=\"https:\/\/a57.foxnews.com\/static.foxnews.com\/foxnews.com\/content\/uploads\/2024\/01\/1200\/675\/cardinal-fridolin-among-besungu.jpg?ve=1&amp;tl=1\" alt=\"Cardenal Fridolin entre Besungu\" width=\"1200\" height=\"675\"\/><\/source><\/source><\/source><\/source><\/picture><\/div>\n<div class=\"info\">\n<div class=\"caption\">\n<p><span>Cardenal congole\u00f1o Fridolin Ambongo Besungu<\/span> <span>(AP Photo\/Andrew Medichini)<\/span><\/p>\n<\/div>\n<\/div>\n<\/div>\n<p>Ambongo, de 65 a\u00f1os, rechaz\u00f3 controvertido la bendici\u00f3n del Papa Francisco de las parejas del mismo sexo por la Iglesia Cat\u00f3lica. En una carta firmada por otros sacerdotes africanos, dijeron que se negaron a seguir la declaraci\u00f3n del pont\u00edfice porque tales uniones son \u00abcontrarias a la voluntad de Dios\u00bb.<\/p>\n<h2>Cardenal Raymond Burke, 76, Estados Unidos de Am\u00e9rica<\/h2>\n<p>El nativo de Wisconsin y ex arzobispo de St. Louis se considera el principal candidato estadounidense. El cardenal de 76 a\u00f1os tambi\u00e9n es visto como del lado conservador de la iglesia. <\/p>\n<div class=\"image-ct inline\">\n<div class=\"m\"><picture><source media=\"(max-width: 767px)\" srcset=\"https:\/\/a57.foxnews.com\/static.foxnews.com\/foxnews.com\/content\/uploads\/2023\/11\/343\/192\/GettyImages-986344428-1-e1701351421645.jpg?ve=1&amp;tl=1, https:\/\/a57.foxnews.com\/static.foxnews.com\/foxnews.com\/content\/uploads\/2023\/11\/686\/384\/GettyImages-986344428-1-e1701351421645.jpg?ve=1&amp;tl=1 2x\" height=\"192\" width=\"343\"><source media=\"(min-width: 768px) and (max-width: 1023px)\" srcset=\"https:\/\/a57.foxnews.com\/static.foxnews.com\/foxnews.com\/content\/uploads\/2023\/11\/672\/378\/GettyImages-986344428-1-e1701351421645.jpg?ve=1&amp;tl=1, https:\/\/a57.foxnews.com\/static.foxnews.com\/foxnews.com\/content\/uploads\/2023\/11\/1344\/756\/GettyImages-986344428-1-e1701351421645.jpg?ve=1&amp;tl=1 2x\" height=\"378\" width=\"672\"><source media=\"(min-width: 1024px) and (max-width: 1279px)\" srcset=\"https:\/\/a57.foxnews.com\/static.foxnews.com\/foxnews.com\/content\/uploads\/2023\/11\/931\/523\/GettyImages-986344428-1-e1701351421645.jpg?ve=1&amp;tl=1, https:\/\/a57.foxnews.com\/static.foxnews.com\/foxnews.com\/content\/uploads\/2023\/11\/1862\/1046\/GettyImages-986344428-1-e1701351421645.jpg?ve=1&amp;tl=1 2x\" height=\"523\" width=\"931\"><source media=\"(min-width: 1280px)\" srcset=\"https:\/\/a57.foxnews.com\/static.foxnews.com\/foxnews.com\/content\/uploads\/2023\/11\/720\/405\/GettyImages-986344428-1-e1701351421645.jpg?ve=1&amp;tl=1, https:\/\/a57.foxnews.com\/static.foxnews.com\/foxnews.com\/content\/uploads\/2023\/11\/1440\/810\/GettyImages-986344428-1-e1701351421645.jpg?ve=1&amp;tl=1 2x\" height=\"405\" width=\"720\"><img loading=\"lazy\" decoding=\"async\" src=\"https:\/\/a57.foxnews.com\/static.foxnews.com\/foxnews.com\/content\/uploads\/2023\/11\/1200\/675\/GettyImages-986344428-1-e1701351421645.jpg?ve=1&amp;tl=1\" alt=\"Cardenal Raymond Leo Burke\" width=\"1200\" height=\"675\"\/><\/source><\/source><\/source><\/source><\/picture><\/div>\n<div class=\"info\">\n<div class=\"caption\">\n<p><span>El cardenal Raymond Leo Burke asiste al consistorio para la creaci\u00f3n de nuevos cardenales dirigidos por el Papa Francisco en la Bas\u00edlica de San Pedro en la ciudad del Vaticano, Vaticano.<\/span> <span>(Franco Origlia\/Getty Images)<\/span><\/p>\n<\/div>\n<\/div>\n<\/div>\n<p>Es un defensor de la misa latina, y ha sido cr\u00edtico con el Papa Francisco con respecto al nuevo idioma de la iglesia en torno a la anticoncepci\u00f3n artificial, los problemas LGBT y los matrimonios civiles. Burke fue hecho cardenal por el Papa Benedicto XVI en 2010.<\/p>\n<h2>Cardenal Matteo Zuppi, 69, Italia<\/h2>\n<div class=\"image-ct inline\">\n<div class=\"m\"><picture><source media=\"(max-width: 767px)\" srcset=\"https:\/\/a57.foxnews.com\/static.foxnews.com\/foxnews.com\/content\/uploads\/2025\/02\/343\/192\/gettyimages-1636450938-scaled.jpg?ve=1&amp;tl=1, https:\/\/a57.foxnews.com\/static.foxnews.com\/foxnews.com\/content\/uploads\/2025\/02\/686\/384\/gettyimages-1636450938-scaled.jpg?ve=1&amp;tl=1 2x\" height=\"192\" width=\"343\"><source media=\"(min-width: 768px) and (max-width: 1023px)\" srcset=\"https:\/\/a57.foxnews.com\/static.foxnews.com\/foxnews.com\/content\/uploads\/2025\/02\/672\/378\/gettyimages-1636450938-scaled.jpg?ve=1&amp;tl=1, https:\/\/a57.foxnews.com\/static.foxnews.com\/foxnews.com\/content\/uploads\/2025\/02\/1344\/756\/gettyimages-1636450938-scaled.jpg?ve=1&amp;tl=1 2x\" height=\"378\" width=\"672\"><source media=\"(min-width: 1024px) and (max-width: 1279px)\" srcset=\"https:\/\/a57.foxnews.com\/static.foxnews.com\/foxnews.com\/content\/uploads\/2025\/02\/931\/523\/gettyimages-1636450938-scaled.jpg?ve=1&amp;tl=1, https:\/\/a57.foxnews.com\/static.foxnews.com\/foxnews.com\/content\/uploads\/2025\/02\/1862\/1046\/gettyimages-1636450938-scaled.jpg?ve=1&amp;tl=1 2x\" height=\"523\" width=\"931\"><source media=\"(min-width: 1280px)\" srcset=\"https:\/\/a57.foxnews.com\/static.foxnews.com\/foxnews.com\/content\/uploads\/2025\/02\/720\/405\/gettyimages-1636450938-scaled.jpg?ve=1&amp;tl=1, https:\/\/a57.foxnews.com\/static.foxnews.com\/foxnews.com\/content\/uploads\/2025\/02\/1440\/810\/gettyimages-1636450938-scaled.jpg?ve=1&amp;tl=1 2x\" height=\"405\" width=\"720\"><img loading=\"lazy\" decoding=\"async\" src=\"https:\/\/a57.foxnews.com\/static.foxnews.com\/foxnews.com\/content\/uploads\/2025\/02\/1200\/675\/gettyimages-1636450938-scaled.jpg?ve=1&amp;tl=1\" alt=\"Cardenal Matteo Zuppi y Papa Francisco\" width=\"1200\" height=\"675\"\/><\/source><\/source><\/source><\/source><\/picture><\/div>\n<div class=\"info\">\n<div class=\"caption\">\n<p><span>El Papa Francisco se re\u00fane con el cardenal Matteo Zuppi durante una audiencia en el Palacio Apost\u00f3lico el 24 de agosto de 2023 en la ciudad del Vaticano.<\/span> <span>(Medios del Vaticano a trav\u00e9s de Vatican Pool\/Getty Images)<\/span><\/p>\n<\/div>\n<\/div>\n<\/div>\n<p>Zuppi naci\u00f3 en Roma. Es el presidente de la Conferencia Episcopal italiana y es visto como un privilegio en el Vatis de Francis, habiendo servido como Arzobispo de Bolonia.<\/p>\n<p>El Zuppi, de 69 a\u00f1os, es visto como uno de los favoritos del Papa Francisco. Fue enviado a una misi\u00f3n de paz en 2023 a Ucrania, donde se reuni\u00f3 con el presidente Volodymyr Zelenskyy. Tambi\u00e9n fue enviado a reunirse con el presidente Joe Biden ese mismo a\u00f1o. <\/p>\n<p>Zuppi fue hecho cardenal por el Papa Francisco en 2019.<\/p>\n<h2>El voto<\/h2>\n<p>De los 252 cardenales en la universidad sagrada, solo 138 tienen menos de 80 a\u00f1os y, por lo tanto, se les permite participar en el c\u00f3nclave, el proceso electoral papal, aunque no hay limitaciones de edad para el candidato que servir\u00eda como el futuro Papa. <\/p>\n<p><strong>Haga clic aqu\u00ed para obtener la aplicaci\u00f3n Fox News<\/strong><\/p>\n<p>Tras la muerte de un Papa, el c\u00f3nclave tiene una votaci\u00f3n y continuar\u00e1 votando, hasta que un Papa sea elegido por una mayor\u00eda de dos tercios. <\/p>\n<p>En ese momento, las boletas se quemar\u00e1n con un qu\u00edmico que produce humo blanco, a diferencia del humo negro, para alertar al mundo de que se ha elegido un nuevo papa. <\/p>\n<p> <!----> <\/p>\n<div class=\"article-meta\">\n<div class=\"author-bio\">\n<p>Caitlin McFall es reportero de Fox News Digital Cubting Politics, US y World News.<\/p>\n<\/div>\n<\/div>\n<\/div>\n\n","protected":false},"excerpt":{"rendered":"<p>El Papa Francisco, de 88 a\u00f1os, el Papa m\u00e1s antiguo en m\u00e1s de un siglo, muri\u00f3 el lunes por la ma\u00f1ana, aunque las discusiones tranquilas sobre qui\u00e9n podr\u00eda sucederlo ya lo han comenzado. Si bien cualquier cat\u00f3lico masculino podr\u00eda ser elegido en teor\u00eda para sentarse en el asiento papal, hist\u00f3ricamente, se han seleccionado papas seguidos &hellip;<\/p>\n","protected":false},"author":1,"featured_media":23921,"comment_status":"open","ping_status":"open","sticky":false,"template":"","format":"standard","meta":{"fifu_image_url":"https:\/\/static.foxnews.com\/foxnews.com\/content\/uploads\/2025\/02\/pope-francis-delivers-his-speech-during-the-holy-mass-with.jpg","fifu_image_alt":"","footnotes":""},"categories":[13],"tags":[],"class_list":["post-23919","post","type-post","status-publish","format-standard","has-post-thumbnail","","category-mundo"],"_links":{"self":[{"href":"https:\/\/noticiasveraces.com\/index.php?rest_route=\/wp\/v2\/posts\/23919","targetHints":{"allow":["GET"]}}],"collection":[{"href":"https:\/\/noticiasveraces.com\/index.php?rest_route=\/wp\/v2\/posts"}],"about":[{"href":"https:\/\/noticiasveraces.com\/index.php?rest_route=\/wp\/v2\/types\/post"}],"author":[{"embeddable":true,"href":"https:\/\/noticiasveraces.com\/index.php?rest_route=\/wp\/v2\/users\/1"}],"replies":[{"embeddable":true,"href":"https:\/\/noticiasveraces.com\/index.php?rest_route=%2Fwp%2Fv2%2Fcomments&post=23919"}],"version-history":[{"count":0,"href":"https:\/\/noticiasveraces.com\/index.php?rest_route=\/wp\/v2\/posts\/23919\/revisions"}],"wp:featuredmedia":[{"embeddable":true,"href":"https:\/\/noticiasveraces.com\/index.php?rest_route=\/wp\/v2\/media\/23921"}],"wp:attachment":[{"href":"https:\/\/noticiasveraces.com\/index.php?rest_route=%2Fwp%2Fv2%2Fmedia&parent=23919"}],"wp:term":[{"taxonomy":"category","embeddable":true,"href":"https:\/\/noticiasveraces.com\/index.php?rest_route=%2Fwp%2Fv2%2Fcategories&post=23919"},{"taxonomy":"post_tag","embeddable":true,"href":"https:\/\/noticiasveraces.com\/index.php?rest_route=%2Fwp%2Fv2%2Ftags&post=23919"}],"curies":[{"name":"wp","href":"https:\/\/api.w.org\/{rel}","templated":true}]}}