{"id":23914,"date":"2025-04-21T13:52:18","date_gmt":"2025-04-21T17:52:18","guid":{"rendered":"https:\/\/noticiasveraces.com\/?p=23914"},"modified":"2025-04-21T13:52:18","modified_gmt":"2025-04-21T17:52:18","slug":"el-juez-acuerda-prision-para-el-hombre-acusado-de-matar-a-su-pareja-en-tarragona-sociedad","status":"publish","type":"post","link":"https:\/\/noticiasveraces.com\/?p=23914","title":{"rendered":"El juez acuerda prisi\u00f3n para el hombre acusado de matar a su pareja en Tarragona | Sociedad"},"content":{"rendered":"<p> \n<br \/><img decoding=\"async\" src=\"https:\/\/imagenes.elpais.com\/resizer\/v2\/HCUZE4DZFJGM3F6J3X66XH4ANQ.jpg?auth=96f3c37df4ba0454eaf4fd6aeea2bd3ed2b94086dfeb2504ca9ef6985460ddfc\" \/><\/p>\n<div data-dtm-region=\"articulo_cuerpo\">\n<p class=\"\">El juzgado de guardia de Tarragona ha acordado este lunes prisi\u00f3n, comunicada y sin fianza, para el hombre detenido el viernes, con el cad\u00e1ver de su pareja en el coche. La v\u00edctima, de 44 a\u00f1os, hab\u00eda denunciado al presunto agresor por violencia de g\u00e9nero, seg\u00fan ha confirmado el Ministerio de Igualdad. En los juzgados, sin embargo, no exist\u00edan antecedentes previos por violencia machista, ha detallado el Tribunal Superior de Justicia de Catalu\u00f1a (TSJC).<\/p>\n<p class=\"\">El hombre fue detenido el viernes, pasadas las seis de la tarde. \u00c9l mismo se acerc\u00f3 a una patrulla de los Mossos d\u2019Esquadra que estaban auxiliando una gr\u00faa en la AP-7, a la altura de Constant\u00ed (Tarragona) y comunic\u00f3 a los agentes que hab\u00eda matado a su pareja y que llevaba el cad\u00e1ver en el maletero del veh\u00edculo. Los agentes comprobaron que hab\u00eda una mujer muerta en la parte trasera del coche y le detuvieron.<\/p>\n<p class=\"\">Los primeros momentos despu\u00e9s de su arresto fueron confusos. El hombre, de 43 a\u00f1os, explic\u00f3 que llevaba todo el d\u00eda dando vueltas con el coche, y los agentes constataron que era originario de Castell\u00f3n. La polic\u00eda pas\u00f3 las primeras horas intentando confirmar oficialmente la identidad de la v\u00edctima, y contrastar ese parentesco que el agresor hab\u00eda manifestado a los agentes que manten\u00eda con ella: que era su pareja.<\/p>\n<p class=\"\">Finalmente, los Mossos d\u2019Esquadra confirmaron que ambos resid\u00edan con su hijo menor de edad en Segur de Calafell, en Tarragona, y que en Castell\u00f3n exist\u00edan denuncias previas por violencia de g\u00e9nero. El Ministerio de Igualdad ha informado oficialmente que se trata de un caso de violencia de machista, y el lunes, el municipio donde resid\u00eda la v\u00edctima convoc\u00f3 un minuto de silencio en condena por el asesinato.<\/p>\n<p class=\"\">En lo que va de a\u00f1o, nueve<b> <\/b>mujeres han sido asesinadas por sus parejas o exparejas. Desde que arranc\u00f3 la estad\u00edstica oficial, en 2003, son 1.303<b> <\/b>mujeres. El n\u00famero de menores hu\u00e9rfanos por violencia de g\u00e9nero contra su madre asciende a ocho en lo que va de a\u00f1o y 477 desde 2013. La ministra de Igualdad, Ana Redondo Garc\u00eda, y la delegada del Gobierno contra la Violencia de G\u00e9nero, Carmen Mart\u00ednez Perza, han expresado su \u201cm\u00e1s absoluta condena y rechazo\u201d por el asesinato machista.<\/p>\n<p class=\"\"><i>El tel\u00e9fono 016 atiende a las v\u00edctimas de violencia machista, a sus familias y a su entorno las 24 horas del d\u00eda, todos los d\u00edas del a\u00f1o, en 53 idiomas diferentes. El n\u00famero no queda registrado en la factura telef\u00f3nica, pero hay que borrar la llamada del dispositivo. Tambi\u00e9n se puede contactar a trav\u00e9s del correo electr\u00f3nico <\/i><i>016-online@igualdad.gob.es<\/i><i>  y por WhatsApp en el n\u00famero 600 000 016. Los menores pueden dirigirse al tel\u00e9fono de la Fundaci\u00f3n ANAR 900 20 20 10. Si es una situaci\u00f3n de emergencia, se puede llamar al 112 o a los tel\u00e9fonos de la Polic\u00eda Nacional (091) y de la Guardia Civil (062). Y en caso de no poder llamar, se puede recurrir a la aplicaci\u00f3n ALERTCOPS, desde la que se env\u00eda una se\u00f1al de alerta a la Polic\u00eda con geolocalizaci\u00f3n.<\/i><\/p>\n<\/div>\n\n","protected":false},"excerpt":{"rendered":"<p>El juzgado de guardia de Tarragona ha acordado este lunes prisi\u00f3n, comunicada y sin fianza, para el hombre detenido el viernes, con el cad\u00e1ver de su pareja en el coche. La v\u00edctima, de 44 a\u00f1os, hab\u00eda denunciado al presunto agresor por violencia de g\u00e9nero, seg\u00fan ha confirmado el Ministerio de Igualdad. En los juzgados, sin &hellip;<\/p>\n","protected":false},"author":1,"featured_media":23916,"comment_status":"open","ping_status":"open","sticky":false,"template":"","format":"standard","meta":{"fifu_image_url":"https:\/\/imagenes.elpais.com\/resizer\/v2\/HCUZE4DZFJGM3F6J3X66XH4ANQ.jpg?auth=96f3c37df4ba0454eaf4fd6aeea2bd3ed2b94086dfeb2504ca9ef6985460ddfc&width=1200","fifu_image_alt":"","footnotes":""},"categories":[11],"tags":[],"class_list":["post-23914","post","type-post","status-publish","format-standard","has-post-thumbnail","","category-viaje"],"_links":{"self":[{"href":"https:\/\/noticiasveraces.com\/index.php?rest_route=\/wp\/v2\/posts\/23914","targetHints":{"allow":["GET"]}}],"collection":[{"href":"https:\/\/noticiasveraces.com\/index.php?rest_route=\/wp\/v2\/posts"}],"about":[{"href":"https:\/\/noticiasveraces.com\/index.php?rest_route=\/wp\/v2\/types\/post"}],"author":[{"embeddable":true,"href":"https:\/\/noticiasveraces.com\/index.php?rest_route=\/wp\/v2\/users\/1"}],"replies":[{"embeddable":true,"href":"https:\/\/noticiasveraces.com\/index.php?rest_route=%2Fwp%2Fv2%2Fcomments&post=23914"}],"version-history":[{"count":0,"href":"https:\/\/noticiasveraces.com\/index.php?rest_route=\/wp\/v2\/posts\/23914\/revisions"}],"wp:featuredmedia":[{"embeddable":true,"href":"https:\/\/noticiasveraces.com\/index.php?rest_route=\/wp\/v2\/media\/23916"}],"wp:attachment":[{"href":"https:\/\/noticiasveraces.com\/index.php?rest_route=%2Fwp%2Fv2%2Fmedia&parent=23914"}],"wp:term":[{"taxonomy":"category","embeddable":true,"href":"https:\/\/noticiasveraces.com\/index.php?rest_route=%2Fwp%2Fv2%2Fcategories&post=23914"},{"taxonomy":"post_tag","embeddable":true,"href":"https:\/\/noticiasveraces.com\/index.php?rest_route=%2Fwp%2Fv2%2Ftags&post=23914"}],"curies":[{"name":"wp","href":"https:\/\/api.w.org\/{rel}","templated":true}]}}