{"id":23911,"date":"2025-04-21T13:45:16","date_gmt":"2025-04-21T17:45:16","guid":{"rendered":"https:\/\/noticiasveraces.com\/?p=23911"},"modified":"2025-04-21T13:45:16","modified_gmt":"2025-04-21T17:45:16","slug":"el-riesgo-de-demencia-podria-disminuir-con-el-uso-de-la-tecnologia-sugiere-el-estudio","status":"publish","type":"post","link":"https:\/\/noticiasveraces.com\/?p=23911","title":{"rendered":"El riesgo de demencia podr\u00eda disminuir con el uso de la tecnolog\u00eda, sugiere el estudio"},"content":{"rendered":"<p> \n<\/p>\n<div>\n<p class=\"speakable\">La primera generaci\u00f3n que ha sido expuesta constantemente a la tecnolog\u00eda digital ha alcanzado la edad donde tienden a surgir s\u00edntomas de demencia. <\/p>\n<p class=\"speakable\">Algunos han afirmado que la tecnolog\u00eda digital podr\u00eda afectar negativamente las habilidades cognitivas, pero los investigadores de la Universidad de Baylor han descubierto todo lo contrario.<\/p>\n<p>\u00abPuedes voltear las noticias sobre casi cualquier d\u00eda y ver\u00e1s a la gente hablando sobre c\u00f3mo las tecnolog\u00edas nos est\u00e1n da\u00f1ando\u00bb, dijo el coautor del estudio Michael Scullin en un comunicado de prensa.<\/p>\n<p><strong>Riesgo de demencia conectado a las visitas al hospital relacionadas con el cannabis, dice el estudio<\/strong><\/p>\n<p>\u00abLa gente a menudo usa los t\u00e9rminos &#8216;drenaje de cerebro&#8217; y &#8216;pudrici\u00f3n del cerebro&#8217;, y ahora &#8216;demencia digital&#8217; es una frase emergente. Como investigadores, quer\u00edamos saber si esto era cierto\u00bb, dijo Scullin.<\/p>\n<div class=\"image-ct inline\">\n<div class=\"m\"><picture><source media=\"(max-width: 767px)\" srcset=\"https:\/\/a57.foxnews.com\/static.foxnews.com\/foxnews.com\/content\/uploads\/2025\/04\/343\/192\/gettyimages-2197410157.jpg?ve=1&amp;tl=1, https:\/\/a57.foxnews.com\/static.foxnews.com\/foxnews.com\/content\/uploads\/2025\/04\/686\/384\/gettyimages-2197410157.jpg?ve=1&amp;tl=1 2x\" height=\"192\" width=\"343\"><source media=\"(min-width: 768px) and (max-width: 1023px)\" srcset=\"https:\/\/a57.foxnews.com\/static.foxnews.com\/foxnews.com\/content\/uploads\/2025\/04\/672\/378\/gettyimages-2197410157.jpg?ve=1&amp;tl=1, https:\/\/a57.foxnews.com\/static.foxnews.com\/foxnews.com\/content\/uploads\/2025\/04\/1344\/756\/gettyimages-2197410157.jpg?ve=1&amp;tl=1 2x\" height=\"378\" width=\"672\"><source media=\"(min-width: 1024px) and (max-width: 1279px)\" srcset=\"https:\/\/a57.foxnews.com\/static.foxnews.com\/foxnews.com\/content\/uploads\/2025\/04\/931\/523\/gettyimages-2197410157.jpg?ve=1&amp;tl=1, https:\/\/a57.foxnews.com\/static.foxnews.com\/foxnews.com\/content\/uploads\/2025\/04\/1862\/1046\/gettyimages-2197410157.jpg?ve=1&amp;tl=1 2x\" height=\"523\" width=\"931\"><source media=\"(min-width: 1280px)\" srcset=\"https:\/\/a57.foxnews.com\/static.foxnews.com\/foxnews.com\/content\/uploads\/2025\/04\/720\/405\/gettyimages-2197410157.jpg?ve=1&amp;tl=1, https:\/\/a57.foxnews.com\/static.foxnews.com\/foxnews.com\/content\/uploads\/2025\/04\/1440\/810\/gettyimages-2197410157.jpg?ve=1&amp;tl=1 2x\" height=\"405\" width=\"720\"><img loading=\"lazy\" decoding=\"async\" src=\"https:\/\/a57.foxnews.com\/static.foxnews.com\/foxnews.com\/content\/uploads\/2025\/04\/1200\/675\/gettyimages-2197410157.jpg?ve=1&amp;tl=1\" alt=\"Hombre mayor sosteniendo tel\u00e9fono\" width=\"1200\" height=\"675\"\/><\/source><\/source><\/source><\/source><\/picture><\/div>\n<div class=\"info\">\n<div class=\"caption\">\n<p><span>Una nueva hip\u00f3tesis denominada \u00abdemencia digital\u00bb predice que toda una vida de exposici\u00f3n a la tecnolog\u00eda digital podr\u00eda afectar negativamente las habilidades cognitivas.<\/span> <span>(Istock)<\/span><\/p>\n<\/div>\n<\/div>\n<\/div>\n<p>Los investigadores analizaron estudios anteriores para determinar el impacto de la tecnolog\u00eda en el envejecimiento mental. Sus hallazgos, que se publicaron en la revista Nature Human Behavior, sugieren que las tecnolog\u00edas digitales pueden preservar las habilidades cognitivas.<\/p>\n<p><strong><u>Las personas mayores de Estados Unidos son vulnerables a estas amenazas digitales, advierten los expertos<\/u><\/strong><\/p>\n<p>Para la meta-revisi\u00f3n, los investigadores analizaron m\u00e1s de 136 estudios que incluyeron 400,000 adultos, con un promedio de seis a\u00f1os de datos de seguimiento.<\/p>\n<p>El equipo concluy\u00f3 que el uso de tecnolog\u00eda digital se correlaciona con un riesgo 58% menor de deterioro cognitivo, incluso despu\u00e9s de ajustar por g\u00e9nero, edad y nivel de educaci\u00f3n.<\/p>\n<div class=\"image-ct inline\">\n<div class=\"m\"><picture><source media=\"(max-width: 767px)\" srcset=\"https:\/\/a57.foxnews.com\/static.foxnews.com\/foxnews.com\/content\/uploads\/2025\/04\/343\/192\/gettyimages-1389394398.jpg?ve=1&amp;tl=1, https:\/\/a57.foxnews.com\/static.foxnews.com\/foxnews.com\/content\/uploads\/2025\/04\/686\/384\/gettyimages-1389394398.jpg?ve=1&amp;tl=1 2x\" height=\"192\" width=\"343\"><source media=\"(min-width: 768px) and (max-width: 1023px)\" srcset=\"https:\/\/a57.foxnews.com\/static.foxnews.com\/foxnews.com\/content\/uploads\/2025\/04\/672\/378\/gettyimages-1389394398.jpg?ve=1&amp;tl=1, https:\/\/a57.foxnews.com\/static.foxnews.com\/foxnews.com\/content\/uploads\/2025\/04\/1344\/756\/gettyimages-1389394398.jpg?ve=1&amp;tl=1 2x\" height=\"378\" width=\"672\"><source media=\"(min-width: 1024px) and (max-width: 1279px)\" srcset=\"https:\/\/a57.foxnews.com\/static.foxnews.com\/foxnews.com\/content\/uploads\/2025\/04\/931\/523\/gettyimages-1389394398.jpg?ve=1&amp;tl=1, https:\/\/a57.foxnews.com\/static.foxnews.com\/foxnews.com\/content\/uploads\/2025\/04\/1862\/1046\/gettyimages-1389394398.jpg?ve=1&amp;tl=1 2x\" height=\"523\" width=\"931\"><source media=\"(min-width: 1280px)\" srcset=\"https:\/\/a57.foxnews.com\/static.foxnews.com\/foxnews.com\/content\/uploads\/2025\/04\/720\/405\/gettyimages-1389394398.jpg?ve=1&amp;tl=1, https:\/\/a57.foxnews.com\/static.foxnews.com\/foxnews.com\/content\/uploads\/2025\/04\/1440\/810\/gettyimages-1389394398.jpg?ve=1&amp;tl=1 2x\" height=\"405\" width=\"720\"><img loading=\"lazy\" decoding=\"async\" src=\"https:\/\/a57.foxnews.com\/static.foxnews.com\/foxnews.com\/content\/uploads\/2025\/04\/1200\/675\/gettyimages-1389394398.jpg?ve=1&amp;tl=1\" alt=\"Persona m\u00e1s joven que ayuda a la persona mayor con tel\u00e9fono inteligente\" width=\"1200\" height=\"675\"\/><\/source><\/source><\/source><\/source><\/picture><\/div>\n<div class=\"info\">\n<div class=\"caption\">\n<p><span>El uso de la tecnolog\u00eda digital se correlaciona con un riesgo 58% menor de deterioro cognitivo, seg\u00fan el estudio.<\/span> <span>(Istock)<\/span><\/p>\n<\/div>\n<\/div>\n<\/div>\n<p>Un factor que contribuye, seg\u00fan Scullin, podr\u00eda ser los desaf\u00edos cognitivos que enfrentan los adultos mayores al interactuar con la tecnolog\u00eda.<\/p>\n<p><strong><u>Haga clic aqu\u00ed para obtener la aplicaci\u00f3n Fox News<\/u><\/strong><\/p>\n<p>\u00abUna de las primeras cosas que dec\u00edan los adultos de mediana edad y mayores es que &#8216;estoy muy frustrado por esta computadora. Esto es dif\u00edcil de aprender'\u00bb, dijo en el comunicado. <\/p>\n<p>\u00abEso es en realidad un reflejo del desaf\u00edo cognitivo, que puede ser beneficioso para el cerebro, incluso si no se siente bien en el momento\u00bb.<\/p>\n<p><strong>Alcohol vinculado al da\u00f1o cerebral para los bebedores pesados, el estudio encuentra<\/strong><\/p>\n<p>La tecnolog\u00eda puede ser cognitivamente desafiante porque siempre est\u00e1 cambiando, obligando a los usuarios a aprender y adaptarse, se\u00f1alaron los investigadores. Esto \u00abejerce\u00bb el cerebro y ayuda a mantenerlo agudo.<\/p>\n<div class=\"image-ct inline\">\n<div class=\"m\"><picture><source media=\"(max-width: 767px)\" srcset=\"https:\/\/a57.foxnews.com\/static.foxnews.com\/foxnews.com\/content\/uploads\/2025\/04\/343\/192\/gettyimages-1643001912.jpg?ve=1&amp;tl=1, https:\/\/a57.foxnews.com\/static.foxnews.com\/foxnews.com\/content\/uploads\/2025\/04\/686\/384\/gettyimages-1643001912.jpg?ve=1&amp;tl=1 2x\" height=\"192\" width=\"343\"><source media=\"(min-width: 768px) and (max-width: 1023px)\" srcset=\"https:\/\/a57.foxnews.com\/static.foxnews.com\/foxnews.com\/content\/uploads\/2025\/04\/672\/378\/gettyimages-1643001912.jpg?ve=1&amp;tl=1, https:\/\/a57.foxnews.com\/static.foxnews.com\/foxnews.com\/content\/uploads\/2025\/04\/1344\/756\/gettyimages-1643001912.jpg?ve=1&amp;tl=1 2x\" height=\"378\" width=\"672\"><source media=\"(min-width: 1024px) and (max-width: 1279px)\" srcset=\"https:\/\/a57.foxnews.com\/static.foxnews.com\/foxnews.com\/content\/uploads\/2025\/04\/931\/523\/gettyimages-1643001912.jpg?ve=1&amp;tl=1, https:\/\/a57.foxnews.com\/static.foxnews.com\/foxnews.com\/content\/uploads\/2025\/04\/1862\/1046\/gettyimages-1643001912.jpg?ve=1&amp;tl=1 2x\" height=\"523\" width=\"931\"><source media=\"(min-width: 1280px)\" srcset=\"https:\/\/a57.foxnews.com\/static.foxnews.com\/foxnews.com\/content\/uploads\/2025\/04\/720\/405\/gettyimages-1643001912.jpg?ve=1&amp;tl=1, https:\/\/a57.foxnews.com\/static.foxnews.com\/foxnews.com\/content\/uploads\/2025\/04\/1440\/810\/gettyimages-1643001912.jpg?ve=1&amp;tl=1 2x\" height=\"405\" width=\"720\"><img loading=\"lazy\" decoding=\"async\" src=\"https:\/\/a57.foxnews.com\/static.foxnews.com\/foxnews.com\/content\/uploads\/2025\/04\/1200\/675\/gettyimages-1643001912.jpg?ve=1&amp;tl=1\" alt=\"Mujer mayor usa un tel\u00e9fono\" width=\"1200\" height=\"675\"\/><\/source><\/source><\/source><\/source><\/picture><\/div>\n<div class=\"info\">\n<div class=\"caption\">\n<p><span>Debido a que la tecnolog\u00eda siempre est\u00e1 cambiando, obliga a los cerebros a adaptarse y fortalecerse, seg\u00fan los investigadores involucrados en el estudio.<\/span> <span>(Istock)<\/span><\/p>\n<\/div>\n<\/div>\n<\/div>\n<p>Los diagn\u00f3sticos de demencia a menudo implican la p\u00e9rdida de capacidad para realizar tareas diarias de forma independiente, como tomar p\u00edldoras, realizar un seguimiento de las citas y navegar instrucciones, seg\u00fan el sitio web de Alzheimer&#8217;s Research UK.<\/p>\n<p>Herramientas digitales como calendarios web, recordatorios telef\u00f3nicos y aplicaciones de navegaci\u00f3n pueden permitir una mayor independencia en adultos mayores.<\/p>\n<p><strong><u>Haga clic aqu\u00ed para registrarse en nuestro bolet\u00edn de salud<\/u><\/strong><\/p>\n<p>El estudio encontr\u00f3 que el \u00abandamio digital\u00bb, el proceso de usar estas herramientas para realizar tareas diarias, \u00abfacilita mejores resultados funcionales en adultos mayores, mientras que el funcionamiento cognitivo general disminuye\u00bb.<\/p>\n<p>Un aspecto muy debatido del efecto de la tecnolog\u00eda digital en nuestros cerebros es el uso de las redes sociales, pero seg\u00fan los investigadores, no todo es malo.<\/p>\n<div class=\"image-ct inline\">\n<div class=\"m\"><picture><source media=\"(max-width: 767px)\" srcset=\"https:\/\/a57.foxnews.com\/static.foxnews.com\/foxnews.com\/content\/uploads\/2025\/04\/343\/192\/gettyimages-1314006882.jpg?ve=1&amp;tl=1, https:\/\/a57.foxnews.com\/static.foxnews.com\/foxnews.com\/content\/uploads\/2025\/04\/686\/384\/gettyimages-1314006882.jpg?ve=1&amp;tl=1 2x\" height=\"192\" width=\"343\"><source media=\"(min-width: 768px) and (max-width: 1023px)\" srcset=\"https:\/\/a57.foxnews.com\/static.foxnews.com\/foxnews.com\/content\/uploads\/2025\/04\/672\/378\/gettyimages-1314006882.jpg?ve=1&amp;tl=1, https:\/\/a57.foxnews.com\/static.foxnews.com\/foxnews.com\/content\/uploads\/2025\/04\/1344\/756\/gettyimages-1314006882.jpg?ve=1&amp;tl=1 2x\" height=\"378\" width=\"672\"><source media=\"(min-width: 1024px) and (max-width: 1279px)\" srcset=\"https:\/\/a57.foxnews.com\/static.foxnews.com\/foxnews.com\/content\/uploads\/2025\/04\/931\/523\/gettyimages-1314006882.jpg?ve=1&amp;tl=1, https:\/\/a57.foxnews.com\/static.foxnews.com\/foxnews.com\/content\/uploads\/2025\/04\/1862\/1046\/gettyimages-1314006882.jpg?ve=1&amp;tl=1 2x\" height=\"523\" width=\"931\"><source media=\"(min-width: 1280px)\" srcset=\"https:\/\/a57.foxnews.com\/static.foxnews.com\/foxnews.com\/content\/uploads\/2025\/04\/720\/405\/gettyimages-1314006882.jpg?ve=1&amp;tl=1, https:\/\/a57.foxnews.com\/static.foxnews.com\/foxnews.com\/content\/uploads\/2025\/04\/1440\/810\/gettyimages-1314006882.jpg?ve=1&amp;tl=1 2x\" height=\"405\" width=\"720\"><img loading=\"lazy\" decoding=\"async\" src=\"https:\/\/a57.foxnews.com\/static.foxnews.com\/foxnews.com\/content\/uploads\/2025\/04\/1200\/675\/gettyimages-1314006882.jpg?ve=1&amp;tl=1\" alt=\"Pareja mayor que interact\u00faa con un dispositivo dom\u00e9stico inteligente\" width=\"1200\" height=\"675\"\/><\/source><\/source><\/source><\/source><\/picture><\/div>\n<div class=\"info\">\n<div class=\"caption\">\n<p><span>Los investigadores dicen que un beneficio de la tecnolog\u00eda es el mayor potencial para la conexi\u00f3n social.<\/span> <span>(Istock)<\/span><\/p>\n<\/div>\n<\/div>\n<\/div>\n<p>Otro beneficio de la tecnolog\u00eda digital, seg\u00fan los expertos, es la capacidad del envejecimiento de los adultos para mantener conexiones sociales, que se ha relacionado con una disminuci\u00f3n del riesgo de demencia.<\/p>\n<p>\u00abAhora puede conectarse con familias en todas las generaciones\u00bb, dijo Scullin.<\/p>\n<p><i><strong><u>Para m\u00e1s art\u00edculos de salud, visite <\/u><\/strong><\/i><i><strong><u>www.foxnews.com\/Health<\/u><\/strong><\/i><\/p>\n<p>\u00abNo solo puede hablar con ellos, puede verlas. Puede compartir fotos. Puede intercambiar correos electr\u00f3nicos, y todo est\u00e1 dentro de un segundo o menos. Eso significa que hay una mayor oportunidad para disminuir la soledad\u00bb.<\/p>\n<p> <!----> <\/p>\n<div class=\"article-meta\">\n<div class=\"author-bio\">\n<p>Khloe Quill es asistente de producci\u00f3n de estilo de vida con Fox News Digital. Ella y el equipo de estilo de vida cubren una variedad de temas de historias que incluyen comida y bebida, viajes y salud. <\/p>\n<\/div>\n<\/div>\n<\/div>\n\n","protected":false},"excerpt":{"rendered":"<p>La primera generaci\u00f3n que ha sido expuesta constantemente a la tecnolog\u00eda digital ha alcanzado la edad donde tienden a surgir s\u00edntomas de demencia. Algunos han afirmado que la tecnolog\u00eda digital podr\u00eda afectar negativamente las habilidades cognitivas, pero los investigadores de la Universidad de Baylor han descubierto todo lo contrario. \u00abPuedes voltear las noticias sobre casi &hellip;<\/p>\n","protected":false},"author":1,"featured_media":23913,"comment_status":"open","ping_status":"open","sticky":false,"template":"","format":"standard","meta":{"fifu_image_url":"https:\/\/a57.foxnews.com\/static.foxnews.com\/foxnews.com\/content\/uploads\/2025\/04\/1200\/675\/gettyimages-2197410157.jpg?ve=1&tl=1","fifu_image_alt":"","footnotes":""},"categories":[8],"tags":[],"class_list":["post-23911","post","type-post","status-publish","format-standard","has-post-thumbnail","","category-salud"],"_links":{"self":[{"href":"https:\/\/noticiasveraces.com\/index.php?rest_route=\/wp\/v2\/posts\/23911","targetHints":{"allow":["GET"]}}],"collection":[{"href":"https:\/\/noticiasveraces.com\/index.php?rest_route=\/wp\/v2\/posts"}],"about":[{"href":"https:\/\/noticiasveraces.com\/index.php?rest_route=\/wp\/v2\/types\/post"}],"author":[{"embeddable":true,"href":"https:\/\/noticiasveraces.com\/index.php?rest_route=\/wp\/v2\/users\/1"}],"replies":[{"embeddable":true,"href":"https:\/\/noticiasveraces.com\/index.php?rest_route=%2Fwp%2Fv2%2Fcomments&post=23911"}],"version-history":[{"count":0,"href":"https:\/\/noticiasveraces.com\/index.php?rest_route=\/wp\/v2\/posts\/23911\/revisions"}],"wp:featuredmedia":[{"embeddable":true,"href":"https:\/\/noticiasveraces.com\/index.php?rest_route=\/wp\/v2\/media\/23913"}],"wp:attachment":[{"href":"https:\/\/noticiasveraces.com\/index.php?rest_route=%2Fwp%2Fv2%2Fmedia&parent=23911"}],"wp:term":[{"taxonomy":"category","embeddable":true,"href":"https:\/\/noticiasveraces.com\/index.php?rest_route=%2Fwp%2Fv2%2Fcategories&post=23911"},{"taxonomy":"post_tag","embeddable":true,"href":"https:\/\/noticiasveraces.com\/index.php?rest_route=%2Fwp%2Fv2%2Ftags&post=23911"}],"curies":[{"name":"wp","href":"https:\/\/api.w.org\/{rel}","templated":true}]}}