{"id":23905,"date":"2025-04-21T13:17:36","date_gmt":"2025-04-21T17:17:36","guid":{"rendered":"https:\/\/noticiasveraces.com\/?p=23905"},"modified":"2025-04-21T13:17:36","modified_gmt":"2025-04-21T17:17:36","slug":"el-funeral-del-papa-francisco-programado-para-ser-mas-modesto-que-los-funerales-papales-pasados","status":"publish","type":"post","link":"https:\/\/noticiasveraces.com\/?p=23905","title":{"rendered":"El funeral del Papa Francisco programado para ser m\u00e1s modesto que los funerales papales pasados"},"content":{"rendered":"<p> \n<\/p>\n<div>\n<p class=\"speakable\">El funeral para el Papa Francisco incluir\u00e1 muchas tradiciones de larga data, pero tambi\u00e9n evitar\u00e1 algunas de las costumbres m\u00e1s intrincadas despu\u00e9s de que el Papa modificara los derechos funerarios papales de la Iglesia Cat\u00f3lica.  <\/p>\n<p class=\"speakable\">Francis muri\u00f3 el lunes a los 88 a\u00f1os, anunci\u00f3 el Vaticano.<\/p>\n<p>Si bien gran parte de la tradici\u00f3n asociada con los funerales papales, que se remonta a la antigua Roma, continuar\u00e1n, asuntos como la estructura del ata\u00fad de Francis, su proceso de verificaci\u00f3n de muerte, su ubicaci\u00f3n de entierro y c\u00f3mo ser\u00e1 visto y referido durante la ceremonia, ser\u00e1n diferentes de c\u00f3mo ha sido en el pasado.<\/p>\n<p>Francis, quien hab\u00eda luchado contra la neumon\u00eda durante semanas antes de ser dado de alta del hospital y apareciendo el domingo de Pascua, hab\u00eda enfrentado complicaciones de salud durante muchos a\u00f1os y tuvo que retirar la mitad de uno de sus pulmones como una persona joven. <\/p>\n<p><strong><u>Condici\u00f3n m\u00e9dica del Papa Francisco: qu\u00e9 saber sobre la neumon\u00eda bilateral<\/u><\/strong><\/p>\n<div class=\"image-ct inline\">\n<div class=\"m\"><picture><source media=\"(max-width: 767px)\" srcset=\"https:\/\/a57.foxnews.com\/static.foxnews.com\/foxnews.com\/content\/uploads\/2025\/04\/343\/192\/pope-francis-dead_001.jpg?ve=1&amp;tl=1, https:\/\/a57.foxnews.com\/static.foxnews.com\/foxnews.com\/content\/uploads\/2025\/04\/686\/384\/pope-francis-dead_001.jpg?ve=1&amp;tl=1 2x\" height=\"192\" width=\"343\"><source media=\"(min-width: 768px) and (max-width: 1023px)\" srcset=\"https:\/\/a57.foxnews.com\/static.foxnews.com\/foxnews.com\/content\/uploads\/2025\/04\/672\/378\/pope-francis-dead_001.jpg?ve=1&amp;tl=1, https:\/\/a57.foxnews.com\/static.foxnews.com\/foxnews.com\/content\/uploads\/2025\/04\/1344\/756\/pope-francis-dead_001.jpg?ve=1&amp;tl=1 2x\" height=\"378\" width=\"672\"><source media=\"(min-width: 1024px) and (max-width: 1279px)\" srcset=\"https:\/\/a57.foxnews.com\/static.foxnews.com\/foxnews.com\/content\/uploads\/2025\/04\/931\/523\/pope-francis-dead_001.jpg?ve=1&amp;tl=1, https:\/\/a57.foxnews.com\/static.foxnews.com\/foxnews.com\/content\/uploads\/2025\/04\/1862\/1046\/pope-francis-dead_001.jpg?ve=1&amp;tl=1 2x\" height=\"523\" width=\"931\"><source media=\"(min-width: 1280px)\" srcset=\"https:\/\/a57.foxnews.com\/static.foxnews.com\/foxnews.com\/content\/uploads\/2025\/04\/720\/405\/pope-francis-dead_001.jpg?ve=1&amp;tl=1, https:\/\/a57.foxnews.com\/static.foxnews.com\/foxnews.com\/content\/uploads\/2025\/04\/1440\/810\/pope-francis-dead_001.jpg?ve=1&amp;tl=1 2x\" height=\"405\" width=\"720\"><img loading=\"lazy\" decoding=\"async\" src=\"https:\/\/a57.foxnews.com\/static.foxnews.com\/foxnews.com\/content\/uploads\/2025\/04\/1200\/675\/pope-francis-dead_001.jpg?ve=1&amp;tl=1\" alt=\"Papa Francisco muerto\" width=\"1200\" height=\"675\"\/><\/source><\/source><\/source><\/source><\/picture><\/div>\n<div class=\"info\">\n<div class=\"caption\">\n<p><span>El Papa Francisco saluda a los cardenales mientras aparece inesperadamente durante la misa del Domingo de Ramos en la Plaza de San Pedro en el Vaticano, el 13 de abril de 2025.<\/span> <span>(Yara Nardi\/Reuters)<\/span><\/p>\n<\/div>\n<\/div>\n<\/div>\n<p>El movimiento de Francis para cambiar estas tradiciones funerarias papales, algunas de las cuales se remontan a la antigua Roma, se deriv\u00f3 de un deseo de enfatizar que el Papa es \u00abel de un pastor y disc\u00edpulo de Cristo y no de un hombre poderoso de este mundo\u00bb, seg\u00fan el arzobispo Diego Ravelli, el jefe de los ceremonias lit\u00fargicas papales que informaron que trabaj\u00f3 con Francis para ayudar a hacer la revisi\u00f3n. La reescritura tambi\u00e9n fue precedida por las circunstancias inusuales del funeral del Papa Benedicto XVI, que se desvi\u00f3 de los funerales papales tradicionales debido al hecho de que era un papa retirado en lugar de uno reinante.<\/p>\n<p>Los nuevos ritos funerarios fueron aprobados formalmente por Francis en 2023 y luego se publicaron en las pautas lit\u00fargicas de la iglesia a principios de 2024. Alrededor del mismo tiempo estaba trabajando en estas revisiones, el Papa revel\u00f3 durante una entrevista con una emisora \u200b\u200bde lengua espa\u00f1ola que no ser\u00eda enterrado en las grutas de los Vaticanos como sus predecossors, sino en Santa Mar\u00eda Maggiore Basilica. Los nuevos derechos papales hacen que sea permisible que los futuros papas tambi\u00e9n sean enterrados fuera del Vaticano. <\/p>\n<p><strong>El Papa Francisco a los 88 a\u00f1os, dice el Vaticano<\/strong><\/p>\n<p>Adem\u00e1s de la diferente ubicaci\u00f3n de entierro, los nuevos ritos funerarios papales han modificado la forma en que el Papa ser\u00e1 visto por el p\u00fablico despu\u00e9s de su muerte. En el pasado, el cuerpo del Papa se mostrar\u00eda en un marco elevado conocido como bier. Pero, bajo la nueva estructura funeraria, el Papa se colocar\u00e1 directamente en un ata\u00fad abierto, eliminando el uso del bier. El Papa Francisco tambi\u00e9n elimin\u00f3 la pr\u00e1ctica de ser enterrado en tres ata\u00fades hechos de cipr\u00e9s, plomo y roble.<\/p>\n<p>La ubicaci\u00f3n de donde Francis ser\u00eda declarado fallecido tambi\u00e9n cambi\u00f3. Pas\u00f3 de tener lugar en la habitaci\u00f3n papal a ahora dentro de la capilla papal ubicada en el Vaticano. Las nuevas reglas tambi\u00e9n requieren que los restos del Papa Francisco se pongan inmediatamente en un ata\u00fad simplista forrado de madera despu\u00e9s de que est\u00e9 decidido a haber pasado.<\/p>\n<div class=\"image-ct inline\">\n<div class=\"m\"><picture><source media=\"(max-width: 767px)\" srcset=\"https:\/\/a57.foxnews.com\/static.foxnews.com\/foxnews.com\/content\/uploads\/2025\/02\/343\/192\/gettyimages-52602966-1-scaled.jpg?ve=1&amp;tl=1, https:\/\/a57.foxnews.com\/static.foxnews.com\/foxnews.com\/content\/uploads\/2025\/02\/686\/384\/gettyimages-52602966-1-scaled.jpg?ve=1&amp;tl=1 2x\" height=\"192\" width=\"343\"><source media=\"(min-width: 768px) and (max-width: 1023px)\" srcset=\"https:\/\/a57.foxnews.com\/static.foxnews.com\/foxnews.com\/content\/uploads\/2025\/02\/672\/378\/gettyimages-52602966-1-scaled.jpg?ve=1&amp;tl=1, https:\/\/a57.foxnews.com\/static.foxnews.com\/foxnews.com\/content\/uploads\/2025\/02\/1344\/756\/gettyimages-52602966-1-scaled.jpg?ve=1&amp;tl=1 2x\" height=\"378\" width=\"672\"><source media=\"(min-width: 1024px) and (max-width: 1279px)\" srcset=\"https:\/\/a57.foxnews.com\/static.foxnews.com\/foxnews.com\/content\/uploads\/2025\/02\/931\/523\/gettyimages-52602966-1-scaled.jpg?ve=1&amp;tl=1, https:\/\/a57.foxnews.com\/static.foxnews.com\/foxnews.com\/content\/uploads\/2025\/02\/1862\/1046\/gettyimages-52602966-1-scaled.jpg?ve=1&amp;tl=1 2x\" height=\"523\" width=\"931\"><source media=\"(min-width: 1280px)\" srcset=\"https:\/\/a57.foxnews.com\/static.foxnews.com\/foxnews.com\/content\/uploads\/2025\/02\/720\/405\/gettyimages-52602966-1-scaled.jpg?ve=1&amp;tl=1, https:\/\/a57.foxnews.com\/static.foxnews.com\/foxnews.com\/content\/uploads\/2025\/02\/1440\/810\/gettyimages-52602966-1-scaled.jpg?ve=1&amp;tl=1 2x\" height=\"405\" width=\"720\"><img loading=\"lazy\" decoding=\"async\" src=\"https:\/\/a57.foxnews.com\/static.foxnews.com\/foxnews.com\/content\/uploads\/2025\/02\/1200\/675\/gettyimages-52602966-1-scaled.jpg?ve=1&amp;tl=1\" alt=\"Ceremonia f\u00fanebre para el Papa Juan Pablo II en 2005\" width=\"1200\" height=\"675\"\/><\/source><\/source><\/source><\/source><\/picture><\/div>\n<div class=\"info\">\n<div class=\"caption\">\n<p><span>El incienso se lanza sobre el ata\u00fad del Papa Juan Pablo II por el cardenal alem\u00e1n Joseph Ratzinger durante la misa f\u00fanebre en la Plaza de San Pedro el 8 de abril de 2005 en la ciudad del Vaticano.  Los cardenales menores de 80 a\u00f1os comenzar\u00e1n el c\u00f3nclave el 18 de abril, donde ser\u00e1 elegido un nuevo Papa. <\/span> <span>(Foto de Peter MacDiarmid\/Getty Images)<\/span><\/p>\n<\/div>\n<\/div>\n<\/div>\n<p>Confirmando la muerte del Papa est\u00e1 el trabajo de Camerlengo, un miembro del clero senior que administra el Vaticano durante los per\u00edodos de transici\u00f3n entre los papas. Esa posici\u00f3n est\u00e1 actualmente ocupada por el cardenal nacido en Irlanda Kevin Farrell, quien dijo el lunes: \u00abCon una inmensa gratitud por su ejemplo como un verdadero disc\u00edpulo del Se\u00f1or Jes\u00fas, elogiamos el alma del Papa Francisco al infinito amor misericordioso del \u00fanico Dios Triuno\u00bb.<\/p>\n<p><strong><u>La visi\u00f3n del catolicismo del Papa Benedicto, el Vaticano II y el futuro de la Iglesia perduran a trav\u00e9s de sus ense\u00f1anzas<\/u><\/strong><\/p>\n<p>Otro cambio notable incluye c\u00f3mo se hace referencia al Papa durante la ceremonia despu\u00e9s de su muerte. En lugar de ser referenciado por t\u00edtulos pasados \u200b\u200bque ha obtenido como l\u00edder del clero en la Iglesia Cat\u00f3lica, los funcionarios usar\u00e1n principalmente t\u00e9rminos latinos para \u00abPope\u00bb, \u00abobispo\u00bb o \u00abpastor\u00bb.<\/p>\n<div class=\"image-ct inline\">\n<div class=\"m\"><picture><source media=\"(max-width: 767px)\" srcset=\"https:\/\/a57.foxnews.com\/static.foxnews.com\/foxnews.com\/content\/uploads\/2025\/02\/343\/192\/964048e4-gettyimages-52607611-scaled.jpg?ve=1&amp;tl=1, https:\/\/a57.foxnews.com\/static.foxnews.com\/foxnews.com\/content\/uploads\/2025\/02\/686\/384\/964048e4-gettyimages-52607611-scaled.jpg?ve=1&amp;tl=1 2x\" height=\"192\" width=\"343\"><source media=\"(min-width: 768px) and (max-width: 1023px)\" srcset=\"https:\/\/a57.foxnews.com\/static.foxnews.com\/foxnews.com\/content\/uploads\/2025\/02\/672\/378\/964048e4-gettyimages-52607611-scaled.jpg?ve=1&amp;tl=1, https:\/\/a57.foxnews.com\/static.foxnews.com\/foxnews.com\/content\/uploads\/2025\/02\/1344\/756\/964048e4-gettyimages-52607611-scaled.jpg?ve=1&amp;tl=1 2x\" height=\"378\" width=\"672\"><source media=\"(min-width: 1024px) and (max-width: 1279px)\" srcset=\"https:\/\/a57.foxnews.com\/static.foxnews.com\/foxnews.com\/content\/uploads\/2025\/02\/931\/523\/964048e4-gettyimages-52607611-scaled.jpg?ve=1&amp;tl=1, https:\/\/a57.foxnews.com\/static.foxnews.com\/foxnews.com\/content\/uploads\/2025\/02\/1862\/1046\/964048e4-gettyimages-52607611-scaled.jpg?ve=1&amp;tl=1 2x\" height=\"523\" width=\"931\"><source media=\"(min-width: 1280px)\" srcset=\"https:\/\/a57.foxnews.com\/static.foxnews.com\/foxnews.com\/content\/uploads\/2025\/02\/720\/405\/964048e4-gettyimages-52607611-scaled.jpg?ve=1&amp;tl=1, https:\/\/a57.foxnews.com\/static.foxnews.com\/foxnews.com\/content\/uploads\/2025\/02\/1440\/810\/964048e4-gettyimages-52607611-scaled.jpg?ve=1&amp;tl=1 2x\" height=\"405\" width=\"720\"><img loading=\"lazy\" decoding=\"async\" src=\"https:\/\/a57.foxnews.com\/static.foxnews.com\/foxnews.com\/content\/uploads\/2025\/02\/1200\/675\/964048e4-gettyimages-52607611-scaled.jpg?ve=1&amp;tl=1\" alt=\"Arzobispo Face envolvente del difunto Papa Juan Pablo II durante el funeral\" width=\"1200\" height=\"675\"\/><\/source><\/source><\/source><\/source><\/picture><\/div>\n<div class=\"info\">\n<div class=\"caption\">\n<p><span>El arzobispo Stanislaw Dsiwisz (derecha) coloca un velo blanco sobre la cara del difunto Papa Juan Pablo II mientras el arzobispo Piero Marini mira, antes de cerrar el ata\u00fad para el entierro en las grutas debajo de la Bas\u00edlica de San Pedro 8 de abril de 2005 en el Vaticano. Las grutas forman un cementerio subterr\u00e1neo estrecho debajo de la Bas\u00edlica de San Pedro, donde los pont\u00edfices a lo largo de los siglos, los reales e incluso un emperador han sido enterrados.<\/span> <span>(Foto de Osservatore Romano-Pool\/Getty Images)<\/span><\/p>\n<\/div>\n<\/div>\n<\/div>\n<p>El arzobispo Ravelli dijo durante una presentaci\u00f3n de 2024 de los derechos del funeral papal revisado que una nueva edici\u00f3n reflejaba la opini\u00f3n de Francis, declarada en varias ocasiones Ravelli, dijo: \u00abde la necesidad de simplificar y adaptar ciertas ritos para que la celebraci\u00f3n del funeral del Bishop de Roma pueda expresar mejor la fe de la Iglesia en la Crianza Relumina\u00bb.<\/p>\n<p><strong><u>Haga clic aqu\u00ed para obtener la aplicaci\u00f3n Fox News<\/u><\/strong><\/p>\n<p>Antes de que se aprobara formalmente la nueva edici\u00f3n de los ritos papales, la iglesia sigui\u00f3 las pautas en el \u00abOrdo Exsquiarum Romani Pontificis\u00bb<i> <\/i>Aprobado en 1998 por Santo Juan Pablo II y publicado dos a\u00f1os despu\u00e9s, seg\u00fan el National Catholic Register. <\/p>\n<p>Esas pautas se utilizaron para el funeral de 2005 del Papa Juan Pablo II, pero se modific\u00f3 para cumplir con las circunstancias inusuales del fallecimiento del Papa Benedicto XVI.<\/p>\n<p> <!----> <\/div>\n\n","protected":false},"excerpt":{"rendered":"<p>El funeral para el Papa Francisco incluir\u00e1 muchas tradiciones de larga data, pero tambi\u00e9n evitar\u00e1 algunas de las costumbres m\u00e1s intrincadas despu\u00e9s de que el Papa modificara los derechos funerarios papales de la Iglesia Cat\u00f3lica. Francis muri\u00f3 el lunes a los 88 a\u00f1os, anunci\u00f3 el Vaticano. Si bien gran parte de la tradici\u00f3n asociada con &hellip;<\/p>\n","protected":false},"author":1,"featured_media":23910,"comment_status":"open","ping_status":"open","sticky":false,"template":"","format":"standard","meta":{"fifu_image_url":"https:\/\/static.foxnews.com\/foxnews.com\/content\/uploads\/2025\/02\/gettyimages-52607611-scaled.jpg","fifu_image_alt":"","footnotes":""},"categories":[13],"tags":[],"class_list":["post-23905","post","type-post","status-publish","format-standard","has-post-thumbnail","","category-mundo"],"_links":{"self":[{"href":"https:\/\/noticiasveraces.com\/index.php?rest_route=\/wp\/v2\/posts\/23905","targetHints":{"allow":["GET"]}}],"collection":[{"href":"https:\/\/noticiasveraces.com\/index.php?rest_route=\/wp\/v2\/posts"}],"about":[{"href":"https:\/\/noticiasveraces.com\/index.php?rest_route=\/wp\/v2\/types\/post"}],"author":[{"embeddable":true,"href":"https:\/\/noticiasveraces.com\/index.php?rest_route=\/wp\/v2\/users\/1"}],"replies":[{"embeddable":true,"href":"https:\/\/noticiasveraces.com\/index.php?rest_route=%2Fwp%2Fv2%2Fcomments&post=23905"}],"version-history":[{"count":0,"href":"https:\/\/noticiasveraces.com\/index.php?rest_route=\/wp\/v2\/posts\/23905\/revisions"}],"wp:featuredmedia":[{"embeddable":true,"href":"https:\/\/noticiasveraces.com\/index.php?rest_route=\/wp\/v2\/media\/23910"}],"wp:attachment":[{"href":"https:\/\/noticiasveraces.com\/index.php?rest_route=%2Fwp%2Fv2%2Fmedia&parent=23905"}],"wp:term":[{"taxonomy":"category","embeddable":true,"href":"https:\/\/noticiasveraces.com\/index.php?rest_route=%2Fwp%2Fv2%2Fcategories&post=23905"},{"taxonomy":"post_tag","embeddable":true,"href":"https:\/\/noticiasveraces.com\/index.php?rest_route=%2Fwp%2Fv2%2Ftags&post=23905"}],"curies":[{"name":"wp","href":"https:\/\/api.w.org\/{rel}","templated":true}]}}