{"id":23897,"date":"2025-04-21T11:13:37","date_gmt":"2025-04-21T15:13:37","guid":{"rendered":"https:\/\/noticiasveraces.com\/?p=23897"},"modified":"2025-04-21T11:13:37","modified_gmt":"2025-04-21T15:13:37","slug":"cual-es-el-conclave-papal-dentro-del-antiguo-proceso-de-eleccion-del-proximo-papa","status":"publish","type":"post","link":"https:\/\/noticiasveraces.com\/?p=23897","title":{"rendered":"\u00bfCu\u00e1l es el c\u00f3nclave papal? Dentro del antiguo proceso de elecci\u00f3n del pr\u00f3ximo papa"},"content":{"rendered":"<p> \n<\/p>\n<div>\n<p class=\"speakable\">Despu\u00e9s de que un Papa muere, la Iglesia Cat\u00f3lica elige a su pr\u00f3ximo l\u00edder a trav\u00e9s de un antiguo proceso electoral llamado \u00abC\u00f3nclave Papal\u00bb.<\/p>\n<p class=\"speakable\">En la pr\u00e1ctica, desde al menos 1276, el c\u00f3nclave recopila a los mejores obispos de la iglesia, llamados el Colegio de Cardenales, de todo el mundo. Aunque actualmente hay m\u00e1s de 240 cardenales, solo aquellos menores de 80 a\u00f1os son elegibles para votar en el c\u00f3nclave y el n\u00famero de electores cardinales se limita a 120.  <\/p>\n<p>Casi todos los prefectos de las oficinas del Vaticano pierden sus trabajos cuando un Papa muere, pero algunos permanecen, incluido el Ministro de Relaciones Exteriores y el Maestro de Ceremonias Lit\u00fargicas, que juegan un papel clave en el montaje del C\u00f3nclave.<\/p>\n<p>El c\u00f3nclave tiene lugar en la Capilla Sixtina del Vaticano y los Cardenales se mantienen en un aislamiento estricto para mantenerlos lejos de cualquier influencia externa del resto del mundo. Este aislamiento es tan importante en el proceso que incluso el nombre del c\u00f3nclave proviene del lat\u00edn \u00abcon clavis\u00bb, que significa \u00abcon clave\u00bb, lo que indica c\u00f3mo los electores cardinales est\u00e1n bloqueados mientras deliberan sobre qui\u00e9n ser\u00e1 el nuevo Papa.<\/p>\n<p><strong><u>El Papa Francisco a los 88 a\u00f1os, dice el Vaticano<\/u><\/strong><\/p>\n<div class=\"image-ct inline\">\n<div class=\"m\"><picture><source media=\"(max-width: 767px)\" srcset=\"https:\/\/a57.foxnews.com\/static.foxnews.com\/foxnews.com\/content\/uploads\/2025\/02\/343\/192\/gettyimages-52602966-1-scaled.jpg?ve=1&amp;tl=1, https:\/\/a57.foxnews.com\/static.foxnews.com\/foxnews.com\/content\/uploads\/2025\/02\/686\/384\/gettyimages-52602966-1-scaled.jpg?ve=1&amp;tl=1 2x\" height=\"192\" width=\"343\"><source media=\"(min-width: 768px) and (max-width: 1023px)\" srcset=\"https:\/\/a57.foxnews.com\/static.foxnews.com\/foxnews.com\/content\/uploads\/2025\/02\/672\/378\/gettyimages-52602966-1-scaled.jpg?ve=1&amp;tl=1, https:\/\/a57.foxnews.com\/static.foxnews.com\/foxnews.com\/content\/uploads\/2025\/02\/1344\/756\/gettyimages-52602966-1-scaled.jpg?ve=1&amp;tl=1 2x\" height=\"378\" width=\"672\"><source media=\"(min-width: 1024px) and (max-width: 1279px)\" srcset=\"https:\/\/a57.foxnews.com\/static.foxnews.com\/foxnews.com\/content\/uploads\/2025\/02\/931\/523\/gettyimages-52602966-1-scaled.jpg?ve=1&amp;tl=1, https:\/\/a57.foxnews.com\/static.foxnews.com\/foxnews.com\/content\/uploads\/2025\/02\/1862\/1046\/gettyimages-52602966-1-scaled.jpg?ve=1&amp;tl=1 2x\" height=\"523\" width=\"931\"><source media=\"(min-width: 1280px)\" srcset=\"https:\/\/a57.foxnews.com\/static.foxnews.com\/foxnews.com\/content\/uploads\/2025\/02\/720\/405\/gettyimages-52602966-1-scaled.jpg?ve=1&amp;tl=1, https:\/\/a57.foxnews.com\/static.foxnews.com\/foxnews.com\/content\/uploads\/2025\/02\/1440\/810\/gettyimages-52602966-1-scaled.jpg?ve=1&amp;tl=1 2x\" height=\"405\" width=\"720\"><img loading=\"lazy\" decoding=\"async\" src=\"https:\/\/a57.foxnews.com\/static.foxnews.com\/foxnews.com\/content\/uploads\/2025\/02\/1200\/675\/gettyimages-52602966-1-scaled.jpg?ve=1&amp;tl=1\" alt=\"Papa Juan Pablo II Funeral\" width=\"1200\" height=\"675\"\/><\/source><\/source><\/source><\/source><\/picture><\/div>\n<div class=\"info\">\n<div class=\"caption\">\n<p><span>El incienso se lanza sobre el ata\u00fad del Papa Juan Pablo II por el cardenal alem\u00e1n Joseph Ratzinger durante la misa f\u00fanebre en la Plaza de San Pedro el 8 de abril de 2005 en la ciudad del Vaticano.<\/span> <span>(Peter MacDiarmid\/Getty Images)<\/span><\/p>\n<\/div>\n<\/div>\n<\/div>\n<p>Tambi\u00e9n hay un \u00e9nfasis en elegir un Papa r\u00e1pidamente para disminuir la cantidad de tiempo que la iglesia pasa sin un l\u00edder. Los Cardenales emitieron su primer voto el d\u00eda en que comienza el c\u00f3nclave. Luego emitieron votos al menos dos veces al d\u00eda despu\u00e9s, por la ma\u00f1ana y la noche, hasta que se selecciona un Papa.<\/p>\n<p>La pr\u00e1ctica com\u00fan en la Iglesia Cat\u00f3lica Moderna es que los Cardenales elijan un Papa de entre sus propias filas, aunque este no siempre fue el caso.<\/p>\n<p><strong>El Papa Francisco revel\u00f3 deseos de entierro solo unos d\u00edas despu\u00e9s de convertirse en Pope en 2013<\/strong><\/p>\n<div class=\"image-ct inline\">\n<div class=\"m\"><picture><source media=\"(max-width: 767px)\" srcset=\"https:\/\/a57.foxnews.com\/static.foxnews.com\/foxnews.com\/content\/uploads\/2025\/04\/343\/192\/vance-popefrancis.jpg?ve=1&amp;tl=1, https:\/\/a57.foxnews.com\/static.foxnews.com\/foxnews.com\/content\/uploads\/2025\/04\/686\/384\/vance-popefrancis.jpg?ve=1&amp;tl=1 2x\" height=\"192\" width=\"343\"><source media=\"(min-width: 768px) and (max-width: 1023px)\" srcset=\"https:\/\/a57.foxnews.com\/static.foxnews.com\/foxnews.com\/content\/uploads\/2025\/04\/672\/378\/vance-popefrancis.jpg?ve=1&amp;tl=1, https:\/\/a57.foxnews.com\/static.foxnews.com\/foxnews.com\/content\/uploads\/2025\/04\/1344\/756\/vance-popefrancis.jpg?ve=1&amp;tl=1 2x\" height=\"378\" width=\"672\"><source media=\"(min-width: 1024px) and (max-width: 1279px)\" srcset=\"https:\/\/a57.foxnews.com\/static.foxnews.com\/foxnews.com\/content\/uploads\/2025\/04\/931\/523\/vance-popefrancis.jpg?ve=1&amp;tl=1, https:\/\/a57.foxnews.com\/static.foxnews.com\/foxnews.com\/content\/uploads\/2025\/04\/1862\/1046\/vance-popefrancis.jpg?ve=1&amp;tl=1 2x\" height=\"523\" width=\"931\"><source media=\"(min-width: 1280px)\" srcset=\"https:\/\/a57.foxnews.com\/static.foxnews.com\/foxnews.com\/content\/uploads\/2025\/04\/720\/405\/vance-popefrancis.jpg?ve=1&amp;tl=1, https:\/\/a57.foxnews.com\/static.foxnews.com\/foxnews.com\/content\/uploads\/2025\/04\/1440\/810\/vance-popefrancis.jpg?ve=1&amp;tl=1 2x\" height=\"405\" width=\"720\"><img loading=\"lazy\" decoding=\"async\" src=\"https:\/\/a57.foxnews.com\/static.foxnews.com\/foxnews.com\/content\/uploads\/2025\/04\/1200\/675\/vance-popefrancis.jpg?ve=1&amp;tl=1\" alt=\"El vicepresidente JD Vance, a la izquierda, se re\u00fane con el Papa Francisco\" width=\"1200\" height=\"675\"\/><\/source><\/source><\/source><\/source><\/picture><\/div>\n<div class=\"info\">\n<div class=\"caption\">\n<p><span>El Papa Francisco recibe al vicepresidente JD Vance, en el Vaticano el domingo de Pascua, 20 de abril de 2025.<\/span> <span>(Vaticano Media a trav\u00e9s de AP, HO)<\/span><\/p>\n<\/div>\n<\/div>\n<\/div>\n<p>Los conclamos generalmente comenzar\u00e1n con una misa especial celebrada en la Bas\u00edlica de San Pedro, en la que los cardenales invocan al Esp\u00edritu Santo para obtener orientaci\u00f3n.<\/p>\n<p>Los cardenales votan por el Papa a trav\u00e9s de una votaci\u00f3n secreta. En cada voto, un cardenal escribir\u00e1 su elecci\u00f3n en una hoja de papel, procesar\u00e1 al fresco gigante de Michaelangelo de The Fast Judgment, que sirve como un recordatorio de la gravedad y la santidad de su responsabilidad, y dejar\u00e1 caer su votaci\u00f3n en un c\u00e1liz.<\/p>\n<p><strong>Te\u00f3logo sobre la precisi\u00f3n del \u00abc\u00f3nclave\u00bb, las expectativas para el pr\u00f3ximo evento secreto despu\u00e9s de la muerte del Papa Francisco<\/strong><\/p>\n<div class=\"image-ct inline\">\n<div class=\"m\"><picture><source media=\"(max-width: 767px)\" srcset=\"https:\/\/a57.foxnews.com\/static.foxnews.com\/foxnews.com\/content\/uploads\/2023\/12\/343\/192\/GettyImages-52645715-e1701992839638.jpg?ve=1&amp;tl=1, https:\/\/a57.foxnews.com\/static.foxnews.com\/foxnews.com\/content\/uploads\/2023\/12\/686\/384\/GettyImages-52645715-e1701992839638.jpg?ve=1&amp;tl=1 2x\" height=\"192\" width=\"343\"><source media=\"(min-width: 768px) and (max-width: 1023px)\" srcset=\"https:\/\/a57.foxnews.com\/static.foxnews.com\/foxnews.com\/content\/uploads\/2023\/12\/672\/378\/GettyImages-52645715-e1701992839638.jpg?ve=1&amp;tl=1, https:\/\/a57.foxnews.com\/static.foxnews.com\/foxnews.com\/content\/uploads\/2023\/12\/1344\/756\/GettyImages-52645715-e1701992839638.jpg?ve=1&amp;tl=1 2x\" height=\"378\" width=\"672\"><source media=\"(min-width: 1024px) and (max-width: 1279px)\" srcset=\"https:\/\/a57.foxnews.com\/static.foxnews.com\/foxnews.com\/content\/uploads\/2023\/12\/931\/523\/GettyImages-52645715-e1701992839638.jpg?ve=1&amp;tl=1, https:\/\/a57.foxnews.com\/static.foxnews.com\/foxnews.com\/content\/uploads\/2023\/12\/1862\/1046\/GettyImages-52645715-e1701992839638.jpg?ve=1&amp;tl=1 2x\" height=\"523\" width=\"931\"><source media=\"(min-width: 1280px)\" srcset=\"https:\/\/a57.foxnews.com\/static.foxnews.com\/foxnews.com\/content\/uploads\/2023\/12\/720\/405\/GettyImages-52645715-e1701992839638.jpg?ve=1&amp;tl=1, https:\/\/a57.foxnews.com\/static.foxnews.com\/foxnews.com\/content\/uploads\/2023\/12\/1440\/810\/GettyImages-52645715-e1701992839638.jpg?ve=1&amp;tl=1 2x\" height=\"405\" width=\"720\"><img loading=\"lazy\" decoding=\"async\" src=\"https:\/\/a57.foxnews.com\/static.foxnews.com\/foxnews.com\/content\/uploads\/2023\/12\/1200\/675\/GettyImages-52645715-e1701992839638.jpg?ve=1&amp;tl=1\" alt=\"C\u00f3nclave Vaticano\" width=\"1200\" height=\"675\"\/><\/source><\/source><\/source><\/source><\/picture><\/div>\n<div class=\"info\">\n<div class=\"caption\">\n<p><span>Los cardenales de la Iglesia Cat\u00f3lica asisten al c\u00f3nclave electoral en la Capilla Sixtina el 18 de abril de 2005, en el Vaticano.<\/span> <span>(Arturo Mari &#8211; Vatican Pool\/ Getty Images)<\/span><\/p>\n<\/div>\n<\/div>\n<\/div>\n<p>Se necesita una mayor\u00eda de los dos tercios de los votos para seleccionar un nuevo Papa. M\u00e1s de dos tercios de los electores cardinales elegibles fueron nombrados por el Papa Francisco. Sin embargo, estos cardenales tienen un conjunto diverso de puntos de vista y provienen de todas las partes diferentes del mundo.<\/p>\n<p>Despu\u00e9s de cada voto, las boletas se queman y las cenizas se usan para enviar una se\u00f1al al resto del mundo sobre si se ha tomado una decisi\u00f3n. El humo negro que se eleva de la Capilla Sixtina significa que no ha habido un consenso, mientras que el humo blanco significa que se ha elegido un Papa.<\/p>\n<p><strong>El presidente electo Trump nombra al conservador abierto como embajador del Vaticano: &#8216;Bendiciones y responsabilidades&#8217;<\/strong><\/p>\n<div class=\"image-ct inline\">\n<div class=\"m\"><picture><source media=\"(max-width: 767px)\" srcset=\"https:\/\/a57.foxnews.com\/static.foxnews.com\/foxnews.com\/content\/uploads\/2023\/03\/343\/192\/GettyImages-1242754593-e1679153170933.jpg?ve=1&amp;tl=1, https:\/\/a57.foxnews.com\/static.foxnews.com\/foxnews.com\/content\/uploads\/2023\/03\/686\/384\/GettyImages-1242754593-e1679153170933.jpg?ve=1&amp;tl=1 2x\" height=\"192\" width=\"343\"><source media=\"(min-width: 768px) and (max-width: 1023px)\" srcset=\"https:\/\/a57.foxnews.com\/static.foxnews.com\/foxnews.com\/content\/uploads\/2023\/03\/672\/378\/GettyImages-1242754593-e1679153170933.jpg?ve=1&amp;tl=1, https:\/\/a57.foxnews.com\/static.foxnews.com\/foxnews.com\/content\/uploads\/2023\/03\/1344\/756\/GettyImages-1242754593-e1679153170933.jpg?ve=1&amp;tl=1 2x\" height=\"378\" width=\"672\"><source media=\"(min-width: 1024px) and (max-width: 1279px)\" srcset=\"https:\/\/a57.foxnews.com\/static.foxnews.com\/foxnews.com\/content\/uploads\/2023\/03\/931\/523\/GettyImages-1242754593-e1679153170933.jpg?ve=1&amp;tl=1, https:\/\/a57.foxnews.com\/static.foxnews.com\/foxnews.com\/content\/uploads\/2023\/03\/1862\/1046\/GettyImages-1242754593-e1679153170933.jpg?ve=1&amp;tl=1 2x\" height=\"523\" width=\"931\"><source media=\"(min-width: 1280px)\" srcset=\"https:\/\/a57.foxnews.com\/static.foxnews.com\/foxnews.com\/content\/uploads\/2023\/03\/720\/405\/GettyImages-1242754593-e1679153170933.jpg?ve=1&amp;tl=1, https:\/\/a57.foxnews.com\/static.foxnews.com\/foxnews.com\/content\/uploads\/2023\/03\/1440\/810\/GettyImages-1242754593-e1679153170933.jpg?ve=1&amp;tl=1 2x\" height=\"405\" width=\"720\"><img loading=\"lazy\" decoding=\"async\" src=\"https:\/\/a57.foxnews.com\/static.foxnews.com\/foxnews.com\/content\/uploads\/2023\/03\/1200\/675\/GettyImages-1242754593-e1679153170933.jpg?ve=1&amp;tl=1\" alt=\"Gerhard Ludwig Cardenal M\u00fcller\" width=\"1200\" height=\"675\"\/><\/source><\/source><\/source><\/source><\/picture><\/div>\n<div class=\"info\">\n<div class=\"caption\">\n<p><span>Gerhard Ludwig Cardenal M\u00fcller, derecha, durante un consistorio en la Bas\u00edlica de San Pedro.<\/span> <span>(Johannes Neudecker\/Picture Alliance)<\/span><\/p>\n<\/div>\n<\/div>\n<\/div>\n<p>Una vez que un Cardenal recibe una mayor\u00eda de los dos tercios de los votos, el decano del Colegio de Cardenales le pregunta si est\u00e1 dispuesto a aceptar el puesto. Si acepta, debe elegir su nombre papal. El cardenal Jos\u00e9 Mario Bergoglio eligi\u00f3 el nombre \u00abPope Francis\u00bb, convirti\u00e9ndose en el primer Papa en elegir este nombre.<\/p>\n<p><strong><u>Haga clic aqu\u00ed para llegar a la aplicaci\u00f3n Fox News<\/u><\/strong><\/p>\n<p>Despu\u00e9s de que el mundo es alertado a trav\u00e9s de la quema de humo blanco, el nuevo Papa se anuncia con el cardenal m\u00e1s alto que proclaman \u00abHabemus Papam!\u00bb &#8211; \u00abTenemos un Papa\u00bb &#8211; despu\u00e9s de lo cual el pont\u00edfice reci\u00e9n elegido procesa e imparte su primera bendici\u00f3n a la ciudad de Roma y al resto del mundo.<\/p>\n<p> <!----> <\/p>\n<div class=\"article-meta\">\n<div class=\"author-bio\">\n<p>Peter Pinedo es un escritor de pol\u00edtica de Fox News Digital.<\/p>\n<\/div>\n<\/div>\n<\/div>\n\n","protected":false},"excerpt":{"rendered":"<p>Despu\u00e9s de que un Papa muere, la Iglesia Cat\u00f3lica elige a su pr\u00f3ximo l\u00edder a trav\u00e9s de un antiguo proceso electoral llamado \u00abC\u00f3nclave Papal\u00bb. En la pr\u00e1ctica, desde al menos 1276, el c\u00f3nclave recopila a los mejores obispos de la iglesia, llamados el Colegio de Cardenales, de todo el mundo. Aunque actualmente hay m\u00e1s de &hellip;<\/p>\n","protected":false},"author":1,"featured_media":23899,"comment_status":"open","ping_status":"open","sticky":false,"template":"","format":"standard","meta":{"fifu_image_url":"https:\/\/static.foxnews.com\/foxnews.com\/content\/uploads\/2025\/04\/cardinals-conclave.jpg","fifu_image_alt":"","footnotes":""},"categories":[13],"tags":[],"class_list":["post-23897","post","type-post","status-publish","format-standard","has-post-thumbnail","","category-mundo"],"_links":{"self":[{"href":"https:\/\/noticiasveraces.com\/index.php?rest_route=\/wp\/v2\/posts\/23897","targetHints":{"allow":["GET"]}}],"collection":[{"href":"https:\/\/noticiasveraces.com\/index.php?rest_route=\/wp\/v2\/posts"}],"about":[{"href":"https:\/\/noticiasveraces.com\/index.php?rest_route=\/wp\/v2\/types\/post"}],"author":[{"embeddable":true,"href":"https:\/\/noticiasveraces.com\/index.php?rest_route=\/wp\/v2\/users\/1"}],"replies":[{"embeddable":true,"href":"https:\/\/noticiasveraces.com\/index.php?rest_route=%2Fwp%2Fv2%2Fcomments&post=23897"}],"version-history":[{"count":0,"href":"https:\/\/noticiasveraces.com\/index.php?rest_route=\/wp\/v2\/posts\/23897\/revisions"}],"wp:featuredmedia":[{"embeddable":true,"href":"https:\/\/noticiasveraces.com\/index.php?rest_route=\/wp\/v2\/media\/23899"}],"wp:attachment":[{"href":"https:\/\/noticiasveraces.com\/index.php?rest_route=%2Fwp%2Fv2%2Fmedia&parent=23897"}],"wp:term":[{"taxonomy":"category","embeddable":true,"href":"https:\/\/noticiasveraces.com\/index.php?rest_route=%2Fwp%2Fv2%2Fcategories&post=23897"},{"taxonomy":"post_tag","embeddable":true,"href":"https:\/\/noticiasveraces.com\/index.php?rest_route=%2Fwp%2Fv2%2Ftags&post=23897"}],"curies":[{"name":"wp","href":"https:\/\/api.w.org\/{rel}","templated":true}]}}