{"id":23887,"date":"2025-04-21T09:11:27","date_gmt":"2025-04-21T13:11:27","guid":{"rendered":"https:\/\/noticiasveraces.com\/?p=23887"},"modified":"2025-04-21T09:11:27","modified_gmt":"2025-04-21T13:11:27","slug":"las-reacciones-de-los-lideres-mundiales-llegan-despues-de-fallecer-el-papa-francisco","status":"publish","type":"post","link":"https:\/\/noticiasveraces.com\/?p=23887","title":{"rendered":"Las reacciones de los l\u00edderes mundiales llegan despu\u00e9s de fallecer el Papa Francisco"},"content":{"rendered":"<p> \n<\/p>\n<div>\n<p class=\"speakable\">El presidente de los Estados Unidos, Donald Trump, y varios otros l\u00edderes mundiales emitieron comentarios que respondieron a la noticia de que el Papa Francisco falleci\u00f3 el lunes.<\/p>\n<p class=\"speakable\">\u00ab\u00a1Descansa en paz Papa Francisco! \u00a1Que Dios lo bendiga a \u00e9l y a todos los que lo amaron!\u00bb Trump declar\u00f3 en una publicaci\u00f3n sobre Truth Social.<\/p>\n<p>El vicepresidente JD Vance, que acababa de reunirse con el pont\u00edfice el domingo de Pascua, se\u00f1al\u00f3 que estaba feliz de ver al Papa, que claramente estaba bastante enfermo.<\/p>\n<p>\u00abAcabo de enterarme del fallecimiento del Papa Francisco. Mi coraz\u00f3n est\u00e1 con los millones de cristianos de todo el mundo que lo amaban. Estaba feliz de verlo ayer, aunque obviamente estaba muy enfermo. Pero siempre lo recordar\u00e9 por la homil\u00eda a continuaci\u00f3n que dio en los primeros d\u00edas de Covid\u00bb, dijo Vance en una publicaci\u00f3n en X, junto con un enlace a la homil\u00eda. \u00abFue realmente bastante hermoso. Que Dios descanse su alma\u00bb. <\/p>\n<p>La cuenta de la Casa Blanca X emiti\u00f3 una publicaci\u00f3n que dec\u00eda: \u00abDescansa en paz, el Papa Francisco\u00bb.<\/p>\n<p><strong>\u00bfQui\u00e9n podr\u00eda ser el pr\u00f3ximo Papa?<\/strong><\/p>\n<div class=\"image-ct inline\">\n<div class=\"m\"><picture><source media=\"(max-width: 767px)\" srcset=\"https:\/\/a57.foxnews.com\/static.foxnews.com\/foxnews.com\/content\/uploads\/2025\/04\/343\/192\/vance-pope-francis.jpg?ve=1&amp;tl=1, https:\/\/a57.foxnews.com\/static.foxnews.com\/foxnews.com\/content\/uploads\/2025\/04\/686\/384\/vance-pope-francis.jpg?ve=1&amp;tl=1 2x\" height=\"192\" width=\"343\"><source media=\"(min-width: 768px) and (max-width: 1023px)\" srcset=\"https:\/\/a57.foxnews.com\/static.foxnews.com\/foxnews.com\/content\/uploads\/2025\/04\/672\/378\/vance-pope-francis.jpg?ve=1&amp;tl=1, https:\/\/a57.foxnews.com\/static.foxnews.com\/foxnews.com\/content\/uploads\/2025\/04\/1344\/756\/vance-pope-francis.jpg?ve=1&amp;tl=1 2x\" height=\"378\" width=\"672\"><source media=\"(min-width: 1024px) and (max-width: 1279px)\" srcset=\"https:\/\/a57.foxnews.com\/static.foxnews.com\/foxnews.com\/content\/uploads\/2025\/04\/931\/523\/vance-pope-francis.jpg?ve=1&amp;tl=1, https:\/\/a57.foxnews.com\/static.foxnews.com\/foxnews.com\/content\/uploads\/2025\/04\/1862\/1046\/vance-pope-francis.jpg?ve=1&amp;tl=1 2x\" height=\"523\" width=\"931\"><source media=\"(min-width: 1280px)\" srcset=\"https:\/\/a57.foxnews.com\/static.foxnews.com\/foxnews.com\/content\/uploads\/2025\/04\/720\/405\/vance-pope-francis.jpg?ve=1&amp;tl=1, https:\/\/a57.foxnews.com\/static.foxnews.com\/foxnews.com\/content\/uploads\/2025\/04\/1440\/810\/vance-pope-francis.jpg?ve=1&amp;tl=1 2x\" height=\"405\" width=\"720\"><img loading=\"lazy\" decoding=\"async\" src=\"https:\/\/a57.foxnews.com\/static.foxnews.com\/foxnews.com\/content\/uploads\/2025\/04\/1200\/675\/vance-pope-francis.jpg?ve=1&amp;tl=1\" alt=\"Vicepresidente JD Vance con el Papa Francisco\" width=\"1200\" height=\"675\"\/><\/source><\/source><\/source><\/source><\/picture><\/div>\n<div class=\"info\">\n<div class=\"caption\">\n<p><span>El Papa Francisco se re\u00fane con el vicepresidente JD Vance y la delegaci\u00f3n durante una audiencia en Casa Santa Marta el 20 de abril de 2025 en la ciudad del Vaticano, Vaticano.<\/span> <span>(Medios del Vaticano a trav\u00e9s de Vatican Pool\/Getty Images)<\/span><\/p>\n<\/div>\n<\/div>\n<\/div>\n<p>El rey Carlos III del Reino Unido dijo que \u00e9l y su esposa estaban muy tristes al escuchar sobre la muerte del Papa.<\/p>\n<p>\u00abMi esposa y yo nos entristecimos profundamente al enterarse de la muerte del Papa Francisco. Sin embargo, nuestros corazones pesados \u200b\u200bhan sido algo aliviados para saber que su santidad pudo compartir un saludo de Pascua con la iglesia y el mundo que sirvi\u00f3 con tanta devoci\u00f3n durante su vida y ministerio\u00bb, dijo el rey en su mensaje.<\/p>\n<p>\u00abSu santidad ser\u00e1 recordada por su compasi\u00f3n, su preocupaci\u00f3n por la unidad de la Iglesia y por su incansable compromiso con las causas comunes de todas las personas de fe, y con las de buena voluntad que trabajan en beneficio de los dem\u00e1s. Su creencia de que la creaci\u00f3n es una expresi\u00f3n existencial de fe en Dios reson\u00f3 con tantos en todo el mundo. A trav\u00e9s de su trabajo y cuidado tanto para las personas como para el planeo, \u00e9l es una expresi\u00f3n existencial de tantos.<\/p>\n<p>\u00abLa Reina y yo recuerdo con afecto particular nuestras reuniones con su santidad a lo largo de los a\u00f1os y nos conmovi\u00f3 mucho haber podido visitarlo a principios de mes. Enviamos nuestras condolencias m\u00e1s sinceras y una profunda simpat\u00eda a la Iglesia a la que sirvi\u00f3 con tal resoluci\u00f3n y a las innumerables personas en todo el mundo que, inspirados por su vida, estar\u00e1n de la devastadora p\u00e9rdida de este fiel fitador de Jes\u00fas Christ\u00bb.<\/p>\n<p><strong>Papa Francis muerto a los 88 a\u00f1os<\/strong><\/p>\n<div class=\"image-ct inline\">\n<div class=\"m\"><picture><source media=\"(max-width: 767px)\" srcset=\"https:\/\/a57.foxnews.com\/static.foxnews.com\/foxnews.com\/content\/uploads\/2025\/04\/343\/192\/pope-francis.jpg?ve=1&amp;tl=1, https:\/\/a57.foxnews.com\/static.foxnews.com\/foxnews.com\/content\/uploads\/2025\/04\/686\/384\/pope-francis.jpg?ve=1&amp;tl=1 2x\" height=\"192\" width=\"343\"><source media=\"(min-width: 768px) and (max-width: 1023px)\" srcset=\"https:\/\/a57.foxnews.com\/static.foxnews.com\/foxnews.com\/content\/uploads\/2025\/04\/672\/378\/pope-francis.jpg?ve=1&amp;tl=1, https:\/\/a57.foxnews.com\/static.foxnews.com\/foxnews.com\/content\/uploads\/2025\/04\/1344\/756\/pope-francis.jpg?ve=1&amp;tl=1 2x\" height=\"378\" width=\"672\"><source media=\"(min-width: 1024px) and (max-width: 1279px)\" srcset=\"https:\/\/a57.foxnews.com\/static.foxnews.com\/foxnews.com\/content\/uploads\/2025\/04\/931\/523\/pope-francis.jpg?ve=1&amp;tl=1, https:\/\/a57.foxnews.com\/static.foxnews.com\/foxnews.com\/content\/uploads\/2025\/04\/1862\/1046\/pope-francis.jpg?ve=1&amp;tl=1 2x\" height=\"523\" width=\"931\"><source media=\"(min-width: 1280px)\" srcset=\"https:\/\/a57.foxnews.com\/static.foxnews.com\/foxnews.com\/content\/uploads\/2025\/04\/720\/405\/pope-francis.jpg?ve=1&amp;tl=1, https:\/\/a57.foxnews.com\/static.foxnews.com\/foxnews.com\/content\/uploads\/2025\/04\/1440\/810\/pope-francis.jpg?ve=1&amp;tl=1 2x\" height=\"405\" width=\"720\"><img loading=\"lazy\" decoding=\"async\" src=\"https:\/\/a57.foxnews.com\/static.foxnews.com\/foxnews.com\/content\/uploads\/2025\/04\/1200\/675\/pope-francis.jpg?ve=1&amp;tl=1\" alt=\"Papa cat\u00f3lico romano Francisco\" width=\"1200\" height=\"675\"\/><\/source><\/source><\/source><\/source><\/picture><\/div>\n<div class=\"info\">\n<div class=\"caption\">\n<p><span>El Papa Francisco sostiene su homil\u00eda durante la audiencia general semanal en el Pablo VI Hall el 12 de febrero de 2025 en la ciudad del Vaticano, Vaticano.<\/span> <span>(Medios del Vaticano a trav\u00e9s de Vatican Pool\/Getty Images)<\/span><\/p>\n<\/div>\n<\/div>\n<\/div>\n<p>El primer ministro del Reino Unido, Keir Starmer, extendi\u00f3 las condolencias en nombre de su pa\u00eds.<\/p>\n<p>\u00abProfundamente entristecido al escuchar la muerte de Su Santidad al Papa Francisco. Sus incansables esfuerzos para promover un mundo que sea m\u00e1s justo para todos dejar\u00e1 un legado duradero. En nombre del pueblo del Reino Unido, comparto mis m\u00e1s sinceras condolencias con toda la Iglesia Cat\u00f3lica\u00bb, se\u00f1al\u00f3 Starmer en una publicaci\u00f3n en X.<\/p>\n<p>El presidente de la Comisi\u00f3n Europea, Ursula von der Leyen, tambi\u00e9n intervino.<\/p>\n<p>\u00abHoy, el mundo llora el fallecimiento del Papa Francisco. Inspir\u00f3 a millones, mucho m\u00e1s all\u00e1 de la Iglesia Cat\u00f3lica, con su humildad y amor tan puro por los menos afortunados. Mis pensamientos son con todos los que sienten esta p\u00e9rdida profunda. Que encuentren consuelo en la idea de que el legado del Papa Francisco continuar\u00e1 gui\u00e1ndonos a todos hacia un mundo m\u00e1s justo, pac\u00edfico y compasivo\u00bb, dijo en un puesto en un puesto en X.<\/p>\n<p><strong>Galer\u00eda de fotos: Papa Francis a trav\u00e9s de los a\u00f1os<\/strong><\/p>\n<p><strong><u>Haga clic aqu\u00ed para obtener la aplicaci\u00f3n Fox News<\/u><\/strong><\/p>\n<p>Narenda Modi, primer ministro de la India, public\u00f3 en X: \u00abDolorado por el fallecimiento de su santidad, el Papa Francisco. En esta hora de dolor y recuerdo, mi m\u00e1s sincero condolencias a la comunidad cat\u00f3lica global. El Papa Francis Y oprimido.<\/p>\n<p>\u00abRecuerdo con cari\u00f1o mis reuniones con \u00e9l y me inspir\u00f3 mucho su compromiso con el desarrollo inclusivo y completo. Su afecto por el pueblo de la India siempre ser\u00e1 apreciado. Que su alma encuentre la paz eterna en el abrazo de Dios\u00bb, agreg\u00f3 Modi.<\/p>\n<p>El presidente israel\u00ed Isaac Herzog tambi\u00e9n ofreci\u00f3 condolencias, tanto en una publicaci\u00f3n en X, como mientras hablaba en un evento junto con el embajador de los Estados Unidos ante Israel Mike Huckabee el lunes.<\/p>\n<p> \u00abEnv\u00edo mis m\u00e1s profundos condolencias al mundo cristiano y especialmente a las comunidades cristianas en Israel, la Tierra Santa, sobre la p\u00e9rdida de su gran padre espiritual, su santidad, el Papa Francisco. Un hombre de fe profunda y compasi\u00f3n ilimitada, dedic\u00f3 su vida a elevar a los pobres y pedir una gran importancia. Respeto \u00ab, declar\u00f3 Herzog en el puesto.<\/p>\n<p>\u00abRealmente espero que sus oraciones por la paz en el Medio Oriente y por el regreso seguro de los rehenes pronto sean respondidas. Que su memoria contin\u00fae inspirando actos de amabilidad, unidad y esperanza\u00bb.<\/p>\n<p>El presidente franc\u00e9s, Emmanuel Macron, declar\u00f3 en un tweet: \u00abDesde Buenos Aires hasta Roma, el Papa Francisco quer\u00eda que la iglesia trajera alegr\u00eda y esperanza a los m\u00e1s pobres. Para unir a las personas entre s\u00ed y con la naturaleza. Que esta esperanza renueva infinitamente m\u00e1s all\u00e1 de \u00e9l. A todos los cat\u00f3licos, a un mundo afligido, mi esposa y yo enviamos nuestros pensamientos\u00bb.<\/p>\n<p><i>Tim Santthouse de Fox News contribuy\u00f3 a este informe<\/i><\/p>\n<p> <!----> <\/p>\n<div class=\"article-meta\">\n<div class=\"author-bio\">\n<p>Alex Nitzberg es escritor de Fox News Digital.<\/p>\n<\/div>\n<\/div>\n<\/div>\n\n","protected":false},"excerpt":{"rendered":"<p>El presidente de los Estados Unidos, Donald Trump, y varios otros l\u00edderes mundiales emitieron comentarios que respondieron a la noticia de que el Papa Francisco falleci\u00f3 el lunes. \u00ab\u00a1Descansa en paz Papa Francisco! \u00a1Que Dios lo bendiga a \u00e9l y a todos los que lo amaron!\u00bb Trump declar\u00f3 en una publicaci\u00f3n sobre Truth Social. El &hellip;<\/p>\n","protected":false},"author":1,"featured_media":23889,"comment_status":"open","ping_status":"open","sticky":false,"template":"","format":"standard","meta":{"fifu_image_url":"https:\/\/static.foxnews.com\/foxnews.com\/content\/uploads\/2025\/04\/pope-francis.jpg","fifu_image_alt":"","footnotes":""},"categories":[13],"tags":[],"class_list":["post-23887","post","type-post","status-publish","format-standard","has-post-thumbnail","","category-mundo"],"_links":{"self":[{"href":"https:\/\/noticiasveraces.com\/index.php?rest_route=\/wp\/v2\/posts\/23887","targetHints":{"allow":["GET"]}}],"collection":[{"href":"https:\/\/noticiasveraces.com\/index.php?rest_route=\/wp\/v2\/posts"}],"about":[{"href":"https:\/\/noticiasveraces.com\/index.php?rest_route=\/wp\/v2\/types\/post"}],"author":[{"embeddable":true,"href":"https:\/\/noticiasveraces.com\/index.php?rest_route=\/wp\/v2\/users\/1"}],"replies":[{"embeddable":true,"href":"https:\/\/noticiasveraces.com\/index.php?rest_route=%2Fwp%2Fv2%2Fcomments&post=23887"}],"version-history":[{"count":0,"href":"https:\/\/noticiasveraces.com\/index.php?rest_route=\/wp\/v2\/posts\/23887\/revisions"}],"wp:featuredmedia":[{"embeddable":true,"href":"https:\/\/noticiasveraces.com\/index.php?rest_route=\/wp\/v2\/media\/23889"}],"wp:attachment":[{"href":"https:\/\/noticiasveraces.com\/index.php?rest_route=%2Fwp%2Fv2%2Fmedia&parent=23887"}],"wp:term":[{"taxonomy":"category","embeddable":true,"href":"https:\/\/noticiasveraces.com\/index.php?rest_route=%2Fwp%2Fv2%2Fcategories&post=23887"},{"taxonomy":"post_tag","embeddable":true,"href":"https:\/\/noticiasveraces.com\/index.php?rest_route=%2Fwp%2Fv2%2Ftags&post=23887"}],"curies":[{"name":"wp","href":"https:\/\/api.w.org\/{rel}","templated":true}]}}