{"id":23881,"date":"2025-04-21T08:10:02","date_gmt":"2025-04-21T12:10:02","guid":{"rendered":"https:\/\/noticiasveraces.com\/?p=23881"},"modified":"2025-04-21T08:10:02","modified_gmt":"2025-04-21T12:10:02","slug":"papa-francisco-para-ser-enterrado-en-la-basilica-de-santa-maria-maggiore","status":"publish","type":"post","link":"https:\/\/noticiasveraces.com\/?p=23881","title":{"rendered":"Papa Francisco para ser enterrado en la Bas\u00edlica de Santa Mar\u00eda Maggiore"},"content":{"rendered":"<p> \n<\/p>\n<div>\n<p class=\"speakable\">Solo unos d\u00edas despu\u00e9s de convertirse en Papa, el Papa Francisco revel\u00f3 sus deseos de entierro tras su muerte.<\/p>\n<p class=\"speakable\">En marzo de 2013, el Papa Francisco fue elegido durante un c\u00f3nclave por los Cardenales de la Iglesia Cat\u00f3lica despu\u00e9s de la decisi\u00f3n del Papa Benedicto XVI de renunciar en medio de preocupaciones de salud.<\/p>\n<p>\u00abEra su creencia que no podr\u00eda vivir mucho tiempo\u00bb, dijo Neomi DeAnda, un te\u00f3logo constructivo entrenado, a Fox News Digital. \u00abYa ten\u00eda los 70 a\u00f1os cuando fue elegido Papa, y quer\u00eda estar preparado cuando Dios lo llam\u00f3 a casa\u00bb.<\/p>\n<p><strong>\u00bfQui\u00e9n podr\u00eda ser el pr\u00f3ximo Papa?<\/strong><\/p>\n<div class=\"image-ct inline\">\n<div class=\"m\"><picture><source media=\"(max-width: 767px)\" srcset=\"https:\/\/a57.foxnews.com\/static.foxnews.com\/foxnews.com\/content\/uploads\/2025\/04\/343\/192\/pope-francis-dead_001.jpg?ve=1&amp;tl=1, https:\/\/a57.foxnews.com\/static.foxnews.com\/foxnews.com\/content\/uploads\/2025\/04\/686\/384\/pope-francis-dead_001.jpg?ve=1&amp;tl=1 2x\" height=\"192\" width=\"343\"><source media=\"(min-width: 768px) and (max-width: 1023px)\" srcset=\"https:\/\/a57.foxnews.com\/static.foxnews.com\/foxnews.com\/content\/uploads\/2025\/04\/672\/378\/pope-francis-dead_001.jpg?ve=1&amp;tl=1, https:\/\/a57.foxnews.com\/static.foxnews.com\/foxnews.com\/content\/uploads\/2025\/04\/1344\/756\/pope-francis-dead_001.jpg?ve=1&amp;tl=1 2x\" height=\"378\" width=\"672\"><source media=\"(min-width: 1024px) and (max-width: 1279px)\" srcset=\"https:\/\/a57.foxnews.com\/static.foxnews.com\/foxnews.com\/content\/uploads\/2025\/04\/931\/523\/pope-francis-dead_001.jpg?ve=1&amp;tl=1, https:\/\/a57.foxnews.com\/static.foxnews.com\/foxnews.com\/content\/uploads\/2025\/04\/1862\/1046\/pope-francis-dead_001.jpg?ve=1&amp;tl=1 2x\" height=\"523\" width=\"931\"><source media=\"(min-width: 1280px)\" srcset=\"https:\/\/a57.foxnews.com\/static.foxnews.com\/foxnews.com\/content\/uploads\/2025\/04\/720\/405\/pope-francis-dead_001.jpg?ve=1&amp;tl=1, https:\/\/a57.foxnews.com\/static.foxnews.com\/foxnews.com\/content\/uploads\/2025\/04\/1440\/810\/pope-francis-dead_001.jpg?ve=1&amp;tl=1 2x\" height=\"405\" width=\"720\"><img loading=\"lazy\" decoding=\"async\" src=\"https:\/\/a57.foxnews.com\/static.foxnews.com\/foxnews.com\/content\/uploads\/2025\/04\/1200\/675\/pope-francis-dead_001.jpg?ve=1&amp;tl=1\" alt=\"Papa Francisco muerto\" width=\"1200\" height=\"675\"\/><\/source><\/source><\/source><\/source><\/picture><\/div>\n<div class=\"info\">\n<div class=\"caption\">\n<p><span>El Papa Francisco seleccion\u00f3 la Bas\u00edlica de Santa Mar\u00eda Maggiore como su \u00faltimo lugar de descanso solo unos d\u00edas despu\u00e9s de ser elegido Papa en 2013.<\/span> <span>(Yara Nardi\/Reuters)<\/span><\/p>\n<\/div>\n<\/div>\n<\/div>\n<p>DeAnda posee un Ph.D. en Teolog\u00eda de la Universidad de Loyola en Chicago, una maestr\u00eda en teolog\u00eda de la Escuela Oblate of Theology y una maestr\u00eda en teolog\u00eda de la Universidad de St. Mary en Texas. Es experta en estudios latinoamericanos y en Mar\u00eda en Am\u00e9rica Latina.<\/p>\n<p>\u00abNo sab\u00eda cu\u00e1nto tiempo m\u00e1s vivir\u00eda, y desde que fue elegido Papa a una edad avanzada, definitivamente no esperaba tener un papado tan largo\u00bb, dijo Deanda. \u00abQuer\u00eda tener sus deseos disponibles en caso de que Dios lo llamara hogar\u00bb.<\/p>\n<p>El Papa Francisco seleccion\u00f3 la Bas\u00edlica de Santa Mar\u00eda Maggiore como su \u00faltimo lugar de descanso.<\/p>\n<p>\u00abTiene cierta importancia para sus abuelos\u00bb, dijo DeAnda a Fox News Digital. \u00abSus abuelos fueron los que emigraron a Argentina con su padre y creo que vivieron cerca y visitaron esa bas\u00edlica\u00bb.<\/p>\n<p><strong>\u00bfCu\u00e1l es el c\u00f3nclave papal? Dentro del antiguo proceso de elecci\u00f3n del pr\u00f3ximo papa<\/strong><\/p>\n<div class=\"image-ct inline\">\n<div class=\"m\"><picture><source media=\"(max-width: 767px)\" srcset=\"https:\/\/a57.foxnews.com\/static.foxnews.com\/foxnews.com\/content\/uploads\/2025\/04\/343\/192\/pope-franicis-dead_010.jpg?ve=1&amp;tl=1, https:\/\/a57.foxnews.com\/static.foxnews.com\/foxnews.com\/content\/uploads\/2025\/04\/686\/384\/pope-franicis-dead_010.jpg?ve=1&amp;tl=1 2x\" height=\"192\" width=\"343\"><source media=\"(min-width: 768px) and (max-width: 1023px)\" srcset=\"https:\/\/a57.foxnews.com\/static.foxnews.com\/foxnews.com\/content\/uploads\/2025\/04\/672\/378\/pope-franicis-dead_010.jpg?ve=1&amp;tl=1, https:\/\/a57.foxnews.com\/static.foxnews.com\/foxnews.com\/content\/uploads\/2025\/04\/1344\/756\/pope-franicis-dead_010.jpg?ve=1&amp;tl=1 2x\" height=\"378\" width=\"672\"><source media=\"(min-width: 1024px) and (max-width: 1279px)\" srcset=\"https:\/\/a57.foxnews.com\/static.foxnews.com\/foxnews.com\/content\/uploads\/2025\/04\/931\/523\/pope-franicis-dead_010.jpg?ve=1&amp;tl=1, https:\/\/a57.foxnews.com\/static.foxnews.com\/foxnews.com\/content\/uploads\/2025\/04\/1862\/1046\/pope-franicis-dead_010.jpg?ve=1&amp;tl=1 2x\" height=\"523\" width=\"931\"><source media=\"(min-width: 1280px)\" srcset=\"https:\/\/a57.foxnews.com\/static.foxnews.com\/foxnews.com\/content\/uploads\/2025\/04\/720\/405\/pope-franicis-dead_010.jpg?ve=1&amp;tl=1, https:\/\/a57.foxnews.com\/static.foxnews.com\/foxnews.com\/content\/uploads\/2025\/04\/1440\/810\/pope-franicis-dead_010.jpg?ve=1&amp;tl=1 2x\" height=\"405\" width=\"720\"><img loading=\"lazy\" decoding=\"async\" src=\"https:\/\/a57.foxnews.com\/static.foxnews.com\/foxnews.com\/content\/uploads\/2025\/04\/1200\/675\/pope-franicis-dead_010.jpg?ve=1&amp;tl=1\" alt=\"El Papa Francisco se encuentra con JD Vance antes de morir\" width=\"1200\" height=\"675\"\/><\/source><\/source><\/source><\/source><\/picture><\/div>\n<div class=\"info\">\n<div class=\"caption\">\n<p><span>El Papa Francisco se reuni\u00f3 con el vicepresidente JD Vance el domingo de Pascua, solo unas horas antes de fallecer.<\/span> <span>(Vaticano Media a trav\u00e9s de AP)<\/span><\/p>\n<\/div>\n<\/div>\n<\/div>\n<p>El 13 de marzo de 2013, el Papa Francisco apareci\u00f3 por primera vez en p\u00fablico como Papa en la Bas\u00edlica.<\/p>\n<p>\u00abEse ha sido su lugar favorito para visitar\u00bb, dijo DeAnda. \u00abEs un lugar al que va cada vez que va de viaje. \u00c9l va all\u00ed para rezar antes de ir a un viaje\u00bb.<\/p>\n<p>El Papa Francisco, nacido Jorge Mario Bergoglio en Argentina, fue el primer papa de los continentes estadounidenses.<\/p>\n<p>Su familia escap\u00f3 del facismo en Italia y huy\u00f3 a Argentina, seg\u00fan su autobiograf\u00eda.<\/p>\n<p>\u00abHay una gran historia sobre c\u00f3mo estaban tratando de abordar un cierto barco, un cierto barco para sus viajes de inmigrantes, y no hicieron ese barco porque no pudieron vender todos sus productos\u00bb, dijo DeAnda sobre el padre y los abuelos del Papa Francisco. \u00abEse barco se llama SS Principessa Mafalda\u00bb.<\/p>\n<p><strong><u>Haga clic aqu\u00ed para llegar a la aplicaci\u00f3n Fox News<\/u><\/strong><\/p>\n<div class=\"image-ct inline\">\n<div class=\"m\"><picture><source media=\"(max-width: 767px)\" srcset=\"https:\/\/a57.foxnews.com\/static.foxnews.com\/foxnews.com\/content\/uploads\/2025\/02\/343\/192\/pope-francis-health-update_001-.jpg?ve=1&amp;tl=1, https:\/\/a57.foxnews.com\/static.foxnews.com\/foxnews.com\/content\/uploads\/2025\/02\/686\/384\/pope-francis-health-update_001-.jpg?ve=1&amp;tl=1 2x\" height=\"192\" width=\"343\"><source media=\"(min-width: 768px) and (max-width: 1023px)\" srcset=\"https:\/\/a57.foxnews.com\/static.foxnews.com\/foxnews.com\/content\/uploads\/2025\/02\/672\/378\/pope-francis-health-update_001-.jpg?ve=1&amp;tl=1, https:\/\/a57.foxnews.com\/static.foxnews.com\/foxnews.com\/content\/uploads\/2025\/02\/1344\/756\/pope-francis-health-update_001-.jpg?ve=1&amp;tl=1 2x\" height=\"378\" width=\"672\"><source media=\"(min-width: 1024px) and (max-width: 1279px)\" srcset=\"https:\/\/a57.foxnews.com\/static.foxnews.com\/foxnews.com\/content\/uploads\/2025\/02\/931\/523\/pope-francis-health-update_001-.jpg?ve=1&amp;tl=1, https:\/\/a57.foxnews.com\/static.foxnews.com\/foxnews.com\/content\/uploads\/2025\/02\/1862\/1046\/pope-francis-health-update_001-.jpg?ve=1&amp;tl=1 2x\" height=\"523\" width=\"931\"><source media=\"(min-width: 1280px)\" srcset=\"https:\/\/a57.foxnews.com\/static.foxnews.com\/foxnews.com\/content\/uploads\/2025\/02\/720\/405\/pope-francis-health-update_001-.jpg?ve=1&amp;tl=1, https:\/\/a57.foxnews.com\/static.foxnews.com\/foxnews.com\/content\/uploads\/2025\/02\/1440\/810\/pope-francis-health-update_001-.jpg?ve=1&amp;tl=1 2x\" height=\"405\" width=\"720\"><img loading=\"lazy\" decoding=\"async\" src=\"https:\/\/a57.foxnews.com\/static.foxnews.com\/foxnews.com\/content\/uploads\/2025\/02\/1200\/675\/pope-francis-health-update_001-.jpg?ve=1&amp;tl=1\" alt=\"Francis en mejor salud\" width=\"1200\" height=\"675\"\/><\/source><\/source><\/source><\/source><\/picture><\/div>\n<div class=\"info\">\n<div class=\"caption\">\n<p><span>El Papa Francisco a menudo visitaba la Bas\u00edlica de Santa Mar\u00eda Maggiore, un lugar que le recordaba a su familia.<\/span> <span>(Filippo Monteforte\/AFP\/Getty)<\/span><\/p>\n<\/div>\n<\/div>\n<\/div>\n<p>DeAnda agreg\u00f3 que el barco ten\u00eda la intenci\u00f3n de transportar la familia del Papa Francisco volcada.<\/p>\n<p>\u00abEs posible que sus abuelos hayan muerto en ese barco\u00bb, dijo DeAnda. \u00abLo hicieron en ese barco, y luego obtenemos a Francis y sus 10 hermanos por eso\u00bb.<\/p>\n<p>El Vaticano revel\u00f3 que el Papa Francisco falleci\u00f3 el 21 de abril de 2025, el d\u00eda despu\u00e9s del domingo de Pascua.<\/p>\n<p> <!----> <\/p>\n<div class=\"article-meta\">\n<div class=\"author-bio\">\n<p>Gabriele Regalbuto es editor senior de SEO en Fox News Digital. Gabriele tiene un t\u00edtulo de periodismo y comunicaciones de la Universidad de West Virginia. Ha trabajado para producir contenido para peri\u00f3dicos, revistas y plataformas digitales. En Fox, ha ayudado en la cobertura de eventos de noticias de \u00faltima hora, incluido el ciclo presidencial de 2024, las elecciones de mitad de per\u00edodo de 2022, la muerte de la reina Isabel II, la guerra en curso entre Rusia y Ucrania.<\/p>\n<\/div>\n<\/div>\n<\/div>\n\n","protected":false},"excerpt":{"rendered":"<p>Solo unos d\u00edas despu\u00e9s de convertirse en Papa, el Papa Francisco revel\u00f3 sus deseos de entierro tras su muerte. En marzo de 2013, el Papa Francisco fue elegido durante un c\u00f3nclave por los Cardenales de la Iglesia Cat\u00f3lica despu\u00e9s de la decisi\u00f3n del Papa Benedicto XVI de renunciar en medio de preocupaciones de salud. \u00abEra &hellip;<\/p>\n","protected":false},"author":1,"featured_media":23883,"comment_status":"open","ping_status":"open","sticky":false,"template":"","format":"standard","meta":{"fifu_image_url":"https:\/\/static.foxnews.com\/foxnews.com\/content\/uploads\/2025\/04\/pope-francis-dead_001.jpg","fifu_image_alt":"","footnotes":""},"categories":[13],"tags":[],"class_list":["post-23881","post","type-post","status-publish","format-standard","has-post-thumbnail","","category-mundo"],"_links":{"self":[{"href":"https:\/\/noticiasveraces.com\/index.php?rest_route=\/wp\/v2\/posts\/23881","targetHints":{"allow":["GET"]}}],"collection":[{"href":"https:\/\/noticiasveraces.com\/index.php?rest_route=\/wp\/v2\/posts"}],"about":[{"href":"https:\/\/noticiasveraces.com\/index.php?rest_route=\/wp\/v2\/types\/post"}],"author":[{"embeddable":true,"href":"https:\/\/noticiasveraces.com\/index.php?rest_route=\/wp\/v2\/users\/1"}],"replies":[{"embeddable":true,"href":"https:\/\/noticiasveraces.com\/index.php?rest_route=%2Fwp%2Fv2%2Fcomments&post=23881"}],"version-history":[{"count":0,"href":"https:\/\/noticiasveraces.com\/index.php?rest_route=\/wp\/v2\/posts\/23881\/revisions"}],"wp:featuredmedia":[{"embeddable":true,"href":"https:\/\/noticiasveraces.com\/index.php?rest_route=\/wp\/v2\/media\/23883"}],"wp:attachment":[{"href":"https:\/\/noticiasveraces.com\/index.php?rest_route=%2Fwp%2Fv2%2Fmedia&parent=23881"}],"wp:term":[{"taxonomy":"category","embeddable":true,"href":"https:\/\/noticiasveraces.com\/index.php?rest_route=%2Fwp%2Fv2%2Fcategories&post=23881"},{"taxonomy":"post_tag","embeddable":true,"href":"https:\/\/noticiasveraces.com\/index.php?rest_route=%2Fwp%2Fv2%2Ftags&post=23881"}],"curies":[{"name":"wp","href":"https:\/\/api.w.org\/{rel}","templated":true}]}}