{"id":23873,"date":"2025-04-21T07:08:19","date_gmt":"2025-04-21T11:08:19","guid":{"rendered":"https:\/\/noticiasveraces.com\/?p=23873"},"modified":"2025-04-21T07:08:19","modified_gmt":"2025-04-21T11:08:19","slug":"el-proximo-papa-podria-ser-de-africa-segun-los-analistas","status":"publish","type":"post","link":"https:\/\/noticiasveraces.com\/?p=23873","title":{"rendered":"El pr\u00f3ximo Papa podr\u00eda ser de \u00c1frica, seg\u00fan los analistas."},"content":{"rendered":"<p> \n<\/p>\n<div>\n<p class=\"speakable\"><strong>Johannesburgo: <\/strong>El pr\u00f3ximo Papa podr\u00eda, y algunos analistas dicen que deber\u00eda provenir de \u00c1frica. El cristianismo est\u00e1 en auge aqu\u00ed. M\u00e1s personas se est\u00e1n convirtiendo en cat\u00f3licos en el continente que en cualquier otro lugar del mundo, y millones de africanos se mantienen orgullosamente fieles a su fe a pesar de la persecuci\u00f3n y la muerte.<\/p>\n<p class=\"speakable\">\u00abComo en a\u00f1os anteriores, los aumentos (en el n\u00famero de cat\u00f3licos) se registraron sobre todo en \u00c1frica\u00bb, dijo el Vaticano en octubre de 2024, afirmando que 7,271,000 africanos se unieron a la fe el a\u00f1o pasado.<\/p>\n<p>En 2023, el National Catholic Register inform\u00f3 \u00abhogar de menos de 1 mill\u00f3n de cat\u00f3licos en 1910, la poblaci\u00f3n cat\u00f3lica de \u00c1frica ahora es de 265 millones\u00bb.<\/p>\n<p>Fox News Digital entiende que hay tres principales candidatos africanos de Papabil-\u00abPope\u00bb: el cardenal Fridolin Ambongo Besungu, de 65 a\u00f1os, de la Rep\u00fablica Democr\u00e1tica del Congo (RDC), el cardenal Peter Kodwo Appiah Turkson, de 76 a\u00f1os, de Ghana y el cardenal de Guinea, Robert Sarah, que es considerado menos probable por tener 80 a\u00f1os.<\/p>\n<p><strong>El Papa Francisco a los 88 a\u00f1os, dice el Vaticano<\/strong><\/p>\n<div class=\"image-ct inline\">\n<div class=\"m\"><picture><source media=\"(max-width: 767px)\" srcset=\"https:\/\/a57.foxnews.com\/static.foxnews.com\/foxnews.com\/content\/uploads\/2024\/01\/343\/192\/cardinal-fridolin-among-besungu.jpg?ve=1&amp;tl=1, https:\/\/a57.foxnews.com\/static.foxnews.com\/foxnews.com\/content\/uploads\/2024\/01\/686\/384\/cardinal-fridolin-among-besungu.jpg?ve=1&amp;tl=1 2x\" height=\"192\" width=\"343\"><source media=\"(min-width: 768px) and (max-width: 1023px)\" srcset=\"https:\/\/a57.foxnews.com\/static.foxnews.com\/foxnews.com\/content\/uploads\/2024\/01\/672\/378\/cardinal-fridolin-among-besungu.jpg?ve=1&amp;tl=1, https:\/\/a57.foxnews.com\/static.foxnews.com\/foxnews.com\/content\/uploads\/2024\/01\/1344\/756\/cardinal-fridolin-among-besungu.jpg?ve=1&amp;tl=1 2x\" height=\"378\" width=\"672\"><source media=\"(min-width: 1024px) and (max-width: 1279px)\" srcset=\"https:\/\/a57.foxnews.com\/static.foxnews.com\/foxnews.com\/content\/uploads\/2024\/01\/931\/523\/cardinal-fridolin-among-besungu.jpg?ve=1&amp;tl=1, https:\/\/a57.foxnews.com\/static.foxnews.com\/foxnews.com\/content\/uploads\/2024\/01\/1862\/1046\/cardinal-fridolin-among-besungu.jpg?ve=1&amp;tl=1 2x\" height=\"523\" width=\"931\"><source media=\"(min-width: 1280px)\" srcset=\"https:\/\/a57.foxnews.com\/static.foxnews.com\/foxnews.com\/content\/uploads\/2024\/01\/720\/405\/cardinal-fridolin-among-besungu.jpg?ve=1&amp;tl=1, https:\/\/a57.foxnews.com\/static.foxnews.com\/foxnews.com\/content\/uploads\/2024\/01\/1440\/810\/cardinal-fridolin-among-besungu.jpg?ve=1&amp;tl=1 2x\" height=\"405\" width=\"720\"><img loading=\"lazy\" decoding=\"async\" src=\"https:\/\/a57.foxnews.com\/static.foxnews.com\/foxnews.com\/content\/uploads\/2024\/01\/1200\/675\/cardinal-fridolin-among-besungu.jpg?ve=1&amp;tl=1\" alt=\"Cardenal Fridolin entre Besungu\" width=\"1200\" height=\"675\"\/><\/source><\/source><\/source><\/source><\/picture><\/div>\n<div class=\"info\">\n<div class=\"caption\">\n<p><span>Cardenal congole\u00f1o Fridolin Ambongo Besungu<\/span> <span>(AP Photo\/Andrew Medichini)<\/span><\/p>\n<\/div>\n<\/div>\n<\/div>\n<p>\u00ab\u00bfEs el momento? Ciertamente, es un momento apropiado para que el l\u00edder de la Iglesia Cat\u00f3lica provenga de \u00c1frica por razones que capturar\u00edan la imaginaci\u00f3n del mundo\u00bb, dijo Greg Tobin, autor de las novelas \u00abC\u00f3nclave\u00bb y \u00abConsejo\u00bb, y la biograf\u00eda del \u00abPapa Juan XXIII, The Good Pope\u00bb, dijo Fox News Digital. <\/p>\n<p>Agreg\u00f3: \u00abLa Iglesia ha estado creciendo a un ritmo incre\u00edblemente r\u00e1pido en las \u00faltimas d\u00e9cadas frente a la oposici\u00f3n del gobierno en muchas naciones africanas, la persecuci\u00f3n manifiesta de los cristianos y los cat\u00f3licos en muchas de las mismas naciones, y la oposici\u00f3n violenta. Adem\u00e1s, los l\u00edderes que han sido nombrados obispos y criados como cardenales generalmente son muy educados, a menudo en el oeste\u00bb.<\/p>\n<p>El te\u00f3logo y entrenador ejecutivo Jonathan Morris tambi\u00e9n fue positivo sobre la idea de que un nuevo Papa proveniente de \u00c1frica y le dijo a Fox News Digital: \u00abUn candidato africano para el Papa no solo es interesante desde la perspectiva de la representaci\u00f3n de la regi\u00f3n de la Iglesia de m\u00e1s r\u00e1pido crecimiento, sino tambi\u00e9n porque un candidato africano podr\u00eda reunir a grupos ideol\u00f3gicos de cardenales divergentes\u00bb.<\/p>\n<div class=\"image-ct inline\">\n<div class=\"m\"><picture><source media=\"(max-width: 767px)\" srcset=\"https:\/\/a57.foxnews.com\/static.foxnews.com\/foxnews.com\/content\/uploads\/2025\/02\/343\/192\/catholic-church-in-africa-scaled.jpg?ve=1&amp;tl=1, https:\/\/a57.foxnews.com\/static.foxnews.com\/foxnews.com\/content\/uploads\/2025\/02\/686\/384\/catholic-church-in-africa-scaled.jpg?ve=1&amp;tl=1 2x\" height=\"192\" width=\"343\"><source media=\"(min-width: 768px) and (max-width: 1023px)\" srcset=\"https:\/\/a57.foxnews.com\/static.foxnews.com\/foxnews.com\/content\/uploads\/2025\/02\/672\/378\/catholic-church-in-africa-scaled.jpg?ve=1&amp;tl=1, https:\/\/a57.foxnews.com\/static.foxnews.com\/foxnews.com\/content\/uploads\/2025\/02\/1344\/756\/catholic-church-in-africa-scaled.jpg?ve=1&amp;tl=1 2x\" height=\"378\" width=\"672\"><source media=\"(min-width: 1024px) and (max-width: 1279px)\" srcset=\"https:\/\/a57.foxnews.com\/static.foxnews.com\/foxnews.com\/content\/uploads\/2025\/02\/931\/523\/catholic-church-in-africa-scaled.jpg?ve=1&amp;tl=1, https:\/\/a57.foxnews.com\/static.foxnews.com\/foxnews.com\/content\/uploads\/2025\/02\/1862\/1046\/catholic-church-in-africa-scaled.jpg?ve=1&amp;tl=1 2x\" height=\"523\" width=\"931\"><source media=\"(min-width: 1280px)\" srcset=\"https:\/\/a57.foxnews.com\/static.foxnews.com\/foxnews.com\/content\/uploads\/2025\/02\/720\/405\/catholic-church-in-africa-scaled.jpg?ve=1&amp;tl=1, https:\/\/a57.foxnews.com\/static.foxnews.com\/foxnews.com\/content\/uploads\/2025\/02\/1440\/810\/catholic-church-in-africa-scaled.jpg?ve=1&amp;tl=1 2x\" height=\"405\" width=\"720\"><img loading=\"lazy\" decoding=\"async\" src=\"https:\/\/a57.foxnews.com\/static.foxnews.com\/foxnews.com\/content\/uploads\/2025\/02\/1200\/675\/catholic-church-in-africa-scaled.jpg?ve=1&amp;tl=1\" alt=\"Los obispos asisten a una misa por la paz en Goma, Rep\u00fablica Democr\u00e1tica del Este del Congo\" width=\"1200\" height=\"675\"\/><\/source><\/source><\/source><\/source><\/picture><\/div>\n<div class=\"info\">\n<div class=\"caption\">\n<p><span>Los obispos cat\u00f3licos asisten a una misa por la paz en Goma, Rep\u00fablica Democr\u00e1tica del Este del Congo, el 28 de enero de 2024.<\/span> <span>(Alexis Huguet\/AFP a trav\u00e9s de Getty Images)<\/span><\/p>\n<\/div>\n<\/div>\n<\/div>\n<p>Morris, un contribuyente de Fox News, agreg\u00f3: \u00abLa Iglesia Africana es, en su conjunto, m\u00e1s conservadora que la Iglesia Europea y Americana. \u00a1Pero a estos europeos y estadounidenses les encantar\u00e1 ser parte de hacer historia!\u00bb <\/p>\n<p>Si bien este enfoque en gran medida conservador de los candidatos papales de \u00c1frica es un factor positivo entre los cat\u00f3licos tradicionales, muchos todav\u00eda no quieren un papa de l\u00ednea dura, dijo Gregory Tobin. Tobin tiene raz\u00f3n sobre el tema, ya que actualmente est\u00e1 escribiendo un nuevo libro, \u00abLos misterios del c\u00f3nclave\u00bb. El c\u00f3nclave es la reuni\u00f3n en el Vaticano donde se elige el nuevo Papa. Tobin dijo: \u00abLa Iglesia (africana) y sus l\u00edderes pueden parecer conservadores ambivalentes o muy duros, una bolsa mixta que es un\u00bb desv\u00edo \u00abpara los electores cardinales que buscan teolog\u00eda m\u00e1s definida, clara y\u00bb estilo \u00abpastoral de quien eligir\u00e1\u00bb.<\/p>\n<p><strong>Los sacerdotes cat\u00f3licos africanos le dicen al Papa Francisco que se niegan a bendecir a las parejas del mismo sexo<\/strong><\/p>\n<div class=\"image-ct inline\">\n<div class=\"m\"><picture><source media=\"(max-width: 767px)\" srcset=\"https:\/\/a57.foxnews.com\/static.foxnews.com\/foxnews.com\/content\/uploads\/2025\/02\/343\/192\/ghanaian-cardinal-peter-kodwo-appiah-turkson-scaled.jpg?ve=1&amp;tl=1, https:\/\/a57.foxnews.com\/static.foxnews.com\/foxnews.com\/content\/uploads\/2025\/02\/686\/384\/ghanaian-cardinal-peter-kodwo-appiah-turkson-scaled.jpg?ve=1&amp;tl=1 2x\" height=\"192\" width=\"343\"><source media=\"(min-width: 768px) and (max-width: 1023px)\" srcset=\"https:\/\/a57.foxnews.com\/static.foxnews.com\/foxnews.com\/content\/uploads\/2025\/02\/672\/378\/ghanaian-cardinal-peter-kodwo-appiah-turkson-scaled.jpg?ve=1&amp;tl=1, https:\/\/a57.foxnews.com\/static.foxnews.com\/foxnews.com\/content\/uploads\/2025\/02\/1344\/756\/ghanaian-cardinal-peter-kodwo-appiah-turkson-scaled.jpg?ve=1&amp;tl=1 2x\" height=\"378\" width=\"672\"><source media=\"(min-width: 1024px) and (max-width: 1279px)\" srcset=\"https:\/\/a57.foxnews.com\/static.foxnews.com\/foxnews.com\/content\/uploads\/2025\/02\/931\/523\/ghanaian-cardinal-peter-kodwo-appiah-turkson-scaled.jpg?ve=1&amp;tl=1, https:\/\/a57.foxnews.com\/static.foxnews.com\/foxnews.com\/content\/uploads\/2025\/02\/1862\/1046\/ghanaian-cardinal-peter-kodwo-appiah-turkson-scaled.jpg?ve=1&amp;tl=1 2x\" height=\"523\" width=\"931\"><source media=\"(min-width: 1280px)\" srcset=\"https:\/\/a57.foxnews.com\/static.foxnews.com\/foxnews.com\/content\/uploads\/2025\/02\/720\/405\/ghanaian-cardinal-peter-kodwo-appiah-turkson-scaled.jpg?ve=1&amp;tl=1, https:\/\/a57.foxnews.com\/static.foxnews.com\/foxnews.com\/content\/uploads\/2025\/02\/1440\/810\/ghanaian-cardinal-peter-kodwo-appiah-turkson-scaled.jpg?ve=1&amp;tl=1 2x\" height=\"405\" width=\"720\"><img loading=\"lazy\" decoding=\"async\" src=\"https:\/\/a57.foxnews.com\/static.foxnews.com\/foxnews.com\/content\/uploads\/2025\/02\/1200\/675\/ghanaian-cardinal-peter-kodwo-appiah-turkson-scaled.jpg?ve=1&amp;tl=1\" alt=\"Ghanai Changker del Cordroy Cadwo Korkson Turksson \" width=\"1200\" height=\"675\"\/><\/source><\/source><\/source><\/source><\/picture><\/div>\n<div class=\"info\">\n<div class=\"caption\">\n<p><span>El cardenal ghan\u00e9s Peter Kodwo Appiah Turkson espera para intercambiar saludos navide\u00f1os con el Papa Francisco en el Clementina Hall el 21 de diciembre de 2013 en la ciudad del Vaticano.<\/span> <span>(Franco Origlia\/Vatican Pool\/Getty Images)<\/span><\/p>\n<\/div>\n<\/div>\n<\/div>\n<p>Algunos analistas recomiendan que sea el momento adecuado, con un Papa de \u00c1frica, para recompensar a los cristianos por su fuerza a pesar de la persecuci\u00f3n a menudo horrible. Es f\u00e1cil ser cristiano abiertamente en Texas. Pero recientemente en la RDC, donde el 95% de la poblaci\u00f3n es cristiana, nadie impidi\u00f3 que los rebeldes islamistas obligaron a 70 cristianos a una iglesia donde fueron masacrados, decapitados con machetes.<\/p>\n<p>En 2023, se le dijo a Fox News Digital que m\u00e1s de 52,000 cristianos \u00abhan sido masacrados o pirateados hasta la muerte por ser cristianos\u00bb desde 2009 en Nigeria, seg\u00fan Intersociety, un grupo de la sociedad civil con sede en Onitsha.<\/p>\n<p>Sin embargo, se demostr\u00f3 que Nigeria en 2023 tiene el mayor n\u00famero de cat\u00f3licos en ejercicio en el mundo, los fieles que asisten a la misa, por un largo camino, seguido por otro pa\u00eds africano, Kenia. Esto es de acuerdo con el Centro de Investigaci\u00f3n Aplicada de la Universidad de Georgetown en el Apostolado (CARA), que inform\u00f3 que \u00abla asistencia de masa semanal o m\u00e1s frecuente es la m\u00e1s alta entre los cat\u00f3licos autoidentificados adultos en Nigeria con un 94% seguido de Kenia al 73%\u00bb.<\/p>\n<p>Greg Tobin ofreci\u00f3 su opini\u00f3n sobre los candidatos preferidos. Primero, \u00abel cardenal Fridolin Ambongo Besungu, RDC, arzobispo de Kinshasa, es un candidato africano l\u00edder, aunque no se lo considera fuerte o consistente en sus ense\u00f1anzas teol\u00f3gicas, (y) es un oponente vocal del liderazgo dictatorial de su pa\u00eds\u00bb.<\/p>\n<div class=\"image-ct inline\">\n<div class=\"m\"><picture><source media=\"(max-width: 767px)\" srcset=\"https:\/\/a57.foxnews.com\/static.foxnews.com\/foxnews.com\/content\/uploads\/2023\/12\/343\/192\/GettyImages-1246737066.jpg?ve=1&amp;tl=1, https:\/\/a57.foxnews.com\/static.foxnews.com\/foxnews.com\/content\/uploads\/2023\/12\/686\/384\/GettyImages-1246737066.jpg?ve=1&amp;tl=1 2x\" height=\"192\" width=\"343\"><source media=\"(min-width: 768px) and (max-width: 1023px)\" srcset=\"https:\/\/a57.foxnews.com\/static.foxnews.com\/foxnews.com\/content\/uploads\/2023\/12\/672\/378\/GettyImages-1246737066.jpg?ve=1&amp;tl=1, https:\/\/a57.foxnews.com\/static.foxnews.com\/foxnews.com\/content\/uploads\/2023\/12\/1344\/756\/GettyImages-1246737066.jpg?ve=1&amp;tl=1 2x\" height=\"378\" width=\"672\"><source media=\"(min-width: 1024px) and (max-width: 1279px)\" srcset=\"https:\/\/a57.foxnews.com\/static.foxnews.com\/foxnews.com\/content\/uploads\/2023\/12\/931\/523\/GettyImages-1246737066.jpg?ve=1&amp;tl=1, https:\/\/a57.foxnews.com\/static.foxnews.com\/foxnews.com\/content\/uploads\/2023\/12\/1862\/1046\/GettyImages-1246737066.jpg?ve=1&amp;tl=1 2x\" height=\"523\" width=\"931\"><source media=\"(min-width: 1280px)\" srcset=\"https:\/\/a57.foxnews.com\/static.foxnews.com\/foxnews.com\/content\/uploads\/2023\/12\/720\/405\/GettyImages-1246737066.jpg?ve=1&amp;tl=1, https:\/\/a57.foxnews.com\/static.foxnews.com\/foxnews.com\/content\/uploads\/2023\/12\/1440\/810\/GettyImages-1246737066.jpg?ve=1&amp;tl=1 2x\" height=\"405\" width=\"720\"><img loading=\"lazy\" decoding=\"async\" src=\"https:\/\/a57.foxnews.com\/static.foxnews.com\/foxnews.com\/content\/uploads\/2023\/12\/1200\/675\/GettyImages-1246737066.jpg?ve=1&amp;tl=1\" alt=\"Papa Francisco en la RDC\" width=\"1200\" height=\"675\"\/><\/source><\/source><\/source><\/source><\/picture><\/div>\n<div class=\"info\">\n<div class=\"caption\">\n<p><span>El Papa Francisco saluda al p\u00fablico mientras lidera la misa en el estadio Martyrs en Kinshasa, Rep\u00fablica Democr\u00e1tica del Congo el 2 de febrero de 2023.<\/span> <span>(Agencia Chris Milosi\/Anadolu a trav\u00e9s de Getty Images)<\/span><\/p>\n<\/div>\n<\/div>\n<\/div>\n<p>Y \u00abCardenal Peter Kodwo Appia Turkson, de Ghana, [from] 2020 Sirvi\u00f3 el Papa Francisco como jefe de un grupo de trabajo multigrupo para monitorear los efectos generalizados de (la) pandemia de coronavirus en las iglesias y las instituciones cat\u00f3licas. Turkson es una elecci\u00f3n viable, ampliamente respetada, que le gusta el Papa Francisco, y teol\u00f3gica y \u00abpol\u00edticamente\u00bb aceptable para los prelados occidentales, pero su visibilidad se ha atenuado en los \u00faltimos a\u00f1os. Su elecci\u00f3n ser\u00eda una gran sorpresa a lo largo de la misma l\u00ednea que la de Bergolio (Papa Francis) fue en 2013 \u00ab.<\/p>\n<p><strong><u>Haga clic aqu\u00ed para obtener la aplicaci\u00f3n Fox News<\/u><\/strong><\/p>\n<div class=\"image-ct inline\">\n<div class=\"m\"><picture><source media=\"(max-width: 767px)\" srcset=\"https:\/\/a57.foxnews.com\/static.foxnews.com\/foxnews.com\/content\/uploads\/2025\/02\/343\/192\/cardinal-robert-sarah-scaled.jpg?ve=1&amp;tl=1, https:\/\/a57.foxnews.com\/static.foxnews.com\/foxnews.com\/content\/uploads\/2025\/02\/686\/384\/cardinal-robert-sarah-scaled.jpg?ve=1&amp;tl=1 2x\" height=\"192\" width=\"343\"><source media=\"(min-width: 768px) and (max-width: 1023px)\" srcset=\"https:\/\/a57.foxnews.com\/static.foxnews.com\/foxnews.com\/content\/uploads\/2025\/02\/672\/378\/cardinal-robert-sarah-scaled.jpg?ve=1&amp;tl=1, https:\/\/a57.foxnews.com\/static.foxnews.com\/foxnews.com\/content\/uploads\/2025\/02\/1344\/756\/cardinal-robert-sarah-scaled.jpg?ve=1&amp;tl=1 2x\" height=\"378\" width=\"672\"><source media=\"(min-width: 1024px) and (max-width: 1279px)\" srcset=\"https:\/\/a57.foxnews.com\/static.foxnews.com\/foxnews.com\/content\/uploads\/2025\/02\/931\/523\/cardinal-robert-sarah-scaled.jpg?ve=1&amp;tl=1, https:\/\/a57.foxnews.com\/static.foxnews.com\/foxnews.com\/content\/uploads\/2025\/02\/1862\/1046\/cardinal-robert-sarah-scaled.jpg?ve=1&amp;tl=1 2x\" height=\"523\" width=\"931\"><source media=\"(min-width: 1280px)\" srcset=\"https:\/\/a57.foxnews.com\/static.foxnews.com\/foxnews.com\/content\/uploads\/2025\/02\/720\/405\/cardinal-robert-sarah-scaled.jpg?ve=1&amp;tl=1, https:\/\/a57.foxnews.com\/static.foxnews.com\/foxnews.com\/content\/uploads\/2025\/02\/1440\/810\/cardinal-robert-sarah-scaled.jpg?ve=1&amp;tl=1 2x\" height=\"405\" width=\"720\"><img loading=\"lazy\" decoding=\"async\" src=\"https:\/\/a57.foxnews.com\/static.foxnews.com\/foxnews.com\/content\/uploads\/2025\/02\/1200\/675\/cardinal-robert-sarah-scaled.jpg?ve=1&amp;tl=1\" alt=\"Cardenal guineano Robert Sarah\" width=\"1200\" height=\"675\"\/><\/source><\/source><\/source><\/source><\/picture><\/div>\n<div class=\"info\">\n<div class=\"caption\">\n<p><span>El cardenal guineano Robert Sarah, centro, asiste a una oraci\u00f3n en la Catedral de Nuestra Se\u00f1ora de las Victorias en Dakar el 4 de diciembre de 2023.<\/span> <span>(Guy Peterson\/AFP a trav\u00e9s de Getty Images)<\/span><\/p>\n<\/div>\n<\/div>\n<\/div>\n<p>Tobin se\u00f1al\u00f3 que el cardenal de Guinea Robert Sarah, con 80 a\u00f1os, no es elegible para votar en el c\u00f3nclave debido a la edad. Un disparo largo y largo, debido a la edad y el sentido de su tiempo ha pasado \u00ab. <\/p>\n<p>Una nota final: si el pr\u00f3ximo Papa venga de \u00c1frica, \u00e9l no ser\u00e1 el primero. Victor I, del norte de \u00c1frica, sirvi\u00f3 como pont\u00edfice entre 189-199, y fue seguido de cerca por Miltiades y Gelasius I.<\/p>\n<p> <!----> <\/p>\n<div class=\"article-meta\">\n<div class=\"author-bio\">\n<p>Paul Tilsley es un corresponsal veterano que ha informado sobre asuntos africanos durante m\u00e1s de tres d\u00e9cadas de Johannesburgo, Sud\u00e1frica. Se le puede seguir en Twitter @Paultilsley<\/p>\n<\/div>\n<\/div>\n<\/div>\n\n","protected":false},"excerpt":{"rendered":"<p>Johannesburgo: El pr\u00f3ximo Papa podr\u00eda, y algunos analistas dicen que deber\u00eda provenir de \u00c1frica. El cristianismo est\u00e1 en auge aqu\u00ed. M\u00e1s personas se est\u00e1n convirtiendo en cat\u00f3licos en el continente que en cualquier otro lugar del mundo, y millones de africanos se mantienen orgullosamente fieles a su fe a pesar de la persecuci\u00f3n y la &hellip;<\/p>\n","protected":false},"author":1,"featured_media":23875,"comment_status":"open","ping_status":"open","sticky":false,"template":"","format":"standard","meta":{"fifu_image_url":"https:\/\/static.foxnews.com\/foxnews.com\/content\/uploads\/2025\/02\/catholic-church-in-africa-scaled.jpg","fifu_image_alt":"","footnotes":""},"categories":[13],"tags":[],"class_list":["post-23873","post","type-post","status-publish","format-standard","has-post-thumbnail","","category-mundo"],"_links":{"self":[{"href":"https:\/\/noticiasveraces.com\/index.php?rest_route=\/wp\/v2\/posts\/23873","targetHints":{"allow":["GET"]}}],"collection":[{"href":"https:\/\/noticiasveraces.com\/index.php?rest_route=\/wp\/v2\/posts"}],"about":[{"href":"https:\/\/noticiasveraces.com\/index.php?rest_route=\/wp\/v2\/types\/post"}],"author":[{"embeddable":true,"href":"https:\/\/noticiasveraces.com\/index.php?rest_route=\/wp\/v2\/users\/1"}],"replies":[{"embeddable":true,"href":"https:\/\/noticiasveraces.com\/index.php?rest_route=%2Fwp%2Fv2%2Fcomments&post=23873"}],"version-history":[{"count":0,"href":"https:\/\/noticiasveraces.com\/index.php?rest_route=\/wp\/v2\/posts\/23873\/revisions"}],"wp:featuredmedia":[{"embeddable":true,"href":"https:\/\/noticiasveraces.com\/index.php?rest_route=\/wp\/v2\/media\/23875"}],"wp:attachment":[{"href":"https:\/\/noticiasveraces.com\/index.php?rest_route=%2Fwp%2Fv2%2Fmedia&parent=23873"}],"wp:term":[{"taxonomy":"category","embeddable":true,"href":"https:\/\/noticiasveraces.com\/index.php?rest_route=%2Fwp%2Fv2%2Fcategories&post=23873"},{"taxonomy":"post_tag","embeddable":true,"href":"https:\/\/noticiasveraces.com\/index.php?rest_route=%2Fwp%2Fv2%2Ftags&post=23873"}],"curies":[{"name":"wp","href":"https:\/\/api.w.org\/{rel}","templated":true}]}}