{"id":23863,"date":"2025-04-21T06:07:15","date_gmt":"2025-04-21T10:07:15","guid":{"rendered":"https:\/\/noticiasveraces.com\/?p=23863"},"modified":"2025-04-21T06:07:15","modified_gmt":"2025-04-21T10:07:15","slug":"galeria-de-fotos-papa-francis-a-traves-de-los-anos","status":"publish","type":"post","link":"https:\/\/noticiasveraces.com\/?p=23863","title":{"rendered":"Galer\u00eda de fotos: Papa Francis a trav\u00e9s de los a\u00f1os"},"content":{"rendered":"<p> \n<br \/><img decoding=\"async\" src=\"https:\/\/a57.foxnews.com\/static.foxnews.com\/foxnews.com\/content\/uploads\/2025\/02\/1200\/675\/pope-francis-dead_9.jpg?ve=1&amp;tl=1\" \/><\/p>\n<div>\n<p><span>Jorge Bergoglio, quien luego se convertir\u00eda en el Papa Francisco, se ve aqu\u00ed con su familia. De izquierda a derecha, de pie, los hermanos Alberto Horacio, Jorge Mario Bergoglio, Oscar Adrian y su hermana Marta Regina, sentada, hermana Maria Elena, madre Regina y el padre Mario Jos\u00e9 Francisco.<\/span><\/p>\n<p>  leer m\u00e1s<\/p><\/div>\n\n","protected":false},"excerpt":{"rendered":"<p>Jorge Bergoglio, quien luego se convertir\u00eda en el Papa Francisco, se ve aqu\u00ed con su familia. De izquierda a derecha, de pie, los hermanos Alberto Horacio, Jorge Mario Bergoglio, Oscar Adrian y su hermana Marta Regina, sentada, hermana Maria Elena, madre Regina y el padre Mario Jos\u00e9 Francisco. leer m\u00e1s<\/p>\n","protected":false},"author":1,"featured_media":23865,"comment_status":"open","ping_status":"open","sticky":false,"template":"","format":"standard","meta":{"fifu_image_url":"https:\/\/static.foxnews.com\/foxnews.com\/content\/uploads\/2025\/02\/pope-francis-dead_9.jpg","fifu_image_alt":"","footnotes":""},"categories":[13],"tags":[],"class_list":["post-23863","post","type-post","status-publish","format-standard","has-post-thumbnail","","category-mundo"],"_links":{"self":[{"href":"https:\/\/noticiasveraces.com\/index.php?rest_route=\/wp\/v2\/posts\/23863","targetHints":{"allow":["GET"]}}],"collection":[{"href":"https:\/\/noticiasveraces.com\/index.php?rest_route=\/wp\/v2\/posts"}],"about":[{"href":"https:\/\/noticiasveraces.com\/index.php?rest_route=\/wp\/v2\/types\/post"}],"author":[{"embeddable":true,"href":"https:\/\/noticiasveraces.com\/index.php?rest_route=\/wp\/v2\/users\/1"}],"replies":[{"embeddable":true,"href":"https:\/\/noticiasveraces.com\/index.php?rest_route=%2Fwp%2Fv2%2Fcomments&post=23863"}],"version-history":[{"count":0,"href":"https:\/\/noticiasveraces.com\/index.php?rest_route=\/wp\/v2\/posts\/23863\/revisions"}],"wp:featuredmedia":[{"embeddable":true,"href":"https:\/\/noticiasveraces.com\/index.php?rest_route=\/wp\/v2\/media\/23865"}],"wp:attachment":[{"href":"https:\/\/noticiasveraces.com\/index.php?rest_route=%2Fwp%2Fv2%2Fmedia&parent=23863"}],"wp:term":[{"taxonomy":"category","embeddable":true,"href":"https:\/\/noticiasveraces.com\/index.php?rest_route=%2Fwp%2Fv2%2Fcategories&post=23863"},{"taxonomy":"post_tag","embeddable":true,"href":"https:\/\/noticiasveraces.com\/index.php?rest_route=%2Fwp%2Fv2%2Ftags&post=23863"}],"curies":[{"name":"wp","href":"https:\/\/api.w.org\/{rel}","templated":true}]}}