{"id":23774,"date":"2025-04-20T14:38:09","date_gmt":"2025-04-20T18:38:09","guid":{"rendered":"https:\/\/noticiasveraces.com\/?p=23774"},"modified":"2025-04-20T14:38:09","modified_gmt":"2025-04-20T18:38:09","slug":"francisco-envia-mensaje-de-pascua-centrado-en-gaza-dw-20-04-2025","status":"publish","type":"post","link":"https:\/\/noticiasveraces.com\/?p=23774","title":{"rendered":"Francisco env\u00eda mensaje de Pascua centrado en Gaza \u2013 DW \u2013 20\/04\/2025"},"content":{"rendered":"<p> \n<\/p>\n<div>\n<p>El papa Francisco, a\u00fan convaleciente de su infecci\u00f3n respiratoria, apareci\u00f3 este domingo (20.04.2025) en sillas de ruedas en el balc\u00f3n de la logia central de la bas\u00edlica de San Pedro para la bendici\u00f3n Urbi et Orbi tras la misa del Domingo de Resurrecci\u00f3n, ocasi\u00f3n en la que realiz\u00f3 un llamado para que \u00abcese el fuego en Gaza, que se liberen los rehenes y se preste ayuda a la gente\u00bb, as\u00ed como se frene \u00abla carrera al rearme\u00bb.<\/p>\n<p>Jorge Mario Bergoglio deleg\u00f3 la lectura del mensaje en el que tradicionalmente hace menci\u00f3n de los conflictos y males del mundo al maestro de ceremonias, Diego Ravelli. \u00abMe siento cercano al sufrimiento de los cristianos en Palestina y en Israel, as\u00ed como a todo el pueblo israel\u00ed y a todo el pueblo palestino\u00bb, escribi\u00f3 Francisco, quien brevemente y con voz d\u00e9bil dijo \u00ab\u00bbfeliz Pascua\u201d ante miles de fieles congregados.<\/p>\n<p>\u00abQuisiera que volvi\u00e9ramos a creer que la paz es posible. Que desde el Santo Sepulcro \u2014Iglesia de la Resurrecci\u00f3n\u2014, donde este a\u00f1o la Pascua ser\u00e1 celebrada el mismo d\u00eda por los cat\u00f3licos y los ortodoxos, se irradie la luz de la paz sobre toda Tierra Santa y sobre el mundo entero\u00bb, dice el texto. Adem\u00e1s, pidi\u00f3 que en Gaza \u00abcese el fuego, se liberen los rehenes y se preste ayuda a la gente, que tiene hambre y que aspira a un futuro de paz\u201d.<\/p>\n<figure class=\"placeholder-image master_landscape big\"><img data-format=\"MASTER_LANDSCAPE\" data-id=\"72292409\" data-url=\"https:\/\/static.dw.com\/image\/72292409_${formatId}.jpg\" data-aspect-ratio=\"16\/9\" alt=\"Sorpresivamente, Francisco realiz\u00f3 un recorrido por la Plaza de San Pedro.\" style=\"padding-bottom: 56.25%; height: 0; max-height: 0;\"\/><figcaption class=\"img-caption\">Sorpresivamente, Francisco realiz\u00f3 un recorrido por la Plaza de San Pedro.<small class=\"copyright\">Im\u00e1genes de Tiziana Fabbi\/AFP\/Geses<\/small><\/figcaption><\/figure>\n<h2>Recorrido en el papam\u00f3vil<\/h2>\n<p>En otro pasaje de su mensaje, aunque sin hacer referencia a la guerra en Gaza, Francisco critic\u00f3 los ataques a hospitales y trabajadores humanitarios. \u00abQue nunca se debilite el principio de humanidad como eje de nuestro actuar cotidiano. Ante la crueldad de los conflictos que afectan a civiles desarmados, atacando escuelas, hospitales y operadores humanitarios, no podemos permitirnos olvidar que lo que est\u00e1 en la mira no es un mero objetivo, sino personas con un alma y una dignidad\u00bb, afirm\u00f3.<\/p>\n<p><span data-slot-id=\"Article_InContent-1\" class=\"rich-text-ad\"\/><\/p>\n<p>Tambi\u00e9n inst\u00f3 a rezar \u00abpor las comunidades cristianas del L\u00edbano y de Siria, que ans\u00edan la estabilidad y la participaci\u00f3n en el destino de sus respectivas naciones. Exhorto a toda la Iglesia a acompa\u00f1ar con atenci\u00f3n y con la oraci\u00f3n a los cristianos del amado Oriente Medio\u00bb. Tambi\u00e9n mencion\u00f3 a \u00abYemen, que est\u00e1 viviendo una de las peores crisis humanitarias prolongadas\u201d del mundo a causa de la guerra, e invit\u00f3 a todos a buscar soluciones por medio de un di\u00e1logo constructivo.<\/p>\n<p>Francisco tambi\u00e9n apel\u00f3 al desarme. \u00abLa paz tampoco es posible sin un verdadero desarme. La exigencia que cada pueblo tiene de proveer a su propia defensa no puede transformarse en una carrera general al rearme\u00bb, asever\u00f3, para luego llamar a los l\u00edderes pol\u00edticos \u00aba no ceder a la l\u00f3gica del miedo que a\u00edsla, sino a usar los recursos disponibles para ayudar a los necesitados, combatir el hambre y promover iniciativas que impulsen el desarrollo\u201d.<\/p>\n<p>Posteriormente,\u00a0 Bergoglio recorri\u00f3 la plaza de San Pedro a bordo de su papam\u00f3vil para saludar a los fieles.<\/p>\n<p>DZC (EFE, AFP)<\/p>\n<\/div>\n\n","protected":false},"excerpt":{"rendered":"<p>El papa Francisco, a\u00fan convaleciente de su infecci\u00f3n respiratoria, apareci\u00f3 este domingo (20.04.2025) en sillas de ruedas en el balc\u00f3n de la logia central de la bas\u00edlica de San Pedro para la bendici\u00f3n Urbi et Orbi tras la misa del Domingo de Resurrecci\u00f3n, ocasi\u00f3n en la que realiz\u00f3 un llamado para que \u00abcese el fuego &hellip;<\/p>\n","protected":false},"author":1,"featured_media":23775,"comment_status":"open","ping_status":"open","sticky":false,"template":"","format":"standard","meta":{"fifu_image_url":"https:\/\/static.dw.com\/image\/72292290_6.jpg","fifu_image_alt":"","footnotes":""},"categories":[13],"tags":[],"class_list":["post-23774","post","type-post","status-publish","format-standard","has-post-thumbnail","","category-mundo"],"_links":{"self":[{"href":"https:\/\/noticiasveraces.com\/index.php?rest_route=\/wp\/v2\/posts\/23774","targetHints":{"allow":["GET"]}}],"collection":[{"href":"https:\/\/noticiasveraces.com\/index.php?rest_route=\/wp\/v2\/posts"}],"about":[{"href":"https:\/\/noticiasveraces.com\/index.php?rest_route=\/wp\/v2\/types\/post"}],"author":[{"embeddable":true,"href":"https:\/\/noticiasveraces.com\/index.php?rest_route=\/wp\/v2\/users\/1"}],"replies":[{"embeddable":true,"href":"https:\/\/noticiasveraces.com\/index.php?rest_route=%2Fwp%2Fv2%2Fcomments&post=23774"}],"version-history":[{"count":0,"href":"https:\/\/noticiasveraces.com\/index.php?rest_route=\/wp\/v2\/posts\/23774\/revisions"}],"wp:featuredmedia":[{"embeddable":true,"href":"https:\/\/noticiasveraces.com\/index.php?rest_route=\/wp\/v2\/media\/23775"}],"wp:attachment":[{"href":"https:\/\/noticiasveraces.com\/index.php?rest_route=%2Fwp%2Fv2%2Fmedia&parent=23774"}],"wp:term":[{"taxonomy":"category","embeddable":true,"href":"https:\/\/noticiasveraces.com\/index.php?rest_route=%2Fwp%2Fv2%2Fcategories&post=23774"},{"taxonomy":"post_tag","embeddable":true,"href":"https:\/\/noticiasveraces.com\/index.php?rest_route=%2Fwp%2Fv2%2Ftags&post=23774"}],"curies":[{"name":"wp","href":"https:\/\/api.w.org\/{rel}","templated":true}]}}