{"id":23771,"date":"2025-04-20T14:35:15","date_gmt":"2025-04-20T18:35:15","guid":{"rendered":"https:\/\/noticiasveraces.com\/?p=23771"},"modified":"2025-04-20T14:35:15","modified_gmt":"2025-04-20T18:35:15","slug":"la-declaracion-universal-de-los-derechos-humanos-se-inscribe-en-la-memoria-del-mundo-de-la-unesco","status":"publish","type":"post","link":"https:\/\/noticiasveraces.com\/?p=23771","title":{"rendered":"La Declaraci\u00f3n Universal de los Derechos Humanos se inscribe en la Memoria del Mundo de la UNESCO"},"content":{"rendered":"<p> \n<br \/><img decoding=\"async\" src=\"https:\/\/global.unitednations.entermediadb.net\/assets\/mediadb\/services\/module\/asset\/downloads\/preset\/assets\/2018\/11\/30-11-18-1165%20-%20Legacy%20-%2017_05_2004%20-%2011.42.54.jpg\/image560x340cropped.jpg\" \/><\/p>\n<div>\n<p>La Declaraci\u00f3n Universal de los Derechos Humanos y los archivos del naturalista brit\u00e1nico <strong>Charles Darwin<\/strong>cuya teor\u00eda de la evoluci\u00f3n por selecci\u00f3n natural revolucion\u00f3 la comprensi\u00f3n de la naturaleza y el lugar de la humanidad en ella, se encuentran entre las <strong>74 nuevas incorporaciones a la lista de la ONU de patrimonio documental<\/strong> de valor universal.<\/p>\n<p>La Organizaci\u00f3n de las Naciones Unidas para la Educaci\u00f3n, la Ciencia y la Cultura (UNESCO) anunci\u00f3 esta semana las \u00faltimas inscripciones a su Registro Memoria del Mundo.<\/p>\n<p>Presentadas por 72 pa\u00edses y cuatro organizaciones internacionales, las inscripciones abarcan temas como la <strong>revoluci\u00f3n cient\u00edfica, la contribuci\u00f3n de las mujeres a la historia e hitos clave del multilateralismo<\/strong>como la Declaraci\u00f3n Universal de los Derechos Humanos hace casi 80 a\u00f1os.<\/p>\n<p>Catorce de las nuevas colecciones inscritas forman parte del <strong>patrimonio documental cient\u00edfico.<\/strong><\/p>\n<h2>Documentos fr\u00e1giles y en riesgo<\/h2>\n<p>El Registro comprende colecciones documentales que incluyen <strong>libros, manuscritos, mapas, fotograf\u00edas<\/strong> y grabaciones de sonido o video, que dan testimonio del patrimonio com\u00fan de la humanidad.<\/p>\n<p>Estos objetos suelen ser extremadamente <strong>fr\u00e1giles y corren el riesgo de deteriorarse<\/strong> o verse expuestos a desastres.<\/p>\n<p>Las colecciones se a\u00f1aden por decisi\u00f3n del Consejo Ejecutivo de la UNESCO, tras la evaluaci\u00f3n de las candidaturas por parte de un comit\u00e9 asesor internacional independiente.<\/p>\n<h2>Un mapa diversificado de las creaciones humanas<\/h2>\n<p>El director de la Divisi\u00f3n de Inclusi\u00f3n Digital y Pol\u00edticas y Transformaci\u00f3n Digital de la UNESCO, Guilherme Canela, habl\u00f3 con Noticias ONU sobre la importancia de la Memoria del Mundo.<\/p>\n<p>\u201cSi se quiere comprender la composici\u00f3n qu\u00edmica de nuestro planeta, <strong>se consulta la tabla peri\u00f3dica <\/strong>de los elementos\u201d, dijo.<\/p>\n<p>Canela agreg\u00f3 que, en cambio, \u201csi se quiere tener un <strong>mapa diversificado de lo que los seres humanos han creado<\/strong> en los campos igualmente variados de la literatura, la historia y las relaciones internacionales, la ciencia, la m\u00fasica, la religi\u00f3n, la filosof\u00eda, los idiomas, el cine y muchos otros, entonces se recurre al Registro de la Memoria del Mundo de la UNESCO\u201d.<\/p>\n<h2>Documentos cient\u00edficos, m\u00e9dicos, filos\u00f3ficos, literarios\u2026<\/h2>\n<p>Entre las nuevas inscripciones destacan, adem\u00e1s de la Declaraci\u00f3n Universal de los Derechos Humanos y los archivos de Darwin, el <strong>It\u1e25\u0101f al mab\u016bb<\/strong>presentado por Egipto, que documenta la contribuci\u00f3n del mundo \u00e1rabe a los campos de la astronom\u00eda, el movimiento planetario, los cuerpos celestes y el an\u00e1lisis astrol\u00f3gico durante el primer milenio de nuestra era.<\/p>\n<p>Tambi\u00e9n se han inscrito los archivos de Friedrich Nietzsche (Alemania); Wilhelm Conrad Roentgen (Alemania), que contienen las primeras fotograf\u00edas registradas de rayos X; y de <strong>Carlos Chagas (Brasil), pionero en la investigaci\u00f3n de enfermedades.<\/strong><\/p>\n<p>Otros incluyen colecciones relacionadas con la <strong>memoria de la esclavitud<\/strong>presentadas por Angola, Aruba, Cabo Verde, Cura\u00e7ao y Mozambique, as\u00ed como archivos de mujeres hist\u00f3ricas prominentes, todav\u00eda subrepresentadas en el registro, como la pionera de la educaci\u00f3n de las ni\u00f1as, Raden Ajeng Kartini (Indonesia y Pa\u00edses Bajos), la autora Katherine Mansfield (Nueva Zelanda) y las escritoras viajeras Annemarie Schwarzenbach y Ella Maillart (Suiza).<\/p>\n<p>Varias colecciones documentan <strong>hitos clave en la cooperaci\u00f3n internacional<\/strong>como las Convenciones de Ginebra (1864-1949) y sus Protocolos (1977-2005) (Suiza), la Declaraci\u00f3n Universal de los Derechos Humanos (1948, Naciones Unidas) y la Declaraci\u00f3n de Windhoek de 1991 (Namibia), una referencia mundial sobre la libertad de prensa.<\/p>\n<p>El programa Memoria del Mundo se estableci\u00f3 en 1992 con el objetivo de <strong>fomentar la preservaci\u00f3n del patrimonio documental<\/strong> de la humanidad y garantizar el acceso universal al mismo.<\/p>\n<\/div>\n\n","protected":false},"excerpt":{"rendered":"<p>La Declaraci\u00f3n Universal de los Derechos Humanos y los archivos del naturalista brit\u00e1nico Charles Darwincuya teor\u00eda de la evoluci\u00f3n por selecci\u00f3n natural revolucion\u00f3 la comprensi\u00f3n de la naturaleza y el lugar de la humanidad en ella, se encuentran entre las 74 nuevas incorporaciones a la lista de la ONU de patrimonio documental de valor universal. &hellip;<\/p>\n","protected":false},"author":1,"featured_media":23773,"comment_status":"open","ping_status":"open","sticky":false,"template":"","format":"standard","meta":{"fifu_image_url":"https:\/\/global.unitednations.entermediadb.net\/assets\/mediadb\/services\/module\/asset\/downloads\/preset\/assets\/2018\/11\/30-11-18-1165%20-%20Legacy%20-%2017_05_2004%20-%2011.42.54.jpg\/image770x420cropped.jpg","fifu_image_alt":"","footnotes":""},"categories":[3],"tags":[],"class_list":["post-23771","post","type-post","status-publish","format-standard","has-post-thumbnail","","category-negocio"],"_links":{"self":[{"href":"https:\/\/noticiasveraces.com\/index.php?rest_route=\/wp\/v2\/posts\/23771","targetHints":{"allow":["GET"]}}],"collection":[{"href":"https:\/\/noticiasveraces.com\/index.php?rest_route=\/wp\/v2\/posts"}],"about":[{"href":"https:\/\/noticiasveraces.com\/index.php?rest_route=\/wp\/v2\/types\/post"}],"author":[{"embeddable":true,"href":"https:\/\/noticiasveraces.com\/index.php?rest_route=\/wp\/v2\/users\/1"}],"replies":[{"embeddable":true,"href":"https:\/\/noticiasveraces.com\/index.php?rest_route=%2Fwp%2Fv2%2Fcomments&post=23771"}],"version-history":[{"count":0,"href":"https:\/\/noticiasveraces.com\/index.php?rest_route=\/wp\/v2\/posts\/23771\/revisions"}],"wp:featuredmedia":[{"embeddable":true,"href":"https:\/\/noticiasveraces.com\/index.php?rest_route=\/wp\/v2\/media\/23773"}],"wp:attachment":[{"href":"https:\/\/noticiasveraces.com\/index.php?rest_route=%2Fwp%2Fv2%2Fmedia&parent=23771"}],"wp:term":[{"taxonomy":"category","embeddable":true,"href":"https:\/\/noticiasveraces.com\/index.php?rest_route=%2Fwp%2Fv2%2Fcategories&post=23771"},{"taxonomy":"post_tag","embeddable":true,"href":"https:\/\/noticiasveraces.com\/index.php?rest_route=%2Fwp%2Fv2%2Ftags&post=23771"}],"curies":[{"name":"wp","href":"https:\/\/api.w.org\/{rel}","templated":true}]}}