{"id":23760,"date":"2025-04-20T13:37:02","date_gmt":"2025-04-20T17:37:02","guid":{"rendered":"https:\/\/noticiasveraces.com\/?p=23760"},"modified":"2025-04-20T13:37:02","modified_gmt":"2025-04-20T17:37:02","slug":"rusia-y-ucrania-se-acusan-mutuamente-de-romper-tregua-dw-20-04-2025","status":"publish","type":"post","link":"https:\/\/noticiasveraces.com\/?p=23760","title":{"rendered":"Rusia y Ucrania se acusan mutuamente de romper tregua \u2013 DW \u2013 20\/04\/2025"},"content":{"rendered":"<p> \n<\/p>\n<div>\n<p>Rusia y Ucrania se acusaron mutuamente este domingo (20.04.2025) de violar la tregua de Pascua declarada por el presidente ruso Vladimir Putin y que su hom\u00f3logo ucraniano Volodimir Zelenski se comprometi\u00f3 a respetar.<\/p>\n<p>El l\u00edder del Kremlin, que orden\u00f3 la invasi\u00f3n de Ucrania hace poco m\u00e1s de tres a\u00f1os, anunci\u00f3 sorpresivamente el s\u00e1bado una \u00abtregua humanitaria\u00bb de 30 horas por la Pascua, un cese de los combates que hubiera sido el significativo en m\u00e1s de tres a\u00f1os de conflicto.<\/p>\n<figure class=\"placeholder-image master_landscape big\"><img data-format=\"MASTER_LANDSCAPE\" data-id=\"72289602\" data-url=\"https:\/\/static.dw.com\/image\/72289602_${formatId}.jpg\" data-aspect-ratio=\"16\/9\" alt=\"&quot;Nuestras tropas deben estar preparadas para repeler posibles violaciones de la tregua y provocaciones del enemigo&quot;declar\u00f3 Putin el s\u00e1bado cuand\u00f3 orden\u00f3 al alto al fuego\" style=\"padding-bottom: 56.25%; height: 0; max-height: 0;\"\/><figcaption class=\"img-caption\">\u00abNuestras tropas deben estar preparadas para repeler posibles violaciones de la tregua y provocaciones del enemigo\u00bb, declar\u00f3 Putin el s\u00e1bado cuand\u00f3 orden\u00f3 al alto al fuego<small class=\"copyright\">Imagen: Vyacheslav Prokofyev\/Sputnik\/Pool\/Reuters <\/small><\/figcaption><\/figure>\n<h2><strong>Rusia afirma que Ucrania realiz\u00f3 ataques nocturnos<\/strong><\/h2>\n<p>El Ministerio Defensa ruso denunci\u00f3 que a pesar de la tregua \u00abunidades ucranianas intentaron llevar a cabo durante la noche ataques contra posiciones rusas en las \u00e1reas de Sujaya Balka y Bogatir\u00bb, en Donetsk, una regi\u00f3n del este de Ucrania parcialmente controlada por Rusia.<\/p>\n<p>Las autoridades rusas tambi\u00e9n aseguraron que registraron ofensivas ucranianas en las regiones fronterizas de Briansk, Kursk y Belgorod, que dejaron civiles muertos y heridos.<\/p>\n<figure class=\"placeholder-image master_landscape big\"><img data-format=\"MASTER_LANDSCAPE\" data-id=\"72291389\" data-url=\"https:\/\/static.dw.com\/image\/72291389_${formatId}.jpg\" data-aspect-ratio=\"16\/9\" alt=\"&quot;Los drones Shahed en nuestros cielos revelan la verdadera actitud de Putin hacia la Pascua y hacia la vida humana&quot;expres\u00f3 Zelenski el s\u00e1bado despu\u00e9s de que Putin declarara la supuesta tregua \" style=\"padding-bottom: 56.25%; height: 0; max-height: 0;\"\/><figcaption class=\"img-caption\">\u00abLos drones Shahed en nuestros cielos revelan la verdadera actitud de Putin hacia la Pascua y hacia la vida humana\u00bb, expres\u00f3 Zelenski el s\u00e1bado despu\u00e9s de que Putin declarara la supuesta tregua <small class=\"copyright\">Imagen: Tetiana Dzhafarova\/AFP\/Getty Images<\/small><\/figcaption><\/figure>\n<h2><strong>Zelenski denuncia m\u00e1s de 900 ataques rusos<\/strong><\/h2>\n<p>Desde el inicio de la tregua, Zelenski acus\u00f3 a Rusia de continuar los ataques y este domingo el mandatario report\u00f3 nuevas ofensivas.<\/p>\n<p>Esta domingo, acus\u00f3 a Rusia de lanzar \u00aboperaciones\u00bb en Pokrovsk y Siversk, en el frente oriental y afirm\u00f3 que el ej\u00e9rcito ruso \u00absigue usando armamento pesado\u00bb.<\/p>\n<p>En total, report\u00f3 46 ofensivas rusas y 901 ataques este domingo. Asimismo, reiter\u00f3 su propuesta de establecer \u00abun alto al fuego total, incondicional y justo que se extienda 30 d\u00edas como m\u00ednimo\u00bb.<\/p>\n<p>RR (AFP\/Reuters)<\/p>\n<\/div>\n\n","protected":false},"excerpt":{"rendered":"<p>Rusia y Ucrania se acusaron mutuamente este domingo (20.04.2025) de violar la tregua de Pascua declarada por el presidente ruso Vladimir Putin y que su hom\u00f3logo ucraniano Volodimir Zelenski se comprometi\u00f3 a respetar. El l\u00edder del Kremlin, que orden\u00f3 la invasi\u00f3n de Ucrania hace poco m\u00e1s de tres a\u00f1os, anunci\u00f3 sorpresivamente el s\u00e1bado una \u00abtregua &hellip;<\/p>\n","protected":false},"author":1,"featured_media":23761,"comment_status":"open","ping_status":"open","sticky":false,"template":"","format":"standard","meta":{"fifu_image_url":"https:\/\/static.dw.com\/image\/72292523_6.jpg","fifu_image_alt":"","footnotes":""},"categories":[13],"tags":[],"class_list":["post-23760","post","type-post","status-publish","format-standard","has-post-thumbnail","","category-mundo"],"_links":{"self":[{"href":"https:\/\/noticiasveraces.com\/index.php?rest_route=\/wp\/v2\/posts\/23760","targetHints":{"allow":["GET"]}}],"collection":[{"href":"https:\/\/noticiasveraces.com\/index.php?rest_route=\/wp\/v2\/posts"}],"about":[{"href":"https:\/\/noticiasveraces.com\/index.php?rest_route=\/wp\/v2\/types\/post"}],"author":[{"embeddable":true,"href":"https:\/\/noticiasveraces.com\/index.php?rest_route=\/wp\/v2\/users\/1"}],"replies":[{"embeddable":true,"href":"https:\/\/noticiasveraces.com\/index.php?rest_route=%2Fwp%2Fv2%2Fcomments&post=23760"}],"version-history":[{"count":0,"href":"https:\/\/noticiasveraces.com\/index.php?rest_route=\/wp\/v2\/posts\/23760\/revisions"}],"wp:featuredmedia":[{"embeddable":true,"href":"https:\/\/noticiasveraces.com\/index.php?rest_route=\/wp\/v2\/media\/23761"}],"wp:attachment":[{"href":"https:\/\/noticiasveraces.com\/index.php?rest_route=%2Fwp%2Fv2%2Fmedia&parent=23760"}],"wp:term":[{"taxonomy":"category","embeddable":true,"href":"https:\/\/noticiasveraces.com\/index.php?rest_route=%2Fwp%2Fv2%2Fcategories&post=23760"},{"taxonomy":"post_tag","embeddable":true,"href":"https:\/\/noticiasveraces.com\/index.php?rest_route=%2Fwp%2Fv2%2Ftags&post=23760"}],"curies":[{"name":"wp","href":"https:\/\/api.w.org\/{rel}","templated":true}]}}