{"id":23756,"date":"2025-04-20T12:35:12","date_gmt":"2025-04-20T16:35:12","guid":{"rendered":"https:\/\/noticiasveraces.com\/?p=23756"},"modified":"2025-04-20T12:35:12","modified_gmt":"2025-04-20T16:35:12","slug":"fallas-profesionales-en-muerte-de-socorristas-en-gaza-dw-20-04-2025","status":"publish","type":"post","link":"https:\/\/noticiasveraces.com\/?p=23756","title":{"rendered":"\u00abFallas profesionales\u00bb en muerte de socorristas en Gaza \u2013 DW \u2013 20\/04\/2025"},"content":{"rendered":"<p> \n<\/p>\n<div>\n<p>El ej\u00e9rcito israel\u00ed declar\u00f3 este domingo (20.04.2025) que una investigaci\u00f3n sobre la muerte de 15 socorristas en la Franja de Gaza el mes pasado detect\u00f3 errores operativos e incumplimiento de \u00f3rdenes, pero no se intent\u00f3 ocultar el incidente.<\/p>\n<p>La investigaci\u00f3n del ej\u00e9rcito sobre el caso, cuyos resultados se dieron a conocer este domingo, indica que no encontr\u00f3 ning\u00fan \u00edndice que pruebe la \u00abejecuci\u00f3n\u00bb de los 15 socorristas en las cercan\u00edas de Rafah, en el sur de Gaza, escenario de un grave conflicto entre Israel y el grupo terrorista palestino Ham\u00e1s.<\/p>\n<p>Los param\u00e9dicos y trabajadores de emergencia fueron asesinados a tiros el 23 de marzo y enterrados en una fosa poco profunda, donde sus cuerpos fueron encontrados una semana despu\u00e9s por funcionarios de la ONU y la Media Luna Roja\u00a0Palestina.<\/p>\n<p>Un oficial al mando ser\u00e1 amonestado por su \u00abresponsabilidad general en el incidente\u00bb, y un subcomandante ser\u00e1 destituido por estar a cargo del campo y por proporcionar un \u00abinforme incompleto e inexacto\u00bb del incidente.<\/p>\n<h2><strong>\u00abFallas profesionales\u00bb:\u00a0\u00abMalentendido operativo\u00bb e \u00abincumplimiento de \u00f3rdenes\u00bb<\/strong><\/h2>\n<p>\u00abEl examen identific\u00f3 varias fallas profesionales\u00bb, declar\u00f3 el ej\u00e9rcito en un comunicado, y \u00abdetermin\u00f3 que el incendio en los dos primeros incidentes se debi\u00f3 a un malentendido operativo por parte de las tropas, que cre\u00edan que se enfrentaban a una amenaza tangible de las fuerzas enemigas\u00bb.<\/p>\n<p>\u00abEl tercer incidente implic\u00f3 un incumplimiento de \u00f3rdenes en un entorno de combate\u00bb, agreg\u00f3. El ej\u00e9rcito afirma, sin aportar pruebas, que seis de los 15 socorristas muertos eran \u00abterroristas de Ham\u00e1s\u00bb.<\/p>\n<p>El ej\u00e9rcito afirm\u00f3 que el subcomandante hab\u00eda ordenado a las tropas abrir fuego contra las personas que sal\u00edan de veh\u00edculos que posteriormente fueron identificados como un cami\u00f3n de bomberos y varias ambulancias.<\/p>\n<p>Una hora antes, los soldados hab\u00edan disparado contra otro veh\u00edculo que cre\u00edan pertenec\u00eda a Ham\u00e1s y el subcomandante percibi\u00f3 una amenaza, a\u00f1adi\u00f3.<\/p>\n<p>Seg\u00fan el ej\u00e9rcito, el subcomandante no pudo reconocer los veh\u00edculos del segundo incidente como ambulancias \u00abdebido a la mala visibilidad nocturna\u00bb.<\/p>\n<p>RR (Reuters\/AP\/EFE)<\/p>\n<\/div>\n\n","protected":false},"excerpt":{"rendered":"<p>El ej\u00e9rcito israel\u00ed declar\u00f3 este domingo (20.04.2025) que una investigaci\u00f3n sobre la muerte de 15 socorristas en la Franja de Gaza el mes pasado detect\u00f3 errores operativos e incumplimiento de \u00f3rdenes, pero no se intent\u00f3 ocultar el incidente. La investigaci\u00f3n del ej\u00e9rcito sobre el caso, cuyos resultados se dieron a conocer este domingo, indica que &hellip;<\/p>\n","protected":false},"author":1,"featured_media":23757,"comment_status":"open","ping_status":"open","sticky":false,"template":"","format":"standard","meta":{"fifu_image_url":"https:\/\/static.dw.com\/image\/72093701_6.jpg","fifu_image_alt":"","footnotes":""},"categories":[13],"tags":[],"class_list":["post-23756","post","type-post","status-publish","format-standard","has-post-thumbnail","","category-mundo"],"_links":{"self":[{"href":"https:\/\/noticiasveraces.com\/index.php?rest_route=\/wp\/v2\/posts\/23756","targetHints":{"allow":["GET"]}}],"collection":[{"href":"https:\/\/noticiasveraces.com\/index.php?rest_route=\/wp\/v2\/posts"}],"about":[{"href":"https:\/\/noticiasveraces.com\/index.php?rest_route=\/wp\/v2\/types\/post"}],"author":[{"embeddable":true,"href":"https:\/\/noticiasveraces.com\/index.php?rest_route=\/wp\/v2\/users\/1"}],"replies":[{"embeddable":true,"href":"https:\/\/noticiasveraces.com\/index.php?rest_route=%2Fwp%2Fv2%2Fcomments&post=23756"}],"version-history":[{"count":0,"href":"https:\/\/noticiasveraces.com\/index.php?rest_route=\/wp\/v2\/posts\/23756\/revisions"}],"wp:featuredmedia":[{"embeddable":true,"href":"https:\/\/noticiasveraces.com\/index.php?rest_route=\/wp\/v2\/media\/23757"}],"wp:attachment":[{"href":"https:\/\/noticiasveraces.com\/index.php?rest_route=%2Fwp%2Fv2%2Fmedia&parent=23756"}],"wp:term":[{"taxonomy":"category","embeddable":true,"href":"https:\/\/noticiasveraces.com\/index.php?rest_route=%2Fwp%2Fv2%2Fcategories&post=23756"},{"taxonomy":"post_tag","embeddable":true,"href":"https:\/\/noticiasveraces.com\/index.php?rest_route=%2Fwp%2Fv2%2Ftags&post=23756"}],"curies":[{"name":"wp","href":"https:\/\/api.w.org\/{rel}","templated":true}]}}