{"id":23749,"date":"2025-04-20T09:30:15","date_gmt":"2025-04-20T13:30:15","guid":{"rendered":"https:\/\/noticiasveraces.com\/?p=23749"},"modified":"2025-04-20T09:30:15","modified_gmt":"2025-04-20T13:30:15","slug":"falcao-garcia-tuvo-inconveniente-con-ultima-cirugia-se-demora-su-regreso-en-millonarios-curiosidades-de-futbol","status":"publish","type":"post","link":"https:\/\/noticiasveraces.com\/?p=23749","title":{"rendered":"Falcao Garc\u00eda tuvo inconveniente con \u00faltima cirug\u00eda: \u00bfse demora su regreso en Millonarios? | Curiosidades de f\u00fatbol"},"content":{"rendered":"<p> \n<br \/><img decoding=\"async\" src=\"https:\/\/www.futbolred.com\/files\/article_graphic\/files\/crop\/uploads\/2025\/02\/24\/67bc9078c2047.r_1339415.0-144-1024-656.jpeg\" \/><\/p>\n<div id=\"cuerpoArticulo\">\n<p class=\"texto intro\" id=\"p242818-m364-363-365\"><b>Radamel Falcao Garc\u00eda no ha podido jugar con Millonarios desde hace m\u00e1s de seis semanas<\/b>pues present\u00f3 una lesi\u00f3n grado 2 al nivel del recto femoral anterior derecho que lo sac\u00f3 de las canchas justo cuando el embajador m\u00e1s lo necesitaba.<\/p>\n<p>El \u2018Tigre\u2019 todav\u00eda trabaja para superar el trauma en el cu\u00e1driceps de su pierna derecha que sufri\u00f3 contra Junior, a comienzos de marzo, y espera regresar antes de que se acabe la fase regular de la Liga BetPlay I-2025, el famoso \u2018todos contra todos\u2019.<\/p>\n<p>Sin embargo, <b>en los \u00faltimos d\u00edas Radamel present\u00f3 problemas de salud que lo aquejaron:<\/b> aprovechando su lesi\u00f3n muscular, el \u2018Tigre\u2019 se someti\u00f3 a una cirug\u00eda que necesitaba hace tiempo, y que le ayudar\u00e1 a respirar mejor.<\/p>\n<p class=\"texto contenido-parrafo-articulo\" id=\"p242818-m382-2-383\"><b>Falcao se oper\u00f3 de su nariz<\/b>y aunque no ha afectado su recuperaci\u00f3n muscular, el delantero tuvo inconvenientes en los d\u00edas del posoperatorio.<\/p>\n<p>Seg\u00fan revel\u00f3 el periodista Diego Yepes, en el programa de YouTube <i>\u2018F\u00fatbol DC\u2019<\/i>a Radamel \u201c<b>le ha costado un poco reacondicionarse despu\u00e9s de esa cirug\u00eda<\/b>\u201d, dejando claro que \u201cel problema no es deportivo\u201d.<\/p>\n<p>Seg\u00fan la versi\u00f3n de Yepes, \u201cluego de una cirug\u00eda de estas, cuesta mucho respirar. <b>Como hay inflamaci\u00f3n<\/b>las v\u00edas respiratorias quedan tapadas y <b>es inc\u00f3modo<\/b>porque pr\u00e1cticamente se respira por la boca\u201d.<\/p>\n<p class=\"texto contenido-parrafo-articulo\" id=\"p242818-m437-3-438\">\u00ab<b>Esa situaci\u00f3n le ha causado problemas (a Falcao)<\/b> para conciliar el sue\u00f1o. As\u00ed que se ha sentido indispuesto ante esa situaci\u00f3n\u201d, agreg\u00f3 detalles el periodista.<\/p>\n<p>Sin embargo, Falcao super\u00f3 ese problema y \u201cha estado mejor en los \u00faltimos d\u00edas\u201d. Adem\u00e1s, \u201c<b>no afecta su regreso a las canchas<\/b>\u00ab.<\/p>\n<p>Es por eso que a comienzos de mayo se espera que Falcao tenga el alta m\u00e9dica para estar a disposici\u00f3n del t\u00e9cnico David Gonz\u00e1lez y volver a jugar con Millonarios.<\/p>\n<p class=\"texto contenido-parrafo-articulo\" id=\"p242818-m388-3-389\"><b><i><u>(Ver video desde 21:50 a 24:00)<\/u><\/i><\/b><\/p>\n<p><a href=\"https:\/\/www.youtube.com\/watch?v=rods-3uroxa\">https:\/\/www.youtube.com\/watch?v=rods-3uroxa<\/a><\/p>\n<\/p><\/div>\n\n","protected":false},"excerpt":{"rendered":"<p>Radamel Falcao Garc\u00eda no ha podido jugar con Millonarios desde hace m\u00e1s de seis semanaspues present\u00f3 una lesi\u00f3n grado 2 al nivel del recto femoral anterior derecho que lo sac\u00f3 de las canchas justo cuando el embajador m\u00e1s lo necesitaba. El \u2018Tigre\u2019 todav\u00eda trabaja para superar el trauma en el cu\u00e1driceps de su pierna derecha &hellip;<\/p>\n","protected":false},"author":1,"featured_media":23751,"comment_status":"open","ping_status":"open","sticky":false,"template":"","format":"standard","meta":{"fifu_image_url":"https:\/\/www.futbolred.com\/files\/og_thumbnail\/uploads\/2025\/02\/24\/67bc9078c2047.jpeg","fifu_image_alt":"","footnotes":""},"categories":[6],"tags":[],"class_list":["post-23749","post","type-post","status-publish","format-standard","has-post-thumbnail","","category-deportes"],"_links":{"self":[{"href":"https:\/\/noticiasveraces.com\/index.php?rest_route=\/wp\/v2\/posts\/23749","targetHints":{"allow":["GET"]}}],"collection":[{"href":"https:\/\/noticiasveraces.com\/index.php?rest_route=\/wp\/v2\/posts"}],"about":[{"href":"https:\/\/noticiasveraces.com\/index.php?rest_route=\/wp\/v2\/types\/post"}],"author":[{"embeddable":true,"href":"https:\/\/noticiasveraces.com\/index.php?rest_route=\/wp\/v2\/users\/1"}],"replies":[{"embeddable":true,"href":"https:\/\/noticiasveraces.com\/index.php?rest_route=%2Fwp%2Fv2%2Fcomments&post=23749"}],"version-history":[{"count":0,"href":"https:\/\/noticiasveraces.com\/index.php?rest_route=\/wp\/v2\/posts\/23749\/revisions"}],"wp:featuredmedia":[{"embeddable":true,"href":"https:\/\/noticiasveraces.com\/index.php?rest_route=\/wp\/v2\/media\/23751"}],"wp:attachment":[{"href":"https:\/\/noticiasveraces.com\/index.php?rest_route=%2Fwp%2Fv2%2Fmedia&parent=23749"}],"wp:term":[{"taxonomy":"category","embeddable":true,"href":"https:\/\/noticiasveraces.com\/index.php?rest_route=%2Fwp%2Fv2%2Fcategories&post=23749"},{"taxonomy":"post_tag","embeddable":true,"href":"https:\/\/noticiasveraces.com\/index.php?rest_route=%2Fwp%2Fv2%2Ftags&post=23749"}],"curies":[{"name":"wp","href":"https:\/\/api.w.org\/{rel}","templated":true}]}}