{"id":23747,"date":"2025-04-20T09:25:16","date_gmt":"2025-04-20T13:25:16","guid":{"rendered":"https:\/\/noticiasveraces.com\/?p=23747"},"modified":"2025-04-20T09:25:16","modified_gmt":"2025-04-20T13:25:16","slug":"44-muertos-por-ataques-de-israel-en-las-ultimas-horas-dw-20-04-2025","status":"publish","type":"post","link":"https:\/\/noticiasveraces.com\/?p=23747","title":{"rendered":"44 muertos por ataques de Israel en las \u00faltimas horas \u2013 DW \u2013 20\/04\/2025"},"content":{"rendered":"<p> \n<\/p>\n<div>\n<p>La ofensiva de Israel sobre la Franja de Gaza, que ha sido criticada por distintos medios de ese pa\u00eds por carecer de rumbo, acab\u00f3 a lo largo del s\u00e1bado con la vida de al menos 44 personas, subiendo as\u00ed el total desde su inicio en octubre de 2023 a 51.201 fallecidos, seg\u00fan el comunicado emitido este domingo (20.04.2025) por el Ministerio de Salud del Gobierno de Ham\u00e1s en este territorio.<\/p>\n<p>Otras 145 personas resultaron heridas, seg\u00fan el recuento -que va de la medianoche del viernes a la medianoche del s\u00e1bado-, que hacen ya un total de 116.869 tras m\u00e1s de a\u00f1o y medio de bombardeos incesantes y operaciones terrestres sobre Gaza. Desde que Israel rompi\u00f3 el alto al fuego hace poco m\u00e1s de un mes, 1.827 personas han muerto y 4.828 han resultado heridas.<\/p>\n<p>El director de la unidad del ministerio al cargo del recuento de fallecidos, Zaher al Waheidi, asegur\u00f3 a la agencia EFE que la instituci\u00f3n estima que unos 3.100 cad\u00e1veres siguen entre los escombros o en lugares inaccesibles, mientras que las autoridades tienen constancia de 4.100 denuncias de personas desaparecidas, que se estima se tratar\u00eda de m\u00e1s muertes, o tambi\u00e9n de detenciones a manos del Ej\u00e9rcito israel\u00ed.<\/p>\n<p><span data-slot-id=\"Article_InContent-1\" class=\"rich-text-ad\"\/><\/p>\n<h2>Cr\u00edticas en medios israel\u00edes<\/h2>\n<p>Este domingo, la agencia oficial de noticias palestina, Wafa, registr\u00f3 la muerte de al menos siete personas en ataques por la ma\u00f1ana. Dos de ellas eran agricultores que fueron objetivo de un dron en la zona de Abasan, al este de la ciudad sure\u00f1a de Jan Yunis. Adem\u00e1s, rescatistas recuperaron el cad\u00e1ver entre los escombros de una vivienda de un hombre identificado como Ayesh Qatih en Khuzaa, tambi\u00e9n al este de Jan Yunis.<\/p>\n<p>En Mawasi, junto a la costa, un ataque de artiller\u00eda mat\u00f3 a otro hombre identificado por este medio como Wasim Attia Abu Musa. Otro dron mat\u00f3 a dos personas m\u00e1s en el barrio de Zeit\u00fan de Ciudad de Gaza (norte), al atacar una reuni\u00f3n en la calle, mientras que un bombardeo en el barrio de Shujaiya mat\u00f3 a dos personas m\u00e1s. Tambi\u00e9n un dron mat\u00f3 a cinco personas en Rafah, tras ser atacados por encontrarse reunidos.<\/p>\n<p>En tanto, varios peri\u00f3dicos de Israel criticaron el mensaje por video de 11 minutos que divulg\u00f3 el primer ministro de ese pa\u00eds, Benjamin Netanyahu, en el que afirm\u00f3 que la ofensiva militar en Gaza seguir\u00e1 adelante. Los medios se\u00f1alaron que se trat\u00f3 de \u00abdeclaraciones vac\u00edas a insulsas\u201d, carentes de visi\u00f3n y cuyo \u00fanico fin es \u00abpreservar el conflicto\u201d.<\/p>\n<p>El diario de centroderecha <em>Maariv<\/em> titul\u00f3 una nota con el elocuente texto \u00abuna completa p\u00e9rdida de tiempo\u201d, en referencia al video. En tanto, el diario de centroizquierda <em>Yindioth Ahronoth<\/em> public\u00f3 una columna sobre el video con el t\u00edtulo \u00abSin futuro, sin esperanza, sin visi\u00f3n\u00bb.<\/p>\n<p>El diario progresista <em>Haaretz<\/em>por su parte, asegur\u00f3 en una columna de opini\u00f3n que \u00abun mes despu\u00e9s de reanudar la guerra en Gaza, las Fuerzas de Defensa de Israel se esfuerzan por ocultar su confusi\u00f3n\u00bb y acusa a Netanyahu de acudir a la guerra \u00abpor una necesidad inflexible de preservar un conflicto que no quer\u00eda resolver y, sobre todo, no sab\u00eda c\u00f3mo resolver\u00bb.<\/p>\n<p>DZC (EFE, AFP)<\/p>\n<\/div>\n\n","protected":false},"excerpt":{"rendered":"<p>La ofensiva de Israel sobre la Franja de Gaza, que ha sido criticada por distintos medios de ese pa\u00eds por carecer de rumbo, acab\u00f3 a lo largo del s\u00e1bado con la vida de al menos 44 personas, subiendo as\u00ed el total desde su inicio en octubre de 2023 a 51.201 fallecidos, seg\u00fan el comunicado emitido &hellip;<\/p>\n","protected":false},"author":1,"featured_media":23748,"comment_status":"open","ping_status":"open","sticky":false,"template":"","format":"standard","meta":{"fifu_image_url":"https:\/\/static.dw.com\/image\/72273740_6.jpg","fifu_image_alt":"","footnotes":""},"categories":[13],"tags":[],"class_list":["post-23747","post","type-post","status-publish","format-standard","has-post-thumbnail","","category-mundo"],"_links":{"self":[{"href":"https:\/\/noticiasveraces.com\/index.php?rest_route=\/wp\/v2\/posts\/23747","targetHints":{"allow":["GET"]}}],"collection":[{"href":"https:\/\/noticiasveraces.com\/index.php?rest_route=\/wp\/v2\/posts"}],"about":[{"href":"https:\/\/noticiasveraces.com\/index.php?rest_route=\/wp\/v2\/types\/post"}],"author":[{"embeddable":true,"href":"https:\/\/noticiasveraces.com\/index.php?rest_route=\/wp\/v2\/users\/1"}],"replies":[{"embeddable":true,"href":"https:\/\/noticiasveraces.com\/index.php?rest_route=%2Fwp%2Fv2%2Fcomments&post=23747"}],"version-history":[{"count":0,"href":"https:\/\/noticiasveraces.com\/index.php?rest_route=\/wp\/v2\/posts\/23747\/revisions"}],"wp:featuredmedia":[{"embeddable":true,"href":"https:\/\/noticiasveraces.com\/index.php?rest_route=\/wp\/v2\/media\/23748"}],"wp:attachment":[{"href":"https:\/\/noticiasveraces.com\/index.php?rest_route=%2Fwp%2Fv2%2Fmedia&parent=23747"}],"wp:term":[{"taxonomy":"category","embeddable":true,"href":"https:\/\/noticiasveraces.com\/index.php?rest_route=%2Fwp%2Fv2%2Fcategories&post=23747"},{"taxonomy":"post_tag","embeddable":true,"href":"https:\/\/noticiasveraces.com\/index.php?rest_route=%2Fwp%2Fv2%2Ftags&post=23747"}],"curies":[{"name":"wp","href":"https:\/\/api.w.org\/{rel}","templated":true}]}}