{"id":23735,"date":"2025-04-20T07:20:12","date_gmt":"2025-04-20T11:20:12","guid":{"rendered":"https:\/\/noticiasveraces.com\/?p=23735"},"modified":"2025-04-20T07:20:12","modified_gmt":"2025-04-20T11:20:12","slug":"canada-ve-sobre-el-antisemitismo-2-candidatos-lideres-abordan-las-preocupaciones-crecientes","status":"publish","type":"post","link":"https:\/\/noticiasveraces.com\/?p=23735","title":{"rendered":"Canad\u00e1 ve sobre el antisemitismo; 2 candidatos l\u00edderes abordan las preocupaciones crecientes"},"content":{"rendered":"<p> \n<\/p>\n<div>\n<div class=\"featured featured-video video-ct\" data-v-5f342d4c=\"\"><!----> <\/p>\n<div class=\"contain\" data-v-5f342d4c=\"\">  <!----> <\/p>\n<div class=\"info\" data-v-5f342d4c=\"\">\n<div class=\"caption\" data-v-5f342d4c=\"\">\n<h4 class=\"title\" data-v-5f342d4c=\"\">Protestas anti-Israel en Canad\u00e1<\/h4>\n<p data-v-5f342d4c=\"\">Archivo que muestra los manifestantes anti-Israel durante una protesta en Toronto en agosto de 2024. (Video: Reuters a trav\u00e9s de la Agencia Anadolu).<\/p>\n<\/div>\n<\/div>\n<\/div>\n<\/div>\n<p class=\"speakable\">El antisemitismo en Canad\u00e1 ha explotado despu\u00e9s de la masacre del 7 de octubre de 2023 de Hamas, alcanzando n\u00fameros r\u00e9cord el a\u00f1o pasado y convirti\u00e9ndose en un tema central para la comunidad jud\u00eda del pa\u00eds antes de una elecci\u00f3n federal del 28 de abril.<\/p>\n<p class=\"speakable\">La semana pasada, el l\u00edder del Partido Conservador Pierre Poilievre, el principal retador del primer ministro Mark Carney, acus\u00f3 a los manifestantes pro-Hamas de organizar \u00abmarchas de odio\u00bb y prometiendo deportar a extranjeros antisemitas de Canad\u00e1.<\/p>\n<p>\u00abEl caos de alboroto que vemos en nuestras calles, el objetivo de las sinagogas y las escuelas jud\u00edas con odio, vandalismo, violencia, bombardeos &#8230; Estas cosas eran desconocidas hace 10 a\u00f1os\u00bb, dijo Poilievre. <\/p>\n<p>Tambi\u00e9n ten\u00eda una advertencia para agitadores extranjeros. \u00abCualquiera que est\u00e9 aqu\u00ed con una visa de visitante que lleva a cabo la ley ser\u00e1 deportada de este pa\u00eds\u00bb, dijo Poilievre.<\/p>\n<p><strong>El Senado aprueba a Peter Hoekstra como el pr\u00f3ximo embajador de los Estados Unidos en Canad\u00e1<\/strong><\/p>\n<div class=\"image-ct inline\">\n<div class=\"m\"><picture><source media=\"(max-width: 767px)\" srcset=\"https:\/\/a57.foxnews.com\/static.foxnews.com\/foxnews.com\/content\/uploads\/2025\/04\/343\/192\/montreal-synagogue-attack-scaled.jpg?ve=1&amp;tl=1, https:\/\/a57.foxnews.com\/static.foxnews.com\/foxnews.com\/content\/uploads\/2025\/04\/686\/384\/montreal-synagogue-attack-scaled.jpg?ve=1&amp;tl=1 2x\" height=\"192\" width=\"343\"><source media=\"(min-width: 768px) and (max-width: 1023px)\" srcset=\"https:\/\/a57.foxnews.com\/static.foxnews.com\/foxnews.com\/content\/uploads\/2025\/04\/672\/378\/montreal-synagogue-attack-scaled.jpg?ve=1&amp;tl=1, https:\/\/a57.foxnews.com\/static.foxnews.com\/foxnews.com\/content\/uploads\/2025\/04\/1344\/756\/montreal-synagogue-attack-scaled.jpg?ve=1&amp;tl=1 2x\" height=\"378\" width=\"672\"><source media=\"(min-width: 1024px) and (max-width: 1279px)\" srcset=\"https:\/\/a57.foxnews.com\/static.foxnews.com\/foxnews.com\/content\/uploads\/2025\/04\/931\/523\/montreal-synagogue-attack-scaled.jpg?ve=1&amp;tl=1, https:\/\/a57.foxnews.com\/static.foxnews.com\/foxnews.com\/content\/uploads\/2025\/04\/1862\/1046\/montreal-synagogue-attack-scaled.jpg?ve=1&amp;tl=1 2x\" height=\"523\" width=\"931\"><source media=\"(min-width: 1280px)\" srcset=\"https:\/\/a57.foxnews.com\/static.foxnews.com\/foxnews.com\/content\/uploads\/2025\/04\/720\/405\/montreal-synagogue-attack-scaled.jpg?ve=1&amp;tl=1, https:\/\/a57.foxnews.com\/static.foxnews.com\/foxnews.com\/content\/uploads\/2025\/04\/1440\/810\/montreal-synagogue-attack-scaled.jpg?ve=1&amp;tl=1 2x\" height=\"405\" width=\"720\"><img loading=\"lazy\" decoding=\"async\" src=\"https:\/\/a57.foxnews.com\/static.foxnews.com\/foxnews.com\/content\/uploads\/2025\/04\/1200\/675\/montreal-synagogue-attack-scaled.jpg?ve=1&amp;tl=1\" alt=\"Antisemitismo de Canad\u00e1\" width=\"1200\" height=\"675\"\/><\/source><\/source><\/source><\/source><\/picture><\/div>\n<div class=\"info\">\n<div class=\"caption\">\n<p><span>Un hombre arregla la cerradura en las puertas de la congregaci\u00f3n Beth Tikvah mientras la polic\u00eda investiga a un presunto incendio provocado en la sinagoga en el suburbio de Dollard-des-Ormeaux en Montreal el 18 de diciembre de 2024. <\/span> <span>(Christinne Muschi\/The Canadian Press a trav\u00e9s de AP)<\/span><\/p>\n<\/div>\n<\/div>\n<\/div>\n<p>\u00abPara la comunidad jud\u00eda de Canad\u00e1\u00bb, agreg\u00f3 Poilievre, \u00abno est\u00e1s solo, tienes amigos. Los canadienses est\u00e1n contigo. Tienes derecho a usar tu estrella de David, tu kip\u00e1, y tener tu mezuz\u00e1 en tu puerta. Debes sentirte orgulloso de ser jud\u00edo y nunca debes ocultar tu jud\u00eda para mantenerte seguro\u00bb.<\/p>\n<p>El viernes, Poilievre comparti\u00f3 en X el llamado del Consejo de la Comunidad Jud\u00eda de Montreal para que los votantes jud\u00edos lo respalden. En el video, el director ejecutivo del grupo, el rabino Saul Emanuel, que hace referencia al apoyo de Poilievre a la comunidad, declar\u00f3: \u00abRecordamos qui\u00e9n se qued\u00f3 con nosotros cuando m\u00e1s importaba, y ahora todos podemos marcar la diferencia\u00bb.<\/p>\n<p>Emanuel se\u00f1al\u00f3 que los votantes jud\u00edos podr\u00edan desempe\u00f1ar un papel decisivo en hasta 14 distritos en Canad\u00e1. \u00abNuestro voto importa, nuestra voz es importante. Por eso estoy orgulloso de apoyar a Pierre Poilievre y te insto a que hagas lo mismo\u00bb, dijo.<\/p>\n<p>Carney tambi\u00e9n ha utilizado las redes sociales para condenar el antisemitismo. En un tweet que deseaba a los canadienses jud\u00edos una Pascua feliz, conden\u00f3 los crecientes incidentes, declarando en parte: \u00abJuntos, debemos enfrentar y denunciar la creciente ola de antisemitismo, y la amenaza que representa para la vida y la seguridad jud\u00edas en las comunidades de todo Canad\u00e1\u00bb.<\/p>\n<div class=\"image-ct inline\">\n<div class=\"m\"><picture><source media=\"(max-width: 767px)\" srcset=\"https:\/\/a57.foxnews.com\/static.foxnews.com\/foxnews.com\/content\/uploads\/2024\/03\/343\/192\/GettyImages-2059266391.jpg?ve=1&amp;tl=1, https:\/\/a57.foxnews.com\/static.foxnews.com\/foxnews.com\/content\/uploads\/2024\/03\/686\/384\/GettyImages-2059266391.jpg?ve=1&amp;tl=1 2x\" height=\"192\" width=\"343\"><source media=\"(min-width: 768px) and (max-width: 1023px)\" srcset=\"https:\/\/a57.foxnews.com\/static.foxnews.com\/foxnews.com\/content\/uploads\/2024\/03\/672\/378\/GettyImages-2059266391.jpg?ve=1&amp;tl=1, https:\/\/a57.foxnews.com\/static.foxnews.com\/foxnews.com\/content\/uploads\/2024\/03\/1344\/756\/GettyImages-2059266391.jpg?ve=1&amp;tl=1 2x\" height=\"378\" width=\"672\"><source media=\"(min-width: 1024px) and (max-width: 1279px)\" srcset=\"https:\/\/a57.foxnews.com\/static.foxnews.com\/foxnews.com\/content\/uploads\/2024\/03\/931\/523\/GettyImages-2059266391.jpg?ve=1&amp;tl=1, https:\/\/a57.foxnews.com\/static.foxnews.com\/foxnews.com\/content\/uploads\/2024\/03\/1862\/1046\/GettyImages-2059266391.jpg?ve=1&amp;tl=1 2x\" height=\"523\" width=\"931\"><source media=\"(min-width: 1280px)\" srcset=\"https:\/\/a57.foxnews.com\/static.foxnews.com\/foxnews.com\/content\/uploads\/2024\/03\/720\/405\/GettyImages-2059266391.jpg?ve=1&amp;tl=1, https:\/\/a57.foxnews.com\/static.foxnews.com\/foxnews.com\/content\/uploads\/2024\/03\/1440\/810\/GettyImages-2059266391.jpg?ve=1&amp;tl=1 2x\" height=\"405\" width=\"720\"><img loading=\"lazy\" decoding=\"async\" src=\"https:\/\/a57.foxnews.com\/static.foxnews.com\/foxnews.com\/content\/uploads\/2024\/03\/1200\/675\/GettyImages-2059266391.jpg?ve=1&amp;tl=1\" alt=\"Manitistas palestinos fuera de la sinagoga en Toronto, Canad\u00e1.\" width=\"1200\" height=\"675\"\/><\/source><\/source><\/source><\/source><\/picture><\/div>\n<div class=\"info\">\n<div class=\"caption\">\n<p><span>Los manifestantes anti-Israel se re\u00fanen en las afueras de Beth Avraham Yoseph de la sinagoga de Toronto que alberga &#8216;evento inmobiliario israel\u00ed&#8217; en Thornhill, al norte de Toronto, Ontario, el 7 de marzo de 2024. Thornhill es el hogar de una gran poblaci\u00f3n jud\u00eda.<\/span> <span>(Foto de Mert Alper Dervis\/Anadolu a trav\u00e9s de Getty Images)<\/span><\/p>\n<\/div>\n<\/div>\n<\/div>\n<p>Sin embargo, a pesar de sus fuertes palabras contra el antisemitismo, Carney recientemente enfrent\u00f3 cr\u00edticas despu\u00e9s de una manifestaci\u00f3n de campa\u00f1a en Calgary, donde alguien grit\u00f3 al l\u00edder del Partido Liberal: \u00abHay un genocidio en Palestina\u00bb.<\/p>\n<p>\u00abSoy consciente\u00bb, respondi\u00f3 Carney. \u00abPor eso tenemos un embargo de armas [on Israel]\u00bb<\/p>\n<p>Al d\u00eda siguiente, Carney, quien en marzo reemplaz\u00f3 a la primera veterna del primer ministro Justin Trudeau, afirm\u00f3 que no hab\u00eda escuchado el manifestante anti-Israel correctamente.<\/p>\n<p>Su retroceso no impidi\u00f3 que el primer ministro israel\u00ed Benjamin Netanyahu entrara en la refriega. Public\u00f3 en X que \u00abCanad\u00e1 siempre se ha puesto del lado de la civilizaci\u00f3n. Tambi\u00e9n deber\u00eda el Sr. Carney.<\/p>\n<p>\u00abPero en lugar de apoyar a Israel, una democracia que est\u00e1 luchando contra una guerra justa con los medios justos contra los b\u00e1rbaros de Hamas, ataca al \u00fanico estado jud\u00edo\u00bb, public\u00f3 Netanyahu.<\/p>\n<p>Seg\u00fan una auditor\u00eda anual publicada este mes por B&#8217;nai Brith Canada, el n\u00famero total de casos reportados de odio jud\u00edo en el pa\u00eds alcanz\u00f3 6.219 en 2024, un aumento del 7.4% sobre 2023 y el n\u00famero m\u00e1s alto desde el inicio de la encuesta en 1982.<\/p>\n<p>Los incidentes antisemitas en Canad\u00e1 se han disparado en un 124.6% desde 2022.<\/p>\n<p><strong>Fronteras del norte &#8216;crisis tranquila&#8217; como una soluci\u00f3n experta no convencional para combatir el contrabando humano<\/strong><\/p>\n<div class=\"image-ct inline\">\n<div class=\"m\"><picture><source media=\"(max-width: 767px)\" srcset=\"https:\/\/a57.foxnews.com\/static.foxnews.com\/foxnews.com\/content\/uploads\/2025\/03\/343\/192\/gettyimages-2206580191.jpg?ve=1&amp;tl=1, https:\/\/a57.foxnews.com\/static.foxnews.com\/foxnews.com\/content\/uploads\/2025\/03\/686\/384\/gettyimages-2206580191.jpg?ve=1&amp;tl=1 2x\" height=\"192\" width=\"343\"><source media=\"(min-width: 768px) and (max-width: 1023px)\" srcset=\"https:\/\/a57.foxnews.com\/static.foxnews.com\/foxnews.com\/content\/uploads\/2025\/03\/672\/378\/gettyimages-2206580191.jpg?ve=1&amp;tl=1, https:\/\/a57.foxnews.com\/static.foxnews.com\/foxnews.com\/content\/uploads\/2025\/03\/1344\/756\/gettyimages-2206580191.jpg?ve=1&amp;tl=1 2x\" height=\"378\" width=\"672\"><source media=\"(min-width: 1024px) and (max-width: 1279px)\" srcset=\"https:\/\/a57.foxnews.com\/static.foxnews.com\/foxnews.com\/content\/uploads\/2025\/03\/931\/523\/gettyimages-2206580191.jpg?ve=1&amp;tl=1, https:\/\/a57.foxnews.com\/static.foxnews.com\/foxnews.com\/content\/uploads\/2025\/03\/1862\/1046\/gettyimages-2206580191.jpg?ve=1&amp;tl=1 2x\" height=\"523\" width=\"931\"><source media=\"(min-width: 1280px)\" srcset=\"https:\/\/a57.foxnews.com\/static.foxnews.com\/foxnews.com\/content\/uploads\/2025\/03\/720\/405\/gettyimages-2206580191.jpg?ve=1&amp;tl=1, https:\/\/a57.foxnews.com\/static.foxnews.com\/foxnews.com\/content\/uploads\/2025\/03\/1440\/810\/gettyimages-2206580191.jpg?ve=1&amp;tl=1 2x\" height=\"405\" width=\"720\"><img loading=\"lazy\" decoding=\"async\" src=\"https:\/\/a57.foxnews.com\/static.foxnews.com\/foxnews.com\/content\/uploads\/2025\/03\/1200\/675\/gettyimages-2206580191.jpg?ve=1&amp;tl=1\" alt=\"Mark Carney\" width=\"1200\" height=\"675\"\/><\/source><\/source><\/source><\/source><\/picture><\/div>\n<div class=\"info\">\n<div class=\"caption\">\n<p><span>Mark Carney fue criticado por el primer ministro israel\u00ed Benjamin Netanyahu por los comentarios realizados durante un mitin de campa\u00f1a la semana pasada. <\/span> <span>(Andrej Ivanov\/Getty Images)<\/span><\/p>\n<\/div>\n<\/div>\n<\/div>\n<p>\u00abEn los \u00faltimos 18 meses, se ha establecido una nueva l\u00ednea de base para el antisemitismo en Canad\u00e1, y est\u00e1 teniendo un efecto perjudicial en la vida de los jud\u00edos\u00bb, dijo Richard Robertson, director de investigaci\u00f3n y defensa de B&#8217;nai Brith Canada, a Fox News Digital. \u00abEstamos viendo un aumento en ciertas formas de antisemitismo, espec\u00edficamente antisionismo\u00bb.<\/p>\n<p>Irwin Cotler, ex ministro de justicia y fiscal general de Canad\u00e1 del Partido Liberal, dijo a Fox News Digital \u00abEl antisemitismo se ha convertido en la corriente principal, normalizada y legitimada en las culturas pol\u00edticas, populares, acad\u00e9micas, medi\u00e1ticas, de entretenimiento y deportivas. Todo esto sucedi\u00f3 en ausencia de indignaci\u00f3n\u00bb, dijo.<\/p>\n<p>\u00abEspero que cualquier partido sea elegido, veremos entregables para combatir el crimen de odio espec\u00edfico, el discurso de odio, el acoso, el asalto, el vandalismo y todas las cosas que encuentras informadas en el [B\u2019nai Brith] informe anual. Desde mi experiencia, incluso esas estad\u00edsticas no cuentan la historia real. Est\u00e1n subregistados \u00ab.<\/p>\n<div class=\"image-ct inline\">\n<div class=\"m\"><picture><source media=\"(max-width: 767px)\" srcset=\"https:\/\/a57.foxnews.com\/static.foxnews.com\/foxnews.com\/content\/uploads\/2025\/01\/343\/192\/ap24336609281996-scaled.jpg?ve=1&amp;tl=1, https:\/\/a57.foxnews.com\/static.foxnews.com\/foxnews.com\/content\/uploads\/2025\/01\/686\/384\/ap24336609281996-scaled.jpg?ve=1&amp;tl=1 2x\" height=\"192\" width=\"343\"><source media=\"(min-width: 768px) and (max-width: 1023px)\" srcset=\"https:\/\/a57.foxnews.com\/static.foxnews.com\/foxnews.com\/content\/uploads\/2025\/01\/672\/378\/ap24336609281996-scaled.jpg?ve=1&amp;tl=1, https:\/\/a57.foxnews.com\/static.foxnews.com\/foxnews.com\/content\/uploads\/2025\/01\/1344\/756\/ap24336609281996-scaled.jpg?ve=1&amp;tl=1 2x\" height=\"378\" width=\"672\"><source media=\"(min-width: 1024px) and (max-width: 1279px)\" srcset=\"https:\/\/a57.foxnews.com\/static.foxnews.com\/foxnews.com\/content\/uploads\/2025\/01\/931\/523\/ap24336609281996-scaled.jpg?ve=1&amp;tl=1, https:\/\/a57.foxnews.com\/static.foxnews.com\/foxnews.com\/content\/uploads\/2025\/01\/1862\/1046\/ap24336609281996-scaled.jpg?ve=1&amp;tl=1 2x\" height=\"523\" width=\"931\"><source media=\"(min-width: 1280px)\" srcset=\"https:\/\/a57.foxnews.com\/static.foxnews.com\/foxnews.com\/content\/uploads\/2025\/01\/720\/405\/ap24336609281996-scaled.jpg?ve=1&amp;tl=1, https:\/\/a57.foxnews.com\/static.foxnews.com\/foxnews.com\/content\/uploads\/2025\/01\/1440\/810\/ap24336609281996-scaled.jpg?ve=1&amp;tl=1 2x\" height=\"405\" width=\"720\"><img loading=\"lazy\" decoding=\"async\" src=\"https:\/\/a57.foxnews.com\/static.foxnews.com\/foxnews.com\/content\/uploads\/2025\/01\/1200\/675\/ap24336609281996-scaled.jpg?ve=1&amp;tl=1\" alt=\"Poilievre Canada Prime Ministers Race\" width=\"1200\" height=\"675\"\/><\/source><\/source><\/source><\/source><\/picture><\/div>\n<div class=\"info\">\n<div class=\"caption\">\n<p><span>El l\u00edder conservador de Canad\u00e1, Pierre Poilievre, conden\u00f3 la violencia e incidentes antisemitas en Canad\u00e1 y prometi\u00f3 acciones si se eligi\u00f3 como el primer ministro del pa\u00eds. <\/span> <span>(Justin Tang\/The Canadian Press a trav\u00e9s de AP)<\/span><\/p>\n<\/div>\n<\/div>\n<\/div>\n<p>\u00abLa comunidad de democracias debe actuar porque la seguridad de nuestra libertad colectiva est\u00e1 en juego\u00bb, advirti\u00f3 Cotler.<\/p>\n<p>El embajador israel\u00ed en Canad\u00e1, Iddo Moed, dijo a Fox News Digital, muchos jud\u00edos locales \u00abse sienten vulnerables, inseguros y desprotegidos por los organismos, los gobiernos y los sistemas educativos de la ley que se han mantenido como el antisemitismo alcanz\u00f3 niveles de crisis\u00bb. <\/p>\n<p>Se\u00f1al\u00f3 que Israel, la patria del pueblo jud\u00edo, est\u00e1 obligado a actuar cuando los jud\u00edos en la di\u00e1spora est\u00e1n angustiados.<\/p>\n<p>\u00abEquipar a los maestros con los recursos para ense\u00f1ar sobre el antisemitismo y el Holocausto es esencial para garantizar que las generaciones futuras comprendan los peligros del odio y contin\u00faen abrazando la paz, la tolerancia y la igualdad\u00bb, agreg\u00f3.<\/p>\n<p><strong>Trump toma el centro del escenario en el debate electoral del primer ministro de Canad\u00e1<\/strong><\/p>\n<div class=\"image-ct inline\">\n<div class=\"m\"><picture><source media=\"(max-width: 767px)\" srcset=\"https:\/\/a57.foxnews.com\/static.foxnews.com\/foxnews.com\/content\/uploads\/2025\/04\/343\/192\/canada-synagogue-scaled.jpg?ve=1&amp;tl=1, https:\/\/a57.foxnews.com\/static.foxnews.com\/foxnews.com\/content\/uploads\/2025\/04\/686\/384\/canada-synagogue-scaled.jpg?ve=1&amp;tl=1 2x\" height=\"192\" width=\"343\"><source media=\"(min-width: 768px) and (max-width: 1023px)\" srcset=\"https:\/\/a57.foxnews.com\/static.foxnews.com\/foxnews.com\/content\/uploads\/2025\/04\/672\/378\/canada-synagogue-scaled.jpg?ve=1&amp;tl=1, https:\/\/a57.foxnews.com\/static.foxnews.com\/foxnews.com\/content\/uploads\/2025\/04\/1344\/756\/canada-synagogue-scaled.jpg?ve=1&amp;tl=1 2x\" height=\"378\" width=\"672\"><source media=\"(min-width: 1024px) and (max-width: 1279px)\" srcset=\"https:\/\/a57.foxnews.com\/static.foxnews.com\/foxnews.com\/content\/uploads\/2025\/04\/931\/523\/canada-synagogue-scaled.jpg?ve=1&amp;tl=1, https:\/\/a57.foxnews.com\/static.foxnews.com\/foxnews.com\/content\/uploads\/2025\/04\/1862\/1046\/canada-synagogue-scaled.jpg?ve=1&amp;tl=1 2x\" height=\"523\" width=\"931\"><source media=\"(min-width: 1280px)\" srcset=\"https:\/\/a57.foxnews.com\/static.foxnews.com\/foxnews.com\/content\/uploads\/2025\/04\/720\/405\/canada-synagogue-scaled.jpg?ve=1&amp;tl=1, https:\/\/a57.foxnews.com\/static.foxnews.com\/foxnews.com\/content\/uploads\/2025\/04\/1440\/810\/canada-synagogue-scaled.jpg?ve=1&amp;tl=1 2x\" height=\"405\" width=\"720\"><img loading=\"lazy\" decoding=\"async\" src=\"https:\/\/a57.foxnews.com\/static.foxnews.com\/foxnews.com\/content\/uploads\/2025\/04\/1200\/675\/canada-synagogue-scaled.jpg?ve=1&amp;tl=1\" alt=\"Antisemitismo de Canad\u00e1\" width=\"1200\" height=\"675\"\/><\/source><\/source><\/source><\/source><\/picture><\/div>\n<div class=\"info\">\n<div class=\"caption\">\n<p><span>Un letrero de vigilancia policial fuera del Centro de Tor\u00e1 de Montreal en Hampstead, Quebec, Canad\u00e1, 14 de noviembre de 2023. <\/span> <span>(Alexis Aubin\/AFP a trav\u00e9s de Getty Images)<\/span><\/p>\n<\/div>\n<\/div>\n<\/div>\n<p>La encuesta antisemitismo destac\u00f3 numerosos incidentes, que van desde Quebec Daily La Presse publicando una caricatura que representa a Netanyahu como Nosferatu, un vampiro asociado con jud\u00edos en la propaganda de la era nazi y un protestador pro-Hamas en la Universidad de Toronto gritando a un estudiante jud\u00edo que Hitler deber\u00eda haber asesinado \u00ab.<\/p>\n<p>En mayo, un incendio provoc\u00f3 un fuego en la entrada de la sinagoga Schara Tzedeck en Vancouver como concluyeron las oraciones. El mismo mes, se dispararon en la Escuela de Ni\u00f1as Bais Chaya Mushka en Toronto, y desde entonces la escuela ha sido atacada dos veces m\u00e1s por disparos. En agosto, una amenaza de bomba afect\u00f3 a las instituciones jud\u00edas en todo el pa\u00eds. En diciembre, una bomba de fuego golpe\u00f3 a la congregaci\u00f3n Beth Tikvah en Montreal, el segundo ataque de este tipo desde el 7 de octubre de 2023.<\/p>\n<p>A partir de entonces, el presidente israel\u00ed Isaac Herzog pidi\u00f3 al gobierno canadiense que tome medidas para \u00abeliminar\u00bb el antisemitismo. <\/p>\n<p>\u00abEl mundo debe despertarse. Las palabras no son suficientes. Las sinagogas se quemaron. Los jud\u00edos atacaron. Nunca m\u00e1s lo es ahora\u00bb, dijo, empleando el adagio que enfatiza un compromiso para prevenir otro Holocausto.<\/p>\n<p>Anthony Housefather es el diputado en la C\u00e1mara de los Comunes para Mount Royal, un \u00e1rea con una gran poblaci\u00f3n jud\u00eda en poder de los liberales desde 1940 que se ve como una visi\u00f3n de la comunidad.<\/p>\n<div class=\"image-ct inline\">\n<div class=\"m\"><picture><source media=\"(max-width: 767px)\" srcset=\"https:\/\/a57.foxnews.com\/static.foxnews.com\/foxnews.com\/content\/uploads\/2025\/04\/343\/192\/ap25103448180450-scaled.jpg?ve=1&amp;tl=1, https:\/\/a57.foxnews.com\/static.foxnews.com\/foxnews.com\/content\/uploads\/2025\/04\/686\/384\/ap25103448180450-scaled.jpg?ve=1&amp;tl=1 2x\" height=\"192\" width=\"343\"><source media=\"(min-width: 768px) and (max-width: 1023px)\" srcset=\"https:\/\/a57.foxnews.com\/static.foxnews.com\/foxnews.com\/content\/uploads\/2025\/04\/672\/378\/ap25103448180450-scaled.jpg?ve=1&amp;tl=1, https:\/\/a57.foxnews.com\/static.foxnews.com\/foxnews.com\/content\/uploads\/2025\/04\/1344\/756\/ap25103448180450-scaled.jpg?ve=1&amp;tl=1 2x\" height=\"378\" width=\"672\"><source media=\"(min-width: 1024px) and (max-width: 1279px)\" srcset=\"https:\/\/a57.foxnews.com\/static.foxnews.com\/foxnews.com\/content\/uploads\/2025\/04\/931\/523\/ap25103448180450-scaled.jpg?ve=1&amp;tl=1, https:\/\/a57.foxnews.com\/static.foxnews.com\/foxnews.com\/content\/uploads\/2025\/04\/1862\/1046\/ap25103448180450-scaled.jpg?ve=1&amp;tl=1 2x\" height=\"523\" width=\"931\"><source media=\"(min-width: 1280px)\" srcset=\"https:\/\/a57.foxnews.com\/static.foxnews.com\/foxnews.com\/content\/uploads\/2025\/04\/720\/405\/ap25103448180450-scaled.jpg?ve=1&amp;tl=1, https:\/\/a57.foxnews.com\/static.foxnews.com\/foxnews.com\/content\/uploads\/2025\/04\/1440\/810\/ap25103448180450-scaled.jpg?ve=1&amp;tl=1 2x\" height=\"405\" width=\"720\"><img loading=\"lazy\" decoding=\"async\" src=\"https:\/\/a57.foxnews.com\/static.foxnews.com\/foxnews.com\/content\/uploads\/2025\/04\/1200\/675\/ap25103448180450-scaled.jpg?ve=1&amp;tl=1\" alt=\"manifestantes\" width=\"1200\" height=\"675\"\/><\/source><\/source><\/source><\/source><\/picture><\/div>\n<div class=\"info\">\n<div class=\"caption\">\n<p><span>Los manifestantes anti-Israel que tienen un letrero antisemita en Alberta, Canad\u00e1, 13 de abril de 2025.<\/span> <span>(Artur Widak\/Nurphoto a trav\u00e9s de AP)<\/span><\/p>\n<\/div>\n<\/div>\n<\/div>\n<p>\u00abLos n\u00fameros alarmantes [of antisemitic incidents] Deje en claro por qu\u00e9 todos los niveles de gobierno en el pa\u00eds deben trabajar juntos para implementar todas las recomendaciones establecidas en el informe del Comit\u00e9 de Justicia de diciembre pasado y los compromisos realizados en la Cumbre Nacional sobre Antisemitismo en marzo \u00ab, dijo Housefather a Fox News Digital.<\/p>\n<p>Trudeau, quien fue ampliamente destinado por no abordar adecuadamente la tierra del antisemitismo, hab\u00eda anunciado la cumbre a las pocas horas de la condena de Herzog.<\/p>\n<p><strong>Haga clic aqu\u00ed para obtener la aplicaci\u00f3n Fox News<\/strong><\/p>\n<p>Neil Oberman, el candidato al Partido Conservador que se ejecuta contra Housefather, dijo a Fox News Digital que en Mount Royal \u00abse ha convertido en serios problemas.<\/p>\n<p>\u00abEs un marcado recordatorio de la necesidad urgente de un gobierno federal que consiste en adultos que implementan acciones en lugar de reunir cumbres y documentos de posici\u00f3n y culpar a todos los dem\u00e1s para combatir el odio y proteger a las comunidades vulnerables\u00bb, dijo Oberman.<\/p>\n<p> <!----> <\/p>\n<div class=\"article-meta\">\n<div class=\"author-bio\">\n<p>Amelie Botbol es una periodista independiente con sede en Tel Aviv. Sus art\u00edculos han aparecido en el New York Post, el National Post de Canad\u00e1 y el Washington Times. Amelie se puede seguir en x @datrePorter <\/p>\n<\/div>\n<\/div>\n<\/div>\n\n","protected":false},"excerpt":{"rendered":"<p>Protestas anti-Israel en Canad\u00e1 Archivo que muestra los manifestantes anti-Israel durante una protesta en Toronto en agosto de 2024. (Video: Reuters a trav\u00e9s de la Agencia Anadolu). El antisemitismo en Canad\u00e1 ha explotado despu\u00e9s de la masacre del 7 de octubre de 2023 de Hamas, alcanzando n\u00fameros r\u00e9cord el a\u00f1o pasado y convirti\u00e9ndose en un &hellip;<\/p>\n","protected":false},"author":1,"featured_media":23737,"comment_status":"open","ping_status":"open","sticky":false,"template":"","format":"standard","meta":{"fifu_image_url":"https:\/\/static.foxnews.com\/foxnews.com\/content\/uploads\/2025\/04\/ap25103448180450-scaled.jpg","fifu_image_alt":"","footnotes":""},"categories":[13],"tags":[],"class_list":["post-23735","post","type-post","status-publish","format-standard","has-post-thumbnail","","category-mundo"],"_links":{"self":[{"href":"https:\/\/noticiasveraces.com\/index.php?rest_route=\/wp\/v2\/posts\/23735","targetHints":{"allow":["GET"]}}],"collection":[{"href":"https:\/\/noticiasveraces.com\/index.php?rest_route=\/wp\/v2\/posts"}],"about":[{"href":"https:\/\/noticiasveraces.com\/index.php?rest_route=\/wp\/v2\/types\/post"}],"author":[{"embeddable":true,"href":"https:\/\/noticiasveraces.com\/index.php?rest_route=\/wp\/v2\/users\/1"}],"replies":[{"embeddable":true,"href":"https:\/\/noticiasveraces.com\/index.php?rest_route=%2Fwp%2Fv2%2Fcomments&post=23735"}],"version-history":[{"count":0,"href":"https:\/\/noticiasveraces.com\/index.php?rest_route=\/wp\/v2\/posts\/23735\/revisions"}],"wp:featuredmedia":[{"embeddable":true,"href":"https:\/\/noticiasveraces.com\/index.php?rest_route=\/wp\/v2\/media\/23737"}],"wp:attachment":[{"href":"https:\/\/noticiasveraces.com\/index.php?rest_route=%2Fwp%2Fv2%2Fmedia&parent=23735"}],"wp:term":[{"taxonomy":"category","embeddable":true,"href":"https:\/\/noticiasveraces.com\/index.php?rest_route=%2Fwp%2Fv2%2Fcategories&post=23735"},{"taxonomy":"post_tag","embeddable":true,"href":"https:\/\/noticiasveraces.com\/index.php?rest_route=%2Fwp%2Fv2%2Ftags&post=23735"}],"curies":[{"name":"wp","href":"https:\/\/api.w.org\/{rel}","templated":true}]}}