{"id":23713,"date":"2025-04-20T04:10:15","date_gmt":"2025-04-20T08:10:15","guid":{"rendered":"https:\/\/noticiasveraces.com\/?p=23713"},"modified":"2025-04-20T04:10:15","modified_gmt":"2025-04-20T08:10:15","slug":"como-celebran-la-pascua-los-cristianos-ortodoxos-en-alemania-dw-20-04-2025","status":"publish","type":"post","link":"https:\/\/noticiasveraces.com\/?p=23713","title":{"rendered":"C\u00f3mo celebran la Pascua los cristianos ortodoxos en Alemania \u2013 DW \u2013 20\/04\/2025"},"content":{"rendered":"<p> \n<\/p>\n<div>\n<p>Millones de cristianos ortodoxos viven actualmente en Alemania. Este a\u00f1o, todas las iglesias cristianas del mundo celebran la Pascua en las mismas fechas, una coincidencia que solo ocurre cada pocos a\u00f1os.<\/p>\n<p>\u00abCada vez que todos los cristianos del mundo celebran la Pascua simult\u00e1neamente, se despierta en nosotros un profundo anhelo\u00bb, declar\u00f3 el obispo Grigorije Duric, l\u00edder de los cristianos ortodoxos serbios en Alemania. Duric explic\u00f3 a DW c\u00f3mo esto fortalece \u00abla voluntad de continuar el camino hacia la unidad de la iglesia\u00bb. Grigorije es uno de los cuatro obispos ortodoxos de Alemania que hablaron con DW sobre este tema.<\/p>\n<h2><strong>La luna llena y el calendario<\/strong><\/h2>\n<p>\u00bfPor qu\u00e9 las iglesias occidentales, especialmente la cat\u00f3lica y las protestantes, celebran la Pascua en fechas diferentes a las orientales? Para comprenderlo, es necesario analizar la larga historia de la iglesia.<\/p>\n<p>El a\u00f1o 2025 marca el 1700 aniversario del Concilio de Nicea, celebrado en el a\u00f1o 325. Fue una de las reuniones eclesi\u00e1sticas m\u00e1s importantes de la historia, fue aceptada por todas las iglesias, y decret\u00f3 que la Pascua se celebrar\u00eda el primer domingo despu\u00e9s de la primera luna llena de primavera.<\/p>\n<p>A finales del siglo XVI, el papa Gregorio XIII (1502-1585) reform\u00f3 el calendario juliano y lo sustituy\u00f3 por el gregoriano, el cual las iglesias occidentales han usado desde entonces. No obstante, muchas iglesias ortodoxas continuaron usando el calendario juliano, que proviene de Julio C\u00e9sar (100-44 a. C.). Ambos calendarios suelen calcular fechas diferentes para las celebraciones de la Pascua, lo que significa que las iglesias orientales y occidentales tienen fechas que pueden diferir hasta cinco semanas.<\/p>\n<p>En los \u00faltimos a\u00f1os, los l\u00edderes eclesi\u00e1sticos han pedido el regreso a una fecha com\u00fan de Pascua para todos los cristianos. El papa Francisco ha abogado por ello desde hace tiempo, al igual que el patriarca ortodoxo griego Bartolom\u00e9, el papa copto Tawadros, y recientemente, el Consejo Mundial de Iglesias. Sin embargo, implementar esta visi\u00f3n parece pr\u00e1cticamente imposible.<\/p>\n<figure class=\"placeholder-image master_landscape big\"><img data-format=\"MASTER_LANDSCAPE\" data-id=\"72255246\" data-url=\"https:\/\/static.dw.com\/image\/72255246_${formatId}.jpg\" data-aspect-ratio=\"16\/9\" alt=\"Obispo Grigorije Duric, l\u00edder de los cristianos ortodoxos serbios en Alemania.\" style=\"padding-bottom: 56.25%; height: 0; max-height: 0;\"\/><figcaption class=\"img-caption\">Obispo Grigorije Duric, l\u00edder de los cristianos ortodoxos serbios en Alemania.<small class=\"copyright\">Imagen: MioDrag Soric\/DW<\/small><\/figcaption><\/figure>\n<h2><strong>Celebraciones conjuntas<\/strong><\/h2>\n<p>\u00abPara m\u00ed, personalmente, no importa si celebramos juntos o no\u00bb, afirma Hanna Haikal, obispa de la Iglesia ortodoxa de Antioqu\u00eda, de influencia \u00e1rabe, en Berl\u00edn. \u00abLo m\u00e1s importante es que la gente siga celebrando y regocij\u00e1ndose en la Pascua. Da igual si lo hacemos una semana antes o despu\u00e9s\u00bb.<\/p>\n<p>La congregaci\u00f3n del obispo Haikal en Berl\u00edn est\u00e1 prosperando. Se ha duplicado, o incluso triplicado, desde el verano de 2015, cuando miles de refugiados sirios llegaron a Alemania. El Domingo de Ramos de este a\u00f1o, la iglesia estaba abarrotada. Durante el servicio, m\u00e1s de 100 fieles esperaban en la entrada, listos para unirse a la posterior procesi\u00f3n del Domingo de Ramos.<\/p>\n<p>La fecha com\u00fan de la Pascua de este a\u00f1o tambi\u00e9n complace a Haikal por razones pr\u00e1cticas. \u00abCuando nuestro Viernes Santo es festivo, es m\u00e1s f\u00e1cil que la gente asista a la iglesia\u00bb, declar\u00f3 a DW. Lo mismo ocurre con el Lunes de Pascua. \u00abDe lo contrario, nuestra celebraci\u00f3n debe tener lugar tarde en la noche\u00bb. El a\u00f1o pasado, la procesi\u00f3n del Viernes Santo se realiz\u00f3 al anochecer, a trav\u00e9s de la animada zona de bares del barrio.<\/p>\n<h2><strong>Escuela el Viernes Santo<\/strong><\/h2>\n<p>El obispo Grigorije expres\u00f3 un sentimiento similar. \u00abNo solo muchos est\u00e1n exentos del trabajo, sino que los ni\u00f1os tambi\u00e9n est\u00e1n exentos de la escuela\u00bb, se\u00f1ala cuando las fechas de Pascua coinciden en la Iglesia ortodoxa y las iglesias mayoritarias. Esto permite que las familias celebren juntas y muchas personas puedan participar en los servicios religiosos.<\/p>\n<p>\u00abEs bueno que experimentemos las mismas emociones que otros cristianos en Alemania al mismo tiempo: que no ayunemos cuando otros comen y viceversa\u00bb, dice el obispo copto Anba Damian. \u00abEstamos inmensamente felices porque podemos celebrar sin el estr\u00e9s y el ritmo fren\u00e9tico que sentimos cuando estamos solos\u00bb.<\/p>\n<p>Damian espera que alrededor de 1.500 fieles asistan al servicio de Pascua en la iglesia de San Antonio y Santa Shenouda en el barrio berlin\u00e9s de Hohensch\u00f6nhausen. El edificio, construido hace 120 a\u00f1os como iglesia protestante, es ahora la iglesia ortodoxa m\u00e1s grande de la capital alemana. Despu\u00e9s del servicio, los fieles se quedan, comparten historias, comen y celebran juntos. Entre los asistentes se encuentran serbios, coptos y cristianos ortodoxos del sur de Turqu\u00eda o de la vecina Siria. La mayor\u00eda viene con sus familias.<\/p>\n<figure class=\"placeholder-image master_landscape big\"><img data-format=\"MASTER_LANDSCAPE\" data-id=\"72261500\" data-url=\"https:\/\/static.dw.com\/image\/72261500_${formatId}.jpg\" data-aspect-ratio=\"16\/9\" alt=\"El obispo Haikal (derecha en la imagen) en la procesi\u00f3n del Domingo de Ramos en Berl\u00edn.\" style=\"padding-bottom: 56.25%; height: 0; max-height: 0;\"\/><figcaption class=\"img-caption\">El obispo Haikal (derecha en la imagen) en la procesi\u00f3n del Domingo de Ramos en Berl\u00edn.<small class=\"copyright\">Im\u00e1genes: Christoph Strack\/DW<\/small><\/figcaption><\/figure>\n<p>En Alemania, los servicios cristianos ortodoxos se celebran en griego, \u00e1rabe, serbio, b\u00falgaro, ucraniano, ruso, rumano e incluso arameo, el idioma que hablaba Jes\u00fas. El obispo Haikal predica sermones en alem\u00e1n, y a veces recita el padrenuestro en varios idiomas. Afirma que a sus servicios asisten no solo cristianos ortodoxos, sino tambi\u00e9n personas de otras iglesias cristianas, incluyendo cat\u00f3licos. \u00abTambi\u00e9n tenemos muchos matrimonios mixtos. Celebrar la Pascua juntos es una gran alegr\u00eda para las familias en las que la esposa es ortodoxa y el esposo cat\u00f3lico, por ejemplo, o viceversa\u00bb.<\/p>\n<p><span data-slot-id=\"Article_InContent-1\" class=\"rich-text-ad\"\/><\/p>\n<h2><strong>M\u00e1s de 40 millones de cristianos en Alemania<\/strong><\/h2>\n<p>Hay aproximadamente 2.000 millones de cristianos en todo el mundo. En Alemania, alrededor de 42,2 millones de personas profesan la fe cristiana. Esto incluye 19,7 millones de cat\u00f3licos, aproximadamente 18 millones de protestantes y alrededor de 4,5 millones de cristianos ortodoxos. Existen numerosas iglesias ortodoxas en las grandes ciudades alemanas. Sin embargo, tambi\u00e9n se pueden encontrar comunidades ortodoxas en zonas rurales, por ejemplo, en la regi\u00f3n de Uckermark, en el noreste de Alemania, la regi\u00f3n de Eifel, en el oeste, y en la Baviera rural.<\/p>\n<p>\u00abEsperamos que la celebraci\u00f3n conjunta de la m\u00e1s alta festividad cristiana deje de ser una simple casualidad, y se considere con mayor frecuencia una expresi\u00f3n visible de creciente cercan\u00eda\u00bb, afirma el obispo serbio Grigorije.<\/p>\n<p>Damian coincide con este sentimiento: \u00abPor supuesto, nos esforzamos por celebrar la Pascua juntos el mismo d\u00eda y para siempre\u00bb. Hacia el final de nuestra entrevista, Damian expresa un sentimiento que seguramente compartir\u00eda el obispo Haikal: \u00abDamos gracias a Dios porque se nos permite vivir en un pa\u00eds cristiano donde tambi\u00e9n podemos hablar de la resurrecci\u00f3n\u00bb.<\/p>\n<p>(R\/DZC)<\/p>\n<\/div>\n\n","protected":false},"excerpt":{"rendered":"<p>Millones de cristianos ortodoxos viven actualmente en Alemania. Este a\u00f1o, todas las iglesias cristianas del mundo celebran la Pascua en las mismas fechas, una coincidencia que solo ocurre cada pocos a\u00f1os. \u00abCada vez que todos los cristianos del mundo celebran la Pascua simult\u00e1neamente, se despierta en nosotros un profundo anhelo\u00bb, declar\u00f3 el obispo Grigorije Duric, &hellip;<\/p>\n","protected":false},"author":1,"featured_media":23714,"comment_status":"open","ping_status":"open","sticky":false,"template":"","format":"standard","meta":{"fifu_image_url":"https:\/\/static.dw.com\/image\/72261552_6.jpg","fifu_image_alt":"","footnotes":""},"categories":[13],"tags":[],"class_list":["post-23713","post","type-post","status-publish","format-standard","has-post-thumbnail","","category-mundo"],"_links":{"self":[{"href":"https:\/\/noticiasveraces.com\/index.php?rest_route=\/wp\/v2\/posts\/23713","targetHints":{"allow":["GET"]}}],"collection":[{"href":"https:\/\/noticiasveraces.com\/index.php?rest_route=\/wp\/v2\/posts"}],"about":[{"href":"https:\/\/noticiasveraces.com\/index.php?rest_route=\/wp\/v2\/types\/post"}],"author":[{"embeddable":true,"href":"https:\/\/noticiasveraces.com\/index.php?rest_route=\/wp\/v2\/users\/1"}],"replies":[{"embeddable":true,"href":"https:\/\/noticiasveraces.com\/index.php?rest_route=%2Fwp%2Fv2%2Fcomments&post=23713"}],"version-history":[{"count":0,"href":"https:\/\/noticiasveraces.com\/index.php?rest_route=\/wp\/v2\/posts\/23713\/revisions"}],"wp:featuredmedia":[{"embeddable":true,"href":"https:\/\/noticiasveraces.com\/index.php?rest_route=\/wp\/v2\/media\/23714"}],"wp:attachment":[{"href":"https:\/\/noticiasveraces.com\/index.php?rest_route=%2Fwp%2Fv2%2Fmedia&parent=23713"}],"wp:term":[{"taxonomy":"category","embeddable":true,"href":"https:\/\/noticiasveraces.com\/index.php?rest_route=%2Fwp%2Fv2%2Fcategories&post=23713"},{"taxonomy":"post_tag","embeddable":true,"href":"https:\/\/noticiasveraces.com\/index.php?rest_route=%2Fwp%2Fv2%2Ftags&post=23713"}],"curies":[{"name":"wp","href":"https:\/\/api.w.org\/{rel}","templated":true}]}}