{"id":23710,"date":"2025-04-20T03:28:46","date_gmt":"2025-04-20T07:28:46","guid":{"rendered":"https:\/\/noticiasveraces.com\/?p=23710"},"modified":"2025-04-20T03:28:46","modified_gmt":"2025-04-20T07:28:46","slug":"memes-virales-america-perdio-con-equidad-y-le-cobran-al-polilla","status":"publish","type":"post","link":"https:\/\/noticiasveraces.com\/?p=23710","title":{"rendered":"Memes virales: Am\u00e9rica perdi\u00f3 con Equidad y le cobran al \u2018Polilla\u2019"},"content":{"rendered":"<p> \n<br \/><img decoding=\"async\" src=\"https:\/\/www.futbolred.com\/files\/article_graphic\/uploads\/2025\/04\/19\/6804300b1fb10.jpeg\" \/><\/p>\n<header>\n<h3>\n<p>                Curiosidades de f\u00fatbol<br \/>\n            <\/h3>\n<h1>\n<p>            Memes virales: Am\u00e9rica perdi\u00f3 con Equidad y le cobran al \u2018Polilla\u2019<br \/>\n        <\/h1>\n<address>\n            <a>Juan Pablo Ar\u00e9valo<br \/>\n        <\/address>\n<p>            19 de abril 2025 , 06:21 p.\u00a0m.<\/p>\n<\/header>\n<p>\u00bfEsto con Juanfer Quintero no hubiera pasado? As\u00ed reaccionaron hinchas escarlatas en redes sociales.<\/p>\n\n","protected":false},"excerpt":{"rendered":"<p>Curiosidades de f\u00fatbol Memes virales: Am\u00e9rica perdi\u00f3 con Equidad y le cobran al \u2018Polilla\u2019 Juan Pablo Ar\u00e9valo 19 de abril 2025 , 06:21 p.\u00a0m. \u00bfEsto con Juanfer Quintero no hubiera pasado? As\u00ed reaccionaron hinchas escarlatas en redes sociales.<\/p>\n","protected":false},"author":1,"featured_media":23712,"comment_status":"open","ping_status":"open","sticky":false,"template":"","format":"standard","meta":{"fifu_image_url":"https:\/\/www.futbolred.com\/files\/og_thumbnail\/uploads\/2025\/04\/19\/6804300b1fb10.jpeg","fifu_image_alt":"","footnotes":""},"categories":[6],"tags":[],"class_list":["post-23710","post","type-post","status-publish","format-standard","has-post-thumbnail","","category-deportes"],"_links":{"self":[{"href":"https:\/\/noticiasveraces.com\/index.php?rest_route=\/wp\/v2\/posts\/23710","targetHints":{"allow":["GET"]}}],"collection":[{"href":"https:\/\/noticiasveraces.com\/index.php?rest_route=\/wp\/v2\/posts"}],"about":[{"href":"https:\/\/noticiasveraces.com\/index.php?rest_route=\/wp\/v2\/types\/post"}],"author":[{"embeddable":true,"href":"https:\/\/noticiasveraces.com\/index.php?rest_route=\/wp\/v2\/users\/1"}],"replies":[{"embeddable":true,"href":"https:\/\/noticiasveraces.com\/index.php?rest_route=%2Fwp%2Fv2%2Fcomments&post=23710"}],"version-history":[{"count":0,"href":"https:\/\/noticiasveraces.com\/index.php?rest_route=\/wp\/v2\/posts\/23710\/revisions"}],"wp:featuredmedia":[{"embeddable":true,"href":"https:\/\/noticiasveraces.com\/index.php?rest_route=\/wp\/v2\/media\/23712"}],"wp:attachment":[{"href":"https:\/\/noticiasveraces.com\/index.php?rest_route=%2Fwp%2Fv2%2Fmedia&parent=23710"}],"wp:term":[{"taxonomy":"category","embeddable":true,"href":"https:\/\/noticiasveraces.com\/index.php?rest_route=%2Fwp%2Fv2%2Fcategories&post=23710"},{"taxonomy":"post_tag","embeddable":true,"href":"https:\/\/noticiasveraces.com\/index.php?rest_route=%2Fwp%2Fv2%2Ftags&post=23710"}],"curies":[{"name":"wp","href":"https:\/\/api.w.org\/{rel}","templated":true}]}}