{"id":23694,"date":"2025-04-20T01:05:17","date_gmt":"2025-04-20T05:05:17","guid":{"rendered":"https:\/\/noticiasveraces.com\/?p=23694"},"modified":"2025-04-20T01:05:17","modified_gmt":"2025-04-20T05:05:17","slug":"trump-pide-al-supremo-autorizar-deportaciones-a-el-salvador-dw-20-04-2025","status":"publish","type":"post","link":"https:\/\/noticiasveraces.com\/?p=23694","title":{"rendered":"Trump pide al Supremo autorizar deportaciones a El Salvador \u2013 DW \u2013 20\/04\/2025"},"content":{"rendered":"<p> \n<\/p>\n<div>\n<p>El gobierno de Donald Trump present\u00f3 el s\u00e1bado (19.04.2025) un recurso ante la Corte Suprema de Estados Unidos pidi\u00e9ndole que levante el bloqueo temporal de emergencia que emiti\u00f3 esta madrugada prohibiendo las expulsiones de migrantes venezolanos a El Salvador.<\/p>\n<p>El recurso, firmado por el procurador general de EE.UU., John Sauer, solicita al Supremo permitir que se reanuden los vuelos de expulsi\u00f3n hacia el pa\u00eds centroamericano y tambi\u00e9n que las cortes de menor instancia puedan resolver el caso.<\/p>\n<p>Poco despu\u00e9s de la medianoche del viernes, el Supremo respondi\u00f3 a un recurso de emergencia de la organizaci\u00f3n Uni\u00f3n Estadounidense por las Libertades Civiles (ACLU, por sus siglas en ingl\u00e9s), pidi\u00e9ndole que interviniera ante un \u00abinminente\u00bb traslado de migrantes venezolanos a El Salvador desde un centro de detenci\u00f3n en Texas.<\/p>\n<p>El presidente republicano invoc\u00f3 una ley de 1789 -conocida como la Ley de Enemigos Extranjeros- para justificar las expulsiones de los migrantes venezolanos, acus\u00e1ndolos de ser parte del Tren de Aragua, una banda criminal transnacional que el gobierno calific\u00f3 como \u00abterrorista\u00bb.<\/p>\n<h2>Cr\u00edticas a Trump por usar ley arcaica<\/h2>\n<p>El uso por parte del gobierno de esta ley\u00a0ha provocado una ola de cr\u00edticas por parte de la oposici\u00f3n dem\u00f3crata y de expertos juristas que hablan ya de una crisis constitucional.<\/p>\n<p>El recurso del gobierno alega que la demanda de emergencia que ACLU present\u00f3 anoche fue \u00abterriblemente prematura\u00bb porque \u00abse salt\u00f3\u00bb a los tribunales de menor instancia.<\/p>\n<p>A su vez, alega que el gobierno avis\u00f3 a los migrantes con \u00abantelaci\u00f3n\u00bb antes de empezar el proceso para llevarlos a El Salvador y se\u00f1ala que la administraci\u00f3n se ha comprometido a no expulsarlos bajo la ley de enemigos extranjeros.<\/p>\n<p>Washington lleg\u00f3 a un acuerdo con el presidente de El Salvador, Nayib Bukele, para poder enviar a migrantes detenidos en EE.UU. hacia el CECOT, una prisi\u00f3n notoria por las denuncias de abusos a derechos humanos.<\/p>\n<p>Como parte del trato, del que no se conocen detalles espec\u00edficos, Washington pagar\u00e1 a El Salvador 6 millones de d\u00f3lares anuales para sostener el sistema carcelario.<\/p>\n<p>En total, Estados Unidos ha enviado a esta c\u00e1rcel a m\u00e1s de 200 migrantes, en su mayor\u00eda venezolanos, acus\u00e1ndolos de pertenecer a la banda Tren de Aragua.<\/p>\n<p>GS (Efe, AP, Reuters)<\/p>\n<\/div>\n\n","protected":false},"excerpt":{"rendered":"<p>El gobierno de Donald Trump present\u00f3 el s\u00e1bado (19.04.2025) un recurso ante la Corte Suprema de Estados Unidos pidi\u00e9ndole que levante el bloqueo temporal de emergencia que emiti\u00f3 esta madrugada prohibiendo las expulsiones de migrantes venezolanos a El Salvador. El recurso, firmado por el procurador general de EE.UU., John Sauer, solicita al Supremo permitir que &hellip;<\/p>\n","protected":false},"author":1,"featured_media":23695,"comment_status":"open","ping_status":"open","sticky":false,"template":"","format":"standard","meta":{"fifu_image_url":"https:\/\/static.dw.com\/image\/71262000_6.jpg","fifu_image_alt":"","footnotes":""},"categories":[13],"tags":[],"class_list":["post-23694","post","type-post","status-publish","format-standard","has-post-thumbnail","","category-mundo"],"_links":{"self":[{"href":"https:\/\/noticiasveraces.com\/index.php?rest_route=\/wp\/v2\/posts\/23694","targetHints":{"allow":["GET"]}}],"collection":[{"href":"https:\/\/noticiasveraces.com\/index.php?rest_route=\/wp\/v2\/posts"}],"about":[{"href":"https:\/\/noticiasveraces.com\/index.php?rest_route=\/wp\/v2\/types\/post"}],"author":[{"embeddable":true,"href":"https:\/\/noticiasveraces.com\/index.php?rest_route=\/wp\/v2\/users\/1"}],"replies":[{"embeddable":true,"href":"https:\/\/noticiasveraces.com\/index.php?rest_route=%2Fwp%2Fv2%2Fcomments&post=23694"}],"version-history":[{"count":0,"href":"https:\/\/noticiasveraces.com\/index.php?rest_route=\/wp\/v2\/posts\/23694\/revisions"}],"wp:featuredmedia":[{"embeddable":true,"href":"https:\/\/noticiasveraces.com\/index.php?rest_route=\/wp\/v2\/media\/23695"}],"wp:attachment":[{"href":"https:\/\/noticiasveraces.com\/index.php?rest_route=%2Fwp%2Fv2%2Fmedia&parent=23694"}],"wp:term":[{"taxonomy":"category","embeddable":true,"href":"https:\/\/noticiasveraces.com\/index.php?rest_route=%2Fwp%2Fv2%2Fcategories&post=23694"},{"taxonomy":"post_tag","embeddable":true,"href":"https:\/\/noticiasveraces.com\/index.php?rest_route=%2Fwp%2Fv2%2Ftags&post=23694"}],"curies":[{"name":"wp","href":"https:\/\/api.w.org\/{rel}","templated":true}]}}