{"id":23687,"date":"2025-04-19T23:05:13","date_gmt":"2025-04-20T03:05:13","guid":{"rendered":"https:\/\/noticiasveraces.com\/?p=23687"},"modified":"2025-04-19T23:05:13","modified_gmt":"2025-04-20T03:05:13","slug":"la-pelicula-de-la-guerra-mundial-de-essential-es-la-obra-maestra-de-manos-del-gran-director-peliculas-entretenimiento","status":"publish","type":"post","link":"https:\/\/noticiasveraces.com\/?p=23687","title":{"rendered":"La pel\u00edcula de la Guerra Mundial de &#8216;Essential&#8217; es la \u00abobra maestra de manos\u00bb del Gran Director | Pel\u00edculas | Entretenimiento"},"content":{"rendered":"<p> \n<\/p>\n<div>\n<div class=\"photo changeSpace\">\n<p class=\"withoutCaption\"><picture><source type=\"image\/avif\" srcset=\"https:\/\/cdn.images.express.co.uk\/img\/dynamic\/36\/1200x712\/secondary\/Auschwitz-Birkenau-6106214.avif?r=1745075280978\" media=\"screen and (min-width:10000px)\"><source type=\"image\/webp\" srcset=\"https:\/\/cdn.images.express.co.uk\/img\/dynamic\/36\/1200x712\/secondary\/Auschwitz-Birkenau-6106214.webp?r=1745075280978\" media=\"screen and (min-width:10000px)\"><source type=\"image\/jpeg\" srcset=\"https:\/\/cdn.images.express.co.uk\/img\/dynamic\/36\/1200x712\/secondary\/Auschwitz-Birkenau-6106214.jpg?r=1745075280978\" media=\"screen and (min-width:10000px)\"><source type=\"image\/avif\" srcset=\"https:\/\/cdn.images.express.co.uk\/img\/dynamic\/36\/674x400\/secondary\/Auschwitz-Birkenau-6106214.avif?r=1745075280978\" media=\"screen and (min-width:100000px)\"><source type=\"image\/webp\" srcset=\"https:\/\/cdn.images.express.co.uk\/img\/dynamic\/36\/674x400\/secondary\/Auschwitz-Birkenau-6106214.webp?r=1745075280978\" media=\"screen and (min-width:100000px)\"><source type=\"image\/jpeg\" srcset=\"https:\/\/cdn.images.express.co.uk\/img\/dynamic\/36\/674x400\/secondary\/Auschwitz-Birkenau-6106214.jpg?r=1745075280978\" media=\"screen and (min-width:100000px)\"><source type=\"image\/avif\" srcset=\"https:\/\/cdn.images.express.co.uk\/img\/dynamic\/36\/940x\/secondary\/Auschwitz-Birkenau-6106214.avif?r=1745075280978\" media=\"screen and (min-width:1200px)\"><source type=\"image\/webp\" srcset=\"https:\/\/cdn.images.express.co.uk\/img\/dynamic\/36\/940x\/secondary\/Auschwitz-Birkenau-6106214.webp?r=1745075280978\" media=\"screen and (min-width:1200px)\"><source type=\"image\/jpeg\" srcset=\"https:\/\/cdn.images.express.co.uk\/img\/dynamic\/36\/940x\/secondary\/Auschwitz-Birkenau-6106214.jpg?r=1745075280978\" media=\"screen and (min-width:1200px)\"><source type=\"image\/avif\" srcset=\"https:\/\/cdn.images.express.co.uk\/img\/dynamic\/36\/590x\/secondary\/Auschwitz-Birkenau-6106214.avif?r=1745075280978\" media=\"screen\"><source type=\"image\/webp\" srcset=\"https:\/\/cdn.images.express.co.uk\/img\/dynamic\/36\/590x\/secondary\/Auschwitz-Birkenau-6106214.webp?r=1745075280978\" media=\"screen\"><img loading=\"lazy\" decoding=\"async\" class=\"zoomEnabled\" src=\"https:\/\/cdn.images.express.co.uk\/img\/dynamic\/36\/1200x712\/secondary\/Auschwitz-Birkenau-6106214.jpg?r=1745075280978\" alt=\"Steven Spielberg y su esposa en el campo de concentraci\u00f3n de Auschwitz-Birkenau. Spielberg estuvo en Polonia para la pel\u00edcula Premier de la versi\u00f3n polaca de su pel\u00edcula de Schindler's List\" title=\"Steven Spielberg y su esposa en el campo de concentraci\u00f3n de Auschwitz-Birkenau. Spielberg estuvo en Polonia para la pel\u00edcula Premier de la versi\u00f3n polaca de su pel\u00edcula de Schindler's List\" width=\"590\" height=\"386\"\/><\/source><\/source><\/source><\/source><\/source><\/source><\/source><\/source><\/source><\/source><\/source><\/picture><\/p>\n<p><span class=\"newsCaption\">Steven Spielberg y su esposa visitan el campo de concentraci\u00f3n de Auschwitz-Birkenau <span class=\"caption\">(Imagen: Getty)<\/span><span class=\"magnifier\" data-img=\"https:\/\/cdn.images.express.co.uk\/img\/dynamic\/36\/1200x712\/secondary\/Auschwitz-Birkenau-6106214.jpg?r=1745075280978\"\/><\/span><\/div>\n<div class=\"text-description\">\n<p>Sigue siendo tan sorprendente y desgarradora una pel\u00edcula hoy, ya que el d\u00eda en que se lanz\u00f3 hace m\u00e1s de 30 a\u00f1os, cuando inmediatamente se convirti\u00f3 en una de las mejores pel\u00edculas de todos los tiempos y vio al p\u00fablico dejando los cines en estado de shock e inundaciones de l\u00e1grimas.<\/p>\n<p>Con una calificaci\u00f3n del 98% en Rotten Tomatoes y 9\/10 en IMDB, tambi\u00e9n es una de las pel\u00edculas mejor revisadas jam\u00e1s realizadas. Y en una lista de las 100 mejores pel\u00edculas hechas compiladas por la respetada revista Film Empire, llega al n\u00famero 46 con una sola clasificaci\u00f3n de pel\u00edculas de guerra m\u00e1s alta. Empire dice que la lista de Schindler es \u00abla obra maestra de Steven Spielberg, sin duda\u00bb, que dice que \u00abno hay defectos en su desgarradora representaci\u00f3n monocrom\u00e1tica de la persecuci\u00f3n nazi de la comunidad jud\u00eda en Krak\u00f3w\u00bb.<\/p>\n<p>La lista de Schindler, que se lanz\u00f3 en 1993, cuenta la historia del Holocausto, los horrores del Krak\u00f3w Getto y los campos de concentraci\u00f3n de P\u0142asz\u00f3w y Auschwitz-Birkenau. Si bien es obvio decir que ninguna pel\u00edcula puede capturar la escala de este horror y la tragedia, Spielberg representa c\u00f3mo los jud\u00edos fueron conducidos a los ex\u00e1menes m\u00e9dicos humillantes y las c\u00e1maras de gas, c\u00f3mo los ni\u00f1os estaban separados de los padres gritantes y c\u00f3mo fueron disparados arbitrariamente en campamentos, as\u00ed como en las calles.<\/p>\n<p>Aproximadamente seis millones de jud\u00edos fueron asesinados por los nazis durante el Holocausto.<\/p>\n<\/div>\n<div class=\"photo changeSpace\">\n<p class=\"withoutCaption\"><picture><source type=\"image\/avif\" srcset=\"https:\/\/cdn.images.express.co.uk\/img\/dynamic\/36\/1200x712\/secondary\/Schindler-s-List-6106208.avif?r=1745075280994\" media=\"screen and (min-width:10000px)\"><source type=\"image\/webp\" srcset=\"https:\/\/cdn.images.express.co.uk\/img\/dynamic\/36\/1200x712\/secondary\/Schindler-s-List-6106208.webp?r=1745075280994\" media=\"screen and (min-width:10000px)\"><source type=\"image\/jpeg\" srcset=\"https:\/\/cdn.images.express.co.uk\/img\/dynamic\/36\/1200x712\/secondary\/Schindler-s-List-6106208.jpg?r=1745075280994\" media=\"screen and (min-width:10000px)\"><source type=\"image\/avif\" srcset=\"https:\/\/cdn.images.express.co.uk\/img\/dynamic\/36\/674x400\/secondary\/Schindler-s-List-6106208.avif?r=1745075280994\" media=\"screen and (min-width:100000px)\"><source type=\"image\/webp\" srcset=\"https:\/\/cdn.images.express.co.uk\/img\/dynamic\/36\/674x400\/secondary\/Schindler-s-List-6106208.webp?r=1745075280994\" media=\"screen and (min-width:100000px)\"><source type=\"image\/jpeg\" srcset=\"https:\/\/cdn.images.express.co.uk\/img\/dynamic\/36\/674x400\/secondary\/Schindler-s-List-6106208.jpg?r=1745075280994\" media=\"screen and (min-width:100000px)\"><source type=\"image\/avif\" srcset=\"https:\/\/cdn.images.express.co.uk\/img\/dynamic\/36\/940x\/secondary\/Schindler-s-List-6106208.avif?r=1745075280994\" media=\"screen and (min-width:1200px)\"><source type=\"image\/webp\" srcset=\"https:\/\/cdn.images.express.co.uk\/img\/dynamic\/36\/940x\/secondary\/Schindler-s-List-6106208.webp?r=1745075280994\" media=\"screen and (min-width:1200px)\"><source type=\"image\/jpeg\" srcset=\"https:\/\/cdn.images.express.co.uk\/img\/dynamic\/36\/940x\/secondary\/Schindler-s-List-6106208.jpg?r=1745075280994\" media=\"screen and (min-width:1200px)\"><source type=\"image\/avif\" srcset=\"https:\/\/cdn.images.express.co.uk\/img\/dynamic\/36\/590x\/secondary\/Schindler-s-List-6106208.avif?r=1745075280994\" media=\"screen\"><source type=\"image\/webp\" srcset=\"https:\/\/cdn.images.express.co.uk\/img\/dynamic\/36\/590x\/secondary\/Schindler-s-List-6106208.webp?r=1745075280994\" media=\"screen\"><img decoding=\"async\" src=\"https:\/\/cdn.images.express.co.uk\/img\/dynamic\/36\/590x\/secondary\/Schindler-s-List-6106208.jpg?r=1745075280994\" alt=\"Ralph Fiennes como Amon Goets en la lista de Schindler\" title=\"Ralph Fiennes como Amon Goets en la lista de Schindler\" width=\"590\" height=\"318\" loading=\"lazy\"\/><\/source><\/source><\/source><\/source><\/source><\/source><\/source><\/source><\/source><\/source><\/source><\/picture><\/p>\n<p><span class=\"newsCaption\">Ralph Fiennes como Amon Goets en la lista de Schindler <span class=\"caption\">(Imagen: im\u00e1genes universales)<\/span><\/span><\/div>\n<div class=\"text-description\">\n<p>El personaje central de la pel\u00edcula es Oskar Schindler, un hombre de negocios que dirige una f\u00e1brica que esencialmente explotando a los trabajadores jud\u00edos baratos con fines de lucro antes de que cada vez m\u00e1s atrocidades nazis cambien sus prioridades y salvar a sus trabajadores se convierte en mucho m\u00e1s que proteger el resultado final. \u00c9l persuade a los nazis de que sus trabajadores y los productos que est\u00e1n produciendo son esenciales para el esfuerzo de guerra alem\u00e1n, salv\u00e1ndolos de los campamentos.<\/p>\n<p>Schindler, quien es interpretado en la pel\u00edcula por Liam Neeson, termin\u00f3 salvando entre 1.100 y 1.300 vidas, y miles m\u00e1s est\u00e1n vivos hoy debido a \u00e9l. La pel\u00edcula se roda casi por completo en blanco y negro, pero termina en color con muchas de las personas reales retratadas en la pel\u00edcula y sus descendientes rindiendo homenaje a Schindler al colocar una roca en su tumba en Jerusal\u00e9n.<\/p>\n<\/p>\n<\/div>\n<div class=\"photo changeSpace\">\n<p class=\"withoutCaption\"><picture><source type=\"image\/avif\" srcset=\"https:\/\/cdn.images.express.co.uk\/img\/dynamic\/36\/1200x712\/secondary\/Schindler-s-List-6106217.avif?r=1745075281097\" media=\"screen and (min-width:10000px)\"><source type=\"image\/webp\" srcset=\"https:\/\/cdn.images.express.co.uk\/img\/dynamic\/36\/1200x712\/secondary\/Schindler-s-List-6106217.webp?r=1745075281097\" media=\"screen and (min-width:10000px)\"><source type=\"image\/jpeg\" srcset=\"https:\/\/cdn.images.express.co.uk\/img\/dynamic\/36\/1200x712\/secondary\/Schindler-s-List-6106217.jpg?r=1745075281097\" media=\"screen and (min-width:10000px)\"><source type=\"image\/avif\" srcset=\"https:\/\/cdn.images.express.co.uk\/img\/dynamic\/36\/674x400\/secondary\/Schindler-s-List-6106217.avif?r=1745075281097\" media=\"screen and (min-width:100000px)\"><source type=\"image\/webp\" srcset=\"https:\/\/cdn.images.express.co.uk\/img\/dynamic\/36\/674x400\/secondary\/Schindler-s-List-6106217.webp?r=1745075281097\" media=\"screen and (min-width:100000px)\"><source type=\"image\/jpeg\" srcset=\"https:\/\/cdn.images.express.co.uk\/img\/dynamic\/36\/674x400\/secondary\/Schindler-s-List-6106217.jpg?r=1745075281097\" media=\"screen and (min-width:100000px)\"><source type=\"image\/avif\" srcset=\"https:\/\/cdn.images.express.co.uk\/img\/dynamic\/36\/940x\/secondary\/Schindler-s-List-6106217.avif?r=1745075281097\" media=\"screen and (min-width:1200px)\"><source type=\"image\/webp\" srcset=\"https:\/\/cdn.images.express.co.uk\/img\/dynamic\/36\/940x\/secondary\/Schindler-s-List-6106217.webp?r=1745075281097\" media=\"screen and (min-width:1200px)\"><source type=\"image\/jpeg\" srcset=\"https:\/\/cdn.images.express.co.uk\/img\/dynamic\/36\/940x\/secondary\/Schindler-s-List-6106217.jpg?r=1745075281097\" media=\"screen and (min-width:1200px)\"><source type=\"image\/avif\" srcset=\"https:\/\/cdn.images.express.co.uk\/img\/dynamic\/36\/590x\/secondary\/Schindler-s-List-6106217.avif?r=1745075281097\" media=\"screen\"><source type=\"image\/webp\" srcset=\"https:\/\/cdn.images.express.co.uk\/img\/dynamic\/36\/590x\/secondary\/Schindler-s-List-6106217.webp?r=1745075281097\" media=\"screen\"><img decoding=\"async\" class=\"zoomEnabled\" src=\"https:\/\/cdn.images.express.co.uk\/img\/dynamic\/36\/1200x712\/secondary\/Schindler-s-List-6106217.jpg?r=1745075281097\" alt=\"Steven Spielberg, Liam Neeson y Ben Kingsley asisten a la reuni\u00f3n de la lista de Schindler durante el Festival de Cine de Tribeca 2018\" title=\"Steven Spielberg, Liam Neeson y Ben Kingsley asisten a la reuni\u00f3n de la lista de Schindler durante el Festival de Cine de Tribeca 2018\" width=\"590\" height=\"409\" loading=\"lazy\"\/><\/source><\/source><\/source><\/source><\/source><\/source><\/source><\/source><\/source><\/source><\/source><\/picture><\/p>\n<p><span class=\"newsCaption\">Steven Spielberg, Liam Neeson y Ben Kingsley en la lista de la lista de Schindler en 2018 <span class=\"caption\">(Imagen: Getty)<\/span><span class=\"magnifier\" data-img=\"https:\/\/cdn.images.express.co.uk\/img\/dynamic\/36\/1200x712\/secondary\/Schindler-s-List-6106217.jpg?r=1745075281097\"\/><\/span><\/div>\n<div class=\"text-description\">\n<p>La pel\u00edcula ha sido universalmente elogiada por los cr\u00edticos. Escribiendo en The Times, Wendy Ide escribi\u00f3: \u00abSpielberg emplea todas las herramientas emotivas de Hollywood a su disposici\u00f3n y el resultado es una pel\u00edcula notable con gran atractivo e importancia real. Neeson es fenomenal, pero emparejado por imponentes actuaciones de Ben Kingsley y Ralph Fiennes\u00bb.<\/p>\n<p>Grant Watson, escribiendo para la m\u00e1quina de ficci\u00f3n, dijo: \u00abTrajo el Holocausto a una audiencia masiva no jud\u00eda en un momento en que los sobrevivientes murieron de vejez, y el testimonio estaba en riesgo de perderse\u00bb.<\/p>\n<p>Eleanor Ringel Cater, escribiendo en Atlanta Journal-Constitution, dijo: \u00abUsando cada onza de su asombro alguna habilidad t\u00e9cnica, el hombre que envi\u00f3 a T-Rex e Indiana Jones corriendo a trav\u00e9s de nuestra imaginaci\u00f3n nos trae una historia de horror humano m\u00e1s all\u00e1 de la imaginaci\u00f3n\u00bb.<\/p>\n<p>Y Susan Stark, escribiendo en Detroit Free Press, dijo: \u00abDe vez en cuando, una pel\u00edcula se insin\u00faa tan profundamente en su conciencia que no ofrece una experiencia indirecta, sino una experiencia directa.<\/p>\n<\/div>\n<div class=\"text-description\">\n<h3>El verdadero Oskar Schindler<\/h3>\n<p>Tan famoso como el nombre del nombre de Oskar Schindler es hoy como resultado de la pel\u00edcula de Spielberg, de hecho viv\u00eda en relativa oscuridad cuando su historia apareci\u00f3 por primera vez en la BBC 30 a\u00f1os antes.<\/p>\n<p data-mce-linkchecker-status=\"valid\">En un art\u00edculo de la BBC publicado a principios de este a\u00f1o, Greg McKevitt describe c\u00f3mo el periodista Magnus Magnusson cont\u00f3 a los espectadores sobre el programa de asuntos actuales esta noche en 1964: \u00abTodav\u00eda no hayas o\u00eddo hablar de \u00e9l, pero alg\u00fan d\u00eda lo har\u00e1s. Hoy, \u00e9l vive en Alemania; enfermo, enfermo, desempleado y un centavo. Salvado en la \u00faltima guerra.<\/p>\n<\/div>\n<div class=\"photo changeSpace\">\n<p class=\"withoutCaption\"><picture><source type=\"image\/avif\" srcset=\"https:\/\/cdn.images.express.co.uk\/img\/dynamic\/36\/1200x712\/secondary\/Oskar-Schindler-6106178.avif?r=1745075281113\" media=\"screen and (min-width:10000px)\"><source type=\"image\/webp\" srcset=\"https:\/\/cdn.images.express.co.uk\/img\/dynamic\/36\/1200x712\/secondary\/Oskar-Schindler-6106178.webp?r=1745075281113\" media=\"screen and (min-width:10000px)\"><source type=\"image\/jpeg\" srcset=\"https:\/\/cdn.images.express.co.uk\/img\/dynamic\/36\/1200x712\/secondary\/Oskar-Schindler-6106178.jpg?r=1745075281113\" media=\"screen and (min-width:10000px)\"><source type=\"image\/avif\" srcset=\"https:\/\/cdn.images.express.co.uk\/img\/dynamic\/36\/674x400\/secondary\/Oskar-Schindler-6106178.avif?r=1745075281113\" media=\"screen and (min-width:100000px)\"><source type=\"image\/webp\" srcset=\"https:\/\/cdn.images.express.co.uk\/img\/dynamic\/36\/674x400\/secondary\/Oskar-Schindler-6106178.webp?r=1745075281113\" media=\"screen and (min-width:100000px)\"><source type=\"image\/jpeg\" srcset=\"https:\/\/cdn.images.express.co.uk\/img\/dynamic\/36\/674x400\/secondary\/Oskar-Schindler-6106178.jpg?r=1745075281113\" media=\"screen and (min-width:100000px)\"><source type=\"image\/avif\" srcset=\"https:\/\/cdn.images.express.co.uk\/img\/dynamic\/36\/940x\/secondary\/Oskar-Schindler-6106178.avif?r=1745075281113\" media=\"screen and (min-width:1200px)\"><source type=\"image\/webp\" srcset=\"https:\/\/cdn.images.express.co.uk\/img\/dynamic\/36\/940x\/secondary\/Oskar-Schindler-6106178.webp?r=1745075281113\" media=\"screen and (min-width:1200px)\"><source type=\"image\/jpeg\" srcset=\"https:\/\/cdn.images.express.co.uk\/img\/dynamic\/36\/940x\/secondary\/Oskar-Schindler-6106178.jpg?r=1745075281113\" media=\"screen and (min-width:1200px)\"><source type=\"image\/avif\" srcset=\"https:\/\/cdn.images.express.co.uk\/img\/dynamic\/36\/590x\/secondary\/Oskar-Schindler-6106178.avif?r=1745075281113\" media=\"screen\"><source type=\"image\/webp\" srcset=\"https:\/\/cdn.images.express.co.uk\/img\/dynamic\/36\/590x\/secondary\/Oskar-Schindler-6106178.webp?r=1745075281113\" media=\"screen\"><img decoding=\"async\" class=\"zoomEnabled\" src=\"https:\/\/cdn.images.express.co.uk\/img\/dynamic\/36\/1200x712\/secondary\/Oskar-Schindler-6106178.jpg?r=1745075281113\" alt=\"Oskar Schindler sostiene una fotograf\u00eda durante una entrevista en 1963\" title=\"Oskar Schindler sostiene una fotograf\u00eda durante una entrevista en 1963\" width=\"590\" height=\"596\" loading=\"lazy\"\/><\/source><\/source><\/source><\/source><\/source><\/source><\/source><\/source><\/source><\/source><\/source><\/picture><\/p>\n<p><span class=\"newsCaption\">Oskar Schindler sostiene una fotograf\u00eda durante una entrevista en 1963 <span class=\"caption\">(Imagen: Getty)<\/span><span class=\"magnifier\" data-img=\"https:\/\/cdn.images.express.co.uk\/img\/dynamic\/36\/1200x712\/secondary\/Oskar-Schindler-6106178.jpg?r=1745075281113\"\/><\/span><\/div>\n<div class=\"photo changeSpace\">\n<p class=\"withoutCaption\"><picture><source type=\"image\/avif\" srcset=\"https:\/\/cdn.images.express.co.uk\/img\/dynamic\/36\/1200x712\/secondary\/Oskar-Schindler-6106180.avif?r=1745075281122\" media=\"screen and (min-width:10000px)\"><source type=\"image\/webp\" srcset=\"https:\/\/cdn.images.express.co.uk\/img\/dynamic\/36\/1200x712\/secondary\/Oskar-Schindler-6106180.webp?r=1745075281122\" media=\"screen and (min-width:10000px)\"><source type=\"image\/jpeg\" srcset=\"https:\/\/cdn.images.express.co.uk\/img\/dynamic\/36\/1200x712\/secondary\/Oskar-Schindler-6106180.jpg?r=1745075281122\" media=\"screen and (min-width:10000px)\"><source type=\"image\/avif\" srcset=\"https:\/\/cdn.images.express.co.uk\/img\/dynamic\/36\/674x400\/secondary\/Oskar-Schindler-6106180.avif?r=1745075281122\" media=\"screen and (min-width:100000px)\"><source type=\"image\/webp\" srcset=\"https:\/\/cdn.images.express.co.uk\/img\/dynamic\/36\/674x400\/secondary\/Oskar-Schindler-6106180.webp?r=1745075281122\" media=\"screen and (min-width:100000px)\"><source type=\"image\/jpeg\" srcset=\"https:\/\/cdn.images.express.co.uk\/img\/dynamic\/36\/674x400\/secondary\/Oskar-Schindler-6106180.jpg?r=1745075281122\" media=\"screen and (min-width:100000px)\"><source type=\"image\/avif\" srcset=\"https:\/\/cdn.images.express.co.uk\/img\/dynamic\/36\/940x\/secondary\/Oskar-Schindler-6106180.avif?r=1745075281122\" media=\"screen and (min-width:1200px)\"><source type=\"image\/webp\" srcset=\"https:\/\/cdn.images.express.co.uk\/img\/dynamic\/36\/940x\/secondary\/Oskar-Schindler-6106180.webp?r=1745075281122\" media=\"screen and (min-width:1200px)\"><source type=\"image\/jpeg\" srcset=\"https:\/\/cdn.images.express.co.uk\/img\/dynamic\/36\/940x\/secondary\/Oskar-Schindler-6106180.jpg?r=1745075281122\" media=\"screen and (min-width:1200px)\"><source type=\"image\/avif\" srcset=\"https:\/\/cdn.images.express.co.uk\/img\/dynamic\/36\/590x\/secondary\/Oskar-Schindler-6106180.avif?r=1745075281122\" media=\"screen\"><source type=\"image\/webp\" srcset=\"https:\/\/cdn.images.express.co.uk\/img\/dynamic\/36\/590x\/secondary\/Oskar-Schindler-6106180.webp?r=1745075281122\" media=\"screen\"><img decoding=\"async\" class=\"zoomEnabled\" src=\"https:\/\/cdn.images.express.co.uk\/img\/dynamic\/36\/1200x712\/secondary\/Oskar-Schindler-6106180.jpg?r=1745075281122\" alt=\"Oskar Schindler saluda despu\u00e9s de su llegada al aeropuerto de Jerusal\u00e9n, donde ser\u00eda honrado por salvar la vida de m\u00e1s de 1,000 jud\u00edos\" title=\"Oskar Schindler saluda despu\u00e9s de su llegada al aeropuerto de Jerusal\u00e9n, donde ser\u00eda honrado por salvar la vida de m\u00e1s de 1,000 jud\u00edos\" width=\"590\" height=\"428\" loading=\"lazy\"\/><\/source><\/source><\/source><\/source><\/source><\/source><\/source><\/source><\/source><\/source><\/source><\/picture><\/p>\n<p><span class=\"newsCaption\">Oskar Schindler saluda despu\u00e9s de su llegada al aeropuerto de Jerusal\u00e9n en 1962 para ser honrado por salvar vidas <span class=\"caption\">(Imagen: Getty)<\/span><span class=\"magnifier\" data-img=\"https:\/\/cdn.images.express.co.uk\/img\/dynamic\/36\/1200x712\/secondary\/Oskar-Schindler-6106180.jpg?r=1745075281122\"\/><\/span><\/div>\n<div class=\"text-description\">\n<p>Ese programa en s\u00ed se produjo porque se hab\u00eda anunciado que se har\u00eda una pel\u00edcula sobre la vida de Schindler. Nunca se materializ\u00f3. Pero en 1980, el escritor australiano Thomas Keneally estaba compitiendo en ventanas para un nuevo malet\u00edn en Los \u00c1ngeles antes de regresar a casa cuando el due\u00f1o de la tienda, el sobreviviente del Holocausto, Poldek Pfefferberg, le cont\u00f3 su historia.<\/p>\n<p>Keneally le dijo a Desert Island Discs en 1983: \u00abSab\u00eda que era escritor y dijo:\u00bb Tengo un libro para ti. Me salvaron, pero tambi\u00e9n mi esposa, salvada de Auschwitz por un extraordinario alem\u00e1n, un gran sue\u00f1o hitlerita de un hombre llamado Oskar Schindler \u00ab\u00bb.<\/p>\n<p>Keneally escribi\u00f3 la novela Schindler&#8217;s Ark, que a su vez condujo a la pel\u00edcula.<\/p>\n<p>Schindler luch\u00f3 con las empresas fallidas y recurri\u00f3 al alcohol despu\u00e9s de la guerra, informa la BBC. Muri\u00f3 en 1974, a los 66 a\u00f1os y los sobrevivientes trajeron sus restos a Israel, donde fue enterrado en el cementerio cat\u00f3lico de Jerusal\u00e9n. La inscripci\u00f3n en su tumba dice: \u00abEl rescatador inolvidable de 1.200 jud\u00edos perseguidos\u00bb.<\/p>\n<p>La lista de Schindler gan\u00f3 siete premios de la Academia, incluyendo Mejor Pel\u00edcula y Mejor Director. Liam Neeson y Ralph Fiennes fueron nominados como Mejor Actor y Mejor Actor de Reparto, respectivamente.<\/p>\n<p><strong>La lista de Schindler se transmite en el video de Netflix y Amazon Prime, gratis para ver con una suscripci\u00f3n. Tambi\u00e9n est\u00e1 disponible en Google Play y Sky Store desde \u00a3 2.49.<\/strong><\/p>\n<\/div>\n<\/div>\n\n","protected":false},"excerpt":{"rendered":"<p>Steven Spielberg y su esposa visitan el campo de concentraci\u00f3n de Auschwitz-Birkenau (Imagen: Getty) Sigue siendo tan sorprendente y desgarradora una pel\u00edcula hoy, ya que el d\u00eda en que se lanz\u00f3 hace m\u00e1s de 30 a\u00f1os, cuando inmediatamente se convirti\u00f3 en una de las mejores pel\u00edculas de todos los tiempos y vio al p\u00fablico dejando &hellip;<\/p>\n","protected":false},"author":1,"featured_media":23689,"comment_status":"open","ping_status":"open","sticky":false,"template":"","format":"standard","meta":{"fifu_image_url":"https:\/\/cdn.images.express.co.uk\/img\/dynamic\/36\/1200x630\/6106215.jpg","fifu_image_alt":"","footnotes":""},"categories":[765],"tags":[],"class_list":["post-23687","post","type-post","status-publish","format-standard","has-post-thumbnail","","category-peliculas"],"_links":{"self":[{"href":"https:\/\/noticiasveraces.com\/index.php?rest_route=\/wp\/v2\/posts\/23687","targetHints":{"allow":["GET"]}}],"collection":[{"href":"https:\/\/noticiasveraces.com\/index.php?rest_route=\/wp\/v2\/posts"}],"about":[{"href":"https:\/\/noticiasveraces.com\/index.php?rest_route=\/wp\/v2\/types\/post"}],"author":[{"embeddable":true,"href":"https:\/\/noticiasveraces.com\/index.php?rest_route=\/wp\/v2\/users\/1"}],"replies":[{"embeddable":true,"href":"https:\/\/noticiasveraces.com\/index.php?rest_route=%2Fwp%2Fv2%2Fcomments&post=23687"}],"version-history":[{"count":0,"href":"https:\/\/noticiasveraces.com\/index.php?rest_route=\/wp\/v2\/posts\/23687\/revisions"}],"wp:featuredmedia":[{"embeddable":true,"href":"https:\/\/noticiasveraces.com\/index.php?rest_route=\/wp\/v2\/media\/23689"}],"wp:attachment":[{"href":"https:\/\/noticiasveraces.com\/index.php?rest_route=%2Fwp%2Fv2%2Fmedia&parent=23687"}],"wp:term":[{"taxonomy":"category","embeddable":true,"href":"https:\/\/noticiasveraces.com\/index.php?rest_route=%2Fwp%2Fv2%2Fcategories&post=23687"},{"taxonomy":"post_tag","embeddable":true,"href":"https:\/\/noticiasveraces.com\/index.php?rest_route=%2Fwp%2Fv2%2Ftags&post=23687"}],"curies":[{"name":"wp","href":"https:\/\/api.w.org\/{rel}","templated":true}]}}