{"id":23683,"date":"2025-04-19T23:01:14","date_gmt":"2025-04-20T03:01:14","guid":{"rendered":"https:\/\/noticiasveraces.com\/?p=23683"},"modified":"2025-04-19T23:01:14","modified_gmt":"2025-04-20T03:01:14","slug":"miles-salen-a-las-calles-de-ee-uu-en-protestas-contra-trump-dw-20-04-2025","status":"publish","type":"post","link":"https:\/\/noticiasveraces.com\/?p=23683","title":{"rendered":"Miles salen a las calles de EE.UU. en protestas contra Trump \u2013 DW \u2013 20\/04\/2025"},"content":{"rendered":"<p> \n<\/p>\n<div>\n<p>Miles de manifestantes se congregaron el s\u00e1bado (19.04.2025) en grandes ciudades como Nueva York y Washington o peque\u00f1as comunidades de Estados Unidos en una segunda serie de protestas contra el presidente Donald Trump, denunciando lo que consideran amenazas a los ideales democr\u00e1ticos de la naci\u00f3n.<\/p>\n<p>En Nueva York, manifestantes de todas las edades que se concentraron frente a la Biblioteca P\u00fablica, cerca de la Torre Trump, con pancartas que lo se\u00f1alan de atacar las instituciones democr\u00e1ticas y la independencia judicial.<\/p>\n<p>Muchos criticaron la pol\u00edtica de l\u00ednea dura de Trump basada en deportaciones y redadas contra inmigrantes indocumentados.<\/p>\n<p>\u00abLa democracia corre un gran peligro\u00bb, declar\u00f3 a la AFP Kathy Valyi, de 73 a\u00f1os, hija de supervivientes del Holocausto, que advierte que lo que le contaron sus padres sobre la llegada de Adolf Hitler al poder en la d\u00e9cada de 1930 en Alemania \u00abest\u00e1 ocurriendo aqu\u00ed ahora\u00bb.<\/p>\n<p>En Washington, los manifestantes expresaron su preocupaci\u00f3n por la amenaza que Trump ejerce sobre normas constitucionales respetadas desde hace tiempo, como el derecho al debido proceso.<\/p>\n<h2>Ataque al Estado de derecho<\/h2>\n<p>El gobierno est\u00e1 llevando a cabo \u00abun ataque directo contra la idea del Estado de derecho\u00bb, dijo a la afp Benjamin Douglas, de 41 a\u00f1os, frente a la Casa Blanca.<\/p>\n<p>En la Costa Oeste, cientos se reunieron en una playa junto al Oc\u00e9ano Pac\u00edfico en San Francisco para deletrear las palabras \u00abImpeach + Remove\u00bb (juicio pol\u00edtico + destituci\u00f3n), tambi\u00e9n con una bandera estadounidense invertida.<\/p>\n<figure class=\"placeholder-image master_landscape big\"><img data-format=\"MASTER_LANDSCAPE\" data-id=\"72290425\" data-url=\"https:\/\/static.dw.com\/image\/72290425_${formatId}.jpg\" data-aspect-ratio=\"16\/9\" alt=\"En Ocean Beach, en las costas de California, cientos de manifestantes formaron sobre la playa para pedir un &quot;Destituir y eliminar&quot; (juicio pol\u00edtico y destituci\u00f3n) del presidente Donald Trump.\" style=\"padding-bottom: 56.25%; height: 0; max-height: 0;\"\/><figcaption class=\"img-caption\">En Ocean Beach, en las costas de California, cientos de manifestantes formaron sobre la playa para pedir un \u00abImpeach &#038; Remove\u00bb (juicio pol\u00edtico y destituci\u00f3n) del presidente Donald Trump.<small class=\"copyright\">Imagen: Stephen Lam\/San Francisco Chronicle\/AP\/dpa<\/small><\/figcaption><\/figure>\n<p>En la ciudad costera de Galveston, tambi\u00e9n en el muy conservador estado de Texas, se produjo una peque\u00f1a concentraci\u00f3n de manifestantes anti-Trump.<\/p>\n<p>\u00abEsta es mi cuarta protesta y, generalmente, esperar\u00eda con los brazos cruzados a las pr\u00f3ximas elecciones\u00bb, dijo la escritora Patsy Oliver, de 63 a\u00f1os. \u00abNo podemos hacer eso ahora. Ya hemos perdido demasiado\u00bb, agreg\u00f3.<\/p>\n<h2>Abogan por deportados<\/h2>\n<p>En Nueva York algunos aprovecharon para pedir la liberaci\u00f3n de Mahmoud Khalil, estudiante palestino de la universidad de Columbia detenido para su deportaci\u00f3n pese a residir legalmente en Estados Unidos.<\/p>\n<p>El joven particip\u00f3 en las protestas contra la guerra de Israel en Gaza que sacudieron los campus universitarios el a\u00f1o pasado.<\/p>\n<figure class=\"placeholder-image master_landscape big\"><img data-format=\"MASTER_LANDSCAPE\" data-id=\"72290911\" data-url=\"https:\/\/static.dw.com\/image\/72290911_${formatId}.jpg\" data-aspect-ratio=\"16\/9\" alt=\"La jornada de protesta contra Trump tambi\u00e9n lleg\u00f3 a las verjas de la Casa Blanca.\" style=\"padding-bottom: 56.25%; height: 0; max-height: 0;\"\/><figcaption class=\"img-caption\">La jornada de protesta contra Trump tambi\u00e9n lleg\u00f3 a las verjas de la Casa Blanca.<small class=\"copyright\">Imagen: Tom Hudson\/Zuma\/Picture Alliance<\/small><\/figcaption><\/figure>\n<p>Tambi\u00e9n ped\u00edan liberar al salvadore\u00f1o Kilmer \u00c1brego Garc\u00eda, deportado ilegalmente y enviado a una c\u00e1rcel de su pa\u00eds.<\/p>\n<p>\u00abHay que ponerle freno\u00bb a Trump, dice un hombre de 65 a\u00f1os que se identific\u00f3 como Thomas, un nombre ficticio que usa por temor represalias.<\/p>\n<p>\u00abEl mecanismo que tenemos para hacerlo ahora mismo es salir a la calle y hacer o\u00edr nuestras voces. Por eso estoy aqu\u00ed\u00bb, asegur\u00f3 a la AFP mientras sosten\u00eda una pancarta con la foto del adolescente venezolano Merwil Guti\u00e9rrez, otro detenido por agentes migratorios y deportado a una c\u00e1rcel de m\u00e1xima seguridad en El Salvador, pese a que no era un objetivo.<\/p>\n<p>La \u00fanica esperanza que le queda a Kathy Valyi es que, \u00aba diferencia de otros fascistas (&#8230;), Trump es demasiado est\u00fapido para ser eficaz, y su propio equipo est\u00e1 dividido\u00bb, subray\u00f3.<\/p>\n<p><span data-slot-id=\"Article_InContent-1\" class=\"rich-text-ad\"\/><\/p>\n<h2>50 protestas en 50 estados<\/h2>\n<p>El principal organizador de las protestas del s\u00e1bado, el grupo 50501, que significa 50 protestas en 50 estados y un movimiento, dijo que se convocaron unas 400 manifestaciones.<\/p>\n<p>El grupo invit\u00f3 a millones de personas a participar el s\u00e1bado, aunque la participaci\u00f3n pareci\u00f3 menor que en la jornada bautizada \u00abManos fuera\u00bb, que tuvieron lugar en todo el pa\u00eds el 5 de abril.<\/p>\n<figure class=\"placeholder-image master_landscape big\"><img data-format=\"MASTER_LANDSCAPE\" data-id=\"72290700\" data-url=\"https:\/\/static.dw.com\/image\/72290700_${formatId}.jpg\" data-aspect-ratio=\"16\/9\" alt=\"En el centro de Anchorage, Alaska, la multitud core\u00f3 consignas y onde\u00f3 pancartas para expresar su oposici\u00f3n a los recortes y despidos del Departamento de Eficiencia Gubernamental (DOGE), las deportaciones de inmigrantes y las pol\u00edticas estadounidenses sobre Gaza. \" style=\"padding-bottom: 56.25%; height: 0; max-height: 0;\"\/><figcaption class=\"img-caption\">En el centro de Anchorage, Alaska, la multitud core\u00f3 consignas y onde\u00f3 pancartas para expresar su oposici\u00f3n a los recortes y despidos del Departamento de Eficiencia Gubernamental (DOGE), las deportaciones de inmigrantes y las pol\u00edticas estadounidenses sobre Gaza. <small class=\"copyright\">Imagen: Hasan Akbas\/Anadolu\/Picture Alliance<\/small><\/figcaption><\/figure>\n<p>En Denver, cientos de manifestantes se congregaron en el Capitolio del Estado de Colorado con pancartas que expresaban su solidaridad con los inmigrantes y le dec\u00edan a la administraci\u00f3n Trump: \u00ab\u00a1Manos fuera!\u00bb. La gente ondeaba banderas estadounidenses, algunas de ellas boca abajo en se\u00f1al de socorro.<\/p>\n<p>Miles de personas tambi\u00e9n marcharon por el centro de Portland, Oreg\u00f3n, mientras que la gente camin\u00f3 por el centro de Anchorage, Alaska, con carteles hechos a mano que enumeraban las razones por las que se manifestaban, incluyendo uno que dec\u00eda: \u00ab\u00a1Ning\u00fan cartel es lo suficientemente GRANDE como para enumerar TODAS las razones por las que estoy aqu\u00ed!\u00bb.<\/p>\n<p>En otros lugares, se planearon protestas frente a los concesionarios de Tesla contra Elon Musk, asesor del multimillonario Trump, y su papel en la reducci\u00f3n del gobierno federal.<\/p>\n<p>George Bryant, residente de Boston y uno de los asistentes a la protesta en Concord, expres\u00f3 su preocupaci\u00f3n por la creaci\u00f3n de un \u00abestado policial\u00bb por parte del presidente. Sosten\u00eda un cartel que dec\u00eda: \u00ab\u00a1El r\u00e9gimen fascista de Trump debe irse ya!\u00bb.<\/p>\n<p>\u00abEst\u00e1 desafiando a los tribunales. Est\u00e1 secuestrando estudiantes. Est\u00e1 destruyendo el sistema de pesos y contrapesos\u00bb, declar\u00f3 Bryant. \u00abEsto es fascismo\u00bb.<\/p>\n<p>JC (AFP, AP)<\/p>\n<\/p>\n<\/div>\n\n","protected":false},"excerpt":{"rendered":"<p>Miles de manifestantes se congregaron el s\u00e1bado (19.04.2025) en grandes ciudades como Nueva York y Washington o peque\u00f1as comunidades de Estados Unidos en una segunda serie de protestas contra el presidente Donald Trump, denunciando lo que consideran amenazas a los ideales democr\u00e1ticos de la naci\u00f3n. En Nueva York, manifestantes de todas las edades que se &hellip;<\/p>\n","protected":false},"author":1,"featured_media":23684,"comment_status":"open","ping_status":"open","sticky":false,"template":"","format":"standard","meta":{"fifu_image_url":"https:\/\/static.dw.com\/image\/72290371_6.jpg","fifu_image_alt":"","footnotes":""},"categories":[13],"tags":[],"class_list":["post-23683","post","type-post","status-publish","format-standard","has-post-thumbnail","","category-mundo"],"_links":{"self":[{"href":"https:\/\/noticiasveraces.com\/index.php?rest_route=\/wp\/v2\/posts\/23683","targetHints":{"allow":["GET"]}}],"collection":[{"href":"https:\/\/noticiasveraces.com\/index.php?rest_route=\/wp\/v2\/posts"}],"about":[{"href":"https:\/\/noticiasveraces.com\/index.php?rest_route=\/wp\/v2\/types\/post"}],"author":[{"embeddable":true,"href":"https:\/\/noticiasveraces.com\/index.php?rest_route=\/wp\/v2\/users\/1"}],"replies":[{"embeddable":true,"href":"https:\/\/noticiasveraces.com\/index.php?rest_route=%2Fwp%2Fv2%2Fcomments&post=23683"}],"version-history":[{"count":0,"href":"https:\/\/noticiasveraces.com\/index.php?rest_route=\/wp\/v2\/posts\/23683\/revisions"}],"wp:featuredmedia":[{"embeddable":true,"href":"https:\/\/noticiasveraces.com\/index.php?rest_route=\/wp\/v2\/media\/23684"}],"wp:attachment":[{"href":"https:\/\/noticiasveraces.com\/index.php?rest_route=%2Fwp%2Fv2%2Fmedia&parent=23683"}],"wp:term":[{"taxonomy":"category","embeddable":true,"href":"https:\/\/noticiasveraces.com\/index.php?rest_route=%2Fwp%2Fv2%2Fcategories&post=23683"},{"taxonomy":"post_tag","embeddable":true,"href":"https:\/\/noticiasveraces.com\/index.php?rest_route=%2Fwp%2Fv2%2Ftags&post=23683"}],"curies":[{"name":"wp","href":"https:\/\/api.w.org\/{rel}","templated":true}]}}