{"id":23674,"date":"2025-04-19T22:00:13","date_gmt":"2025-04-20T02:00:13","guid":{"rendered":"https:\/\/noticiasveraces.com\/?p=23674"},"modified":"2025-04-19T22:00:13","modified_gmt":"2025-04-20T02:00:13","slug":"bolivia-abre-una-carrera-electoral-marcada-por-fracturas-internas-y-una-joven-figura-emergente","status":"publish","type":"post","link":"https:\/\/noticiasveraces.com\/?p=23674","title":{"rendered":"Bolivia abre una carrera electoral marcada por fracturas internas y una joven figura emergente"},"content":{"rendered":"<p> \n<br \/><img decoding=\"async\" src=\"https:\/\/s.france24.com\/media\/display\/c838e07a-1d49-11f0-80a3-005056a90284\/w:1024\/p:16x9\/000_36TK6PN.jpg\" \/><br \/>La carrera a las presidenciales del 17 de agosto comenz\u00f3 formalmente en Bolivia. Se trata de unas elecciones marcadas por la larga pugna entre el expresidente Evo Morales y el actual mandatario, Luis Arce, pero tambi\u00e9n por una fractura de la oposici\u00f3n. En medio de la puja, la figura del joven presidente del Senado, Andr\u00f3nico Rodr\u00edguez, que en alg\u00fan momento fue considerado el delf\u00edn de Morales, toma protagonismo.<br \/>\n<br \/>\n","protected":false},"excerpt":{"rendered":"<p>La carrera a las presidenciales del 17 de agosto comenz\u00f3 formalmente en Bolivia. Se trata de unas elecciones marcadas por la larga pugna entre el expresidente Evo Morales y el actual mandatario, Luis Arce, pero tambi\u00e9n por una fractura de la oposici\u00f3n. En medio de la puja, la figura del joven presidente del Senado, Andr\u00f3nico &hellip;<\/p>\n","protected":false},"author":1,"featured_media":23676,"comment_status":"open","ping_status":"open","sticky":false,"template":"","format":"standard","meta":{"fifu_image_url":"https:\/\/s.france24.com\/media\/display\/c838e07a-1d49-11f0-80a3-005056a90284\/w:1024\/p:16x9\/000_36TK6PN.jpg","fifu_image_alt":"","footnotes":""},"categories":[13],"tags":[],"class_list":["post-23674","post","type-post","status-publish","format-standard","has-post-thumbnail","","category-mundo"],"_links":{"self":[{"href":"https:\/\/noticiasveraces.com\/index.php?rest_route=\/wp\/v2\/posts\/23674","targetHints":{"allow":["GET"]}}],"collection":[{"href":"https:\/\/noticiasveraces.com\/index.php?rest_route=\/wp\/v2\/posts"}],"about":[{"href":"https:\/\/noticiasveraces.com\/index.php?rest_route=\/wp\/v2\/types\/post"}],"author":[{"embeddable":true,"href":"https:\/\/noticiasveraces.com\/index.php?rest_route=\/wp\/v2\/users\/1"}],"replies":[{"embeddable":true,"href":"https:\/\/noticiasveraces.com\/index.php?rest_route=%2Fwp%2Fv2%2Fcomments&post=23674"}],"version-history":[{"count":0,"href":"https:\/\/noticiasveraces.com\/index.php?rest_route=\/wp\/v2\/posts\/23674\/revisions"}],"wp:featuredmedia":[{"embeddable":true,"href":"https:\/\/noticiasveraces.com\/index.php?rest_route=\/wp\/v2\/media\/23676"}],"wp:attachment":[{"href":"https:\/\/noticiasveraces.com\/index.php?rest_route=%2Fwp%2Fv2%2Fmedia&parent=23674"}],"wp:term":[{"taxonomy":"category","embeddable":true,"href":"https:\/\/noticiasveraces.com\/index.php?rest_route=%2Fwp%2Fv2%2Fcategories&post=23674"},{"taxonomy":"post_tag","embeddable":true,"href":"https:\/\/noticiasveraces.com\/index.php?rest_route=%2Fwp%2Fv2%2Ftags&post=23674"}],"curies":[{"name":"wp","href":"https:\/\/api.w.org\/{rel}","templated":true}]}}