{"id":23572,"date":"2025-04-19T04:30:13","date_gmt":"2025-04-19T08:30:13","guid":{"rendered":"https:\/\/noticiasveraces.com\/?p=23572"},"modified":"2025-04-19T04:30:13","modified_gmt":"2025-04-19T08:30:13","slug":"escapo-el-recluso-de-california-que-mato-al-lider-de-la-unidad-de-policia-mexicana-de-elite-mientras-estaba-en-la-carrera-fue-arrestado","status":"publish","type":"post","link":"https:\/\/noticiasveraces.com\/?p=23572","title":{"rendered":"Escap\u00f3 el recluso de California que mat\u00f3 al l\u00edder de la Unidad de Polic\u00eda Mexicana de Elite mientras estaba en la carrera fue arrestado"},"content":{"rendered":"<p> \n<\/p>\n<div>\n<p class=\"speakable\">Un recluso de California escapado buscaba por matar al l\u00edder de una unidad de polic\u00eda mexicana de \u00e9lite mientras estaba en la carrera fue arrestado en Tijuana, M\u00e9xico.<\/p>\n<p class=\"speakable\">C\u00e9sar Hern\u00e1ndez, de 34 a\u00f1os, fue arrestado el jueves por la agencia de investigaci\u00f3n estatal de M\u00e9xico.<\/p>\n<p>Hern\u00e1ndez fue buscado en relaci\u00f3n con la muerte a tiros de Abigail Esparza Reyes, de 33 a\u00f1os, el l\u00edder de la Unidad de Polic\u00eda mexicana conocida como \u00abGringo Hunters\u00bb, cuyo objetivo es capturarnos sospechosos de que son fugitivos en M\u00e9xico.<\/p>\n<p><strong>Escap\u00f3 de la prisi\u00f3n de California, condenado por asesinato, mata al comandante de la polic\u00eda en M\u00e9xico: informe<\/strong><\/p>\n<div class=\"image-ct inline\">\n<div class=\"m\"><picture><source media=\"(max-width: 767px)\" srcset=\"https:\/\/a57.foxnews.com\/static.foxnews.com\/foxnews.com\/content\/uploads\/2025\/04\/343\/192\/cesarhernandez.png?ve=1&amp;tl=1, https:\/\/a57.foxnews.com\/static.foxnews.com\/foxnews.com\/content\/uploads\/2025\/04\/686\/384\/cesarhernandez.png?ve=1&amp;tl=1 2x\" height=\"192\" width=\"343\"><source media=\"(min-width: 768px) and (max-width: 1023px)\" srcset=\"https:\/\/a57.foxnews.com\/static.foxnews.com\/foxnews.com\/content\/uploads\/2025\/04\/672\/378\/cesarhernandez.png?ve=1&amp;tl=1, https:\/\/a57.foxnews.com\/static.foxnews.com\/foxnews.com\/content\/uploads\/2025\/04\/1344\/756\/cesarhernandez.png?ve=1&amp;tl=1 2x\" height=\"378\" width=\"672\"><source media=\"(min-width: 1024px) and (max-width: 1279px)\" srcset=\"https:\/\/a57.foxnews.com\/static.foxnews.com\/foxnews.com\/content\/uploads\/2025\/04\/931\/523\/cesarhernandez.png?ve=1&amp;tl=1, https:\/\/a57.foxnews.com\/static.foxnews.com\/foxnews.com\/content\/uploads\/2025\/04\/1862\/1046\/cesarhernandez.png?ve=1&amp;tl=1 2x\" height=\"523\" width=\"931\"><source media=\"(min-width: 1280px)\" srcset=\"https:\/\/a57.foxnews.com\/static.foxnews.com\/foxnews.com\/content\/uploads\/2025\/04\/720\/405\/cesarhernandez.png?ve=1&amp;tl=1, https:\/\/a57.foxnews.com\/static.foxnews.com\/foxnews.com\/content\/uploads\/2025\/04\/1440\/810\/cesarhernandez.png?ve=1&amp;tl=1 2x\" height=\"405\" width=\"720\"><img loading=\"lazy\" decoding=\"async\" src=\"https:\/\/a57.foxnews.com\/static.foxnews.com\/foxnews.com\/content\/uploads\/2025\/04\/1200\/675\/cesarhernandez.png?ve=1&amp;tl=1\" alt=\"Cesar Hernandez\" width=\"1200\" height=\"675\"\/><\/source><\/source><\/source><\/source><\/picture><\/div>\n<div class=\"info\">\n<div class=\"caption\">\n<p><span>C\u00e9sar Hern\u00e1ndez, de 34 a\u00f1os, fue arrestado por la agencia de investigaci\u00f3n estatal de M\u00e9xico.<\/span> <span>(Departamento de Correcciones y Rehabilitaci\u00f3n de California)<\/span><\/p>\n<\/div>\n<\/div>\n<\/div>\n<p>Esparza Reyes fue asesinado durante un tiroteo el 9 de abril en Tijuana mientras la unidad intentaba arrestar a Hern\u00e1ndez.<\/p>\n<p>\u00abEstas acciones reflejan la excelente inteligencia y el trabajo de investigaci\u00f3n llevado a cabo por el personal de la Oficina del Fiscal General del Estado, cuyos esfuerzos coordinados, estrategias de an\u00e1lisis t\u00e1ctico y recopilaci\u00f3n de datos hicieron posible localizar con precisi\u00f3n a la persona arrestada hoy\u00bb, dijo la oficina del fiscal de Baja California en un comunicado despu\u00e9s del arresto.<\/p>\n<div class=\"image-ct inline\">\n<div class=\"m\"><picture><source media=\"(max-width: 767px)\" srcset=\"https:\/\/a57.foxnews.com\/static.foxnews.com\/foxnews.com\/content\/uploads\/2019\/02\/343\/192\/arrest-iStock.jpg?ve=1&amp;tl=1, https:\/\/a57.foxnews.com\/static.foxnews.com\/foxnews.com\/content\/uploads\/2019\/02\/686\/384\/arrest-iStock.jpg?ve=1&amp;tl=1 2x\" height=\"192\" width=\"343\"><source media=\"(min-width: 768px) and (max-width: 1023px)\" srcset=\"https:\/\/a57.foxnews.com\/static.foxnews.com\/foxnews.com\/content\/uploads\/2019\/02\/672\/378\/arrest-iStock.jpg?ve=1&amp;tl=1, https:\/\/a57.foxnews.com\/static.foxnews.com\/foxnews.com\/content\/uploads\/2019\/02\/1344\/756\/arrest-iStock.jpg?ve=1&amp;tl=1 2x\" height=\"378\" width=\"672\"><source media=\"(min-width: 1024px) and (max-width: 1279px)\" srcset=\"https:\/\/a57.foxnews.com\/static.foxnews.com\/foxnews.com\/content\/uploads\/2019\/02\/931\/523\/arrest-iStock.jpg?ve=1&amp;tl=1, https:\/\/a57.foxnews.com\/static.foxnews.com\/foxnews.com\/content\/uploads\/2019\/02\/1862\/1046\/arrest-iStock.jpg?ve=1&amp;tl=1 2x\" height=\"523\" width=\"931\"><source media=\"(min-width: 1280px)\" srcset=\"https:\/\/a57.foxnews.com\/static.foxnews.com\/foxnews.com\/content\/uploads\/2019\/02\/720\/405\/arrest-iStock.jpg?ve=1&amp;tl=1, https:\/\/a57.foxnews.com\/static.foxnews.com\/foxnews.com\/content\/uploads\/2019\/02\/1440\/810\/arrest-iStock.jpg?ve=1&amp;tl=1 2x\" height=\"405\" width=\"720\"><img loading=\"lazy\" decoding=\"async\" src=\"https:\/\/a57.foxnews.com\/static.foxnews.com\/foxnews.com\/content\/uploads\/2019\/02\/1200\/675\/arrest-iStock.jpg?ve=1&amp;tl=1\" alt=\"Esposas al hombre\" width=\"1200\" height=\"675\"\/><\/source><\/source><\/source><\/source><\/picture><\/div>\n<div class=\"info\">\n<div class=\"caption\">\n<p><span>C\u00e9sar Hern\u00e1ndez fue buscado en relaci\u00f3n con la muerte a tiros de Abigail Esparza Reyes, de 33 a\u00f1os, el l\u00edder de la unidad de polic\u00eda mexicana conocida como los \u00abcazadores de gringo\u00bb.<\/span> <span>(Istock)<\/span><\/p>\n<\/div>\n<\/div>\n<\/div>\n<p>\u00abLa oficina del fiscal general del estado reitera su compromiso de actuar de manera firme, legal, y reafirma su compromiso de que en Baja California, quien lo haga, lo paga\u00bb, agreg\u00f3 el comunicado.<\/p>\n<p>Funcionarios mexicanos dijeron que Hern\u00e1ndez enfrenta procedimientos penales y que \u00absu situaci\u00f3n legal se determinar\u00e1 seg\u00fan lo establecido por la ley\u00bb.<\/p>\n<p><strong>Hombre peligroso bajo custodia en California por escapes de asesinato, Manhunt en marcha<\/strong><\/p>\n<div class=\"image-ct inline\">\n<div class=\"m\"><picture><source media=\"(max-width: 767px)\" srcset=\"https:\/\/a57.foxnews.com\/static.foxnews.com\/foxnews.com\/content\/uploads\/2024\/11\/343\/192\/kern-valley-state-prison.jpg?ve=1&amp;tl=1, https:\/\/a57.foxnews.com\/static.foxnews.com\/foxnews.com\/content\/uploads\/2024\/11\/686\/384\/kern-valley-state-prison.jpg?ve=1&amp;tl=1 2x\" height=\"192\" width=\"343\"><source media=\"(min-width: 768px) and (max-width: 1023px)\" srcset=\"https:\/\/a57.foxnews.com\/static.foxnews.com\/foxnews.com\/content\/uploads\/2024\/11\/672\/378\/kern-valley-state-prison.jpg?ve=1&amp;tl=1, https:\/\/a57.foxnews.com\/static.foxnews.com\/foxnews.com\/content\/uploads\/2024\/11\/1344\/756\/kern-valley-state-prison.jpg?ve=1&amp;tl=1 2x\" height=\"378\" width=\"672\"><source media=\"(min-width: 1024px) and (max-width: 1279px)\" srcset=\"https:\/\/a57.foxnews.com\/static.foxnews.com\/foxnews.com\/content\/uploads\/2024\/11\/931\/523\/kern-valley-state-prison.jpg?ve=1&amp;tl=1, https:\/\/a57.foxnews.com\/static.foxnews.com\/foxnews.com\/content\/uploads\/2024\/11\/1862\/1046\/kern-valley-state-prison.jpg?ve=1&amp;tl=1 2x\" height=\"523\" width=\"931\"><source media=\"(min-width: 1280px)\" srcset=\"https:\/\/a57.foxnews.com\/static.foxnews.com\/foxnews.com\/content\/uploads\/2024\/11\/720\/405\/kern-valley-state-prison.jpg?ve=1&amp;tl=1, https:\/\/a57.foxnews.com\/static.foxnews.com\/foxnews.com\/content\/uploads\/2024\/11\/1440\/810\/kern-valley-state-prison.jpg?ve=1&amp;tl=1 2x\" height=\"405\" width=\"720\"><img loading=\"lazy\" decoding=\"async\" src=\"https:\/\/a57.foxnews.com\/static.foxnews.com\/foxnews.com\/content\/uploads\/2024\/11\/1200\/675\/kern-valley-state-prison.jpg?ve=1&amp;tl=1\" alt=\"Prisi\u00f3n estatal de Kern Valley en California\" width=\"1200\" height=\"675\"\/><\/source><\/source><\/source><\/source><\/picture><\/div>\n<div class=\"info\">\n<div class=\"caption\">\n<p><span>Prisi\u00f3n estatal de Kern Valley en California<\/span> <span>(Luis Sinco\/Los Angeles Times via Getty Images)<\/span><\/p>\n<\/div>\n<\/div>\n<\/div>\n<p><strong><u>Haga clic aqu\u00ed para obtener la aplicaci\u00f3n Fox News<\/u><\/strong><\/p>\n<p>Hern\u00e1ndez cumpl\u00eda 80 a\u00f1os de vida con la posibilidad de libertad condicional en California por asesinato en primer grado antes de escapar de la custodia el 2 de diciembre. Estaba siendo transportado al Palacio de Justicia Superior del Condado de Kern en Delano para una aparici\u00f3n en la corte cuando sali\u00f3 de la camioneta y se escap\u00f3.<\/p>\n<p>Fue detenido en la prisi\u00f3n estatal de Kern Valley en Delano antes de su escape. Fue entregado al condado de Kern desde el condado de Los \u00c1ngeles en 2019.<\/p>\n<p> <!----> <\/div>\n\n","protected":false},"excerpt":{"rendered":"<p>Un recluso de California escapado buscaba por matar al l\u00edder de una unidad de polic\u00eda mexicana de \u00e9lite mientras estaba en la carrera fue arrestado en Tijuana, M\u00e9xico. C\u00e9sar Hern\u00e1ndez, de 34 a\u00f1os, fue arrestado el jueves por la agencia de investigaci\u00f3n estatal de M\u00e9xico. Hern\u00e1ndez fue buscado en relaci\u00f3n con la muerte a tiros &hellip;<\/p>\n","protected":false},"author":1,"featured_media":23574,"comment_status":"open","ping_status":"open","sticky":false,"template":"","format":"standard","meta":{"fifu_image_url":"https:\/\/static.foxnews.com\/foxnews.com\/content\/uploads\/2025\/04\/cesarhernandez.png","fifu_image_alt":"","footnotes":""},"categories":[13],"tags":[],"class_list":["post-23572","post","type-post","status-publish","format-standard","has-post-thumbnail","","category-mundo"],"_links":{"self":[{"href":"https:\/\/noticiasveraces.com\/index.php?rest_route=\/wp\/v2\/posts\/23572","targetHints":{"allow":["GET"]}}],"collection":[{"href":"https:\/\/noticiasveraces.com\/index.php?rest_route=\/wp\/v2\/posts"}],"about":[{"href":"https:\/\/noticiasveraces.com\/index.php?rest_route=\/wp\/v2\/types\/post"}],"author":[{"embeddable":true,"href":"https:\/\/noticiasveraces.com\/index.php?rest_route=\/wp\/v2\/users\/1"}],"replies":[{"embeddable":true,"href":"https:\/\/noticiasveraces.com\/index.php?rest_route=%2Fwp%2Fv2%2Fcomments&post=23572"}],"version-history":[{"count":0,"href":"https:\/\/noticiasveraces.com\/index.php?rest_route=\/wp\/v2\/posts\/23572\/revisions"}],"wp:featuredmedia":[{"embeddable":true,"href":"https:\/\/noticiasveraces.com\/index.php?rest_route=\/wp\/v2\/media\/23574"}],"wp:attachment":[{"href":"https:\/\/noticiasveraces.com\/index.php?rest_route=%2Fwp%2Fv2%2Fmedia&parent=23572"}],"wp:term":[{"taxonomy":"category","embeddable":true,"href":"https:\/\/noticiasveraces.com\/index.php?rest_route=%2Fwp%2Fv2%2Fcategories&post=23572"},{"taxonomy":"post_tag","embeddable":true,"href":"https:\/\/noticiasveraces.com\/index.php?rest_route=%2Fwp%2Fv2%2Ftags&post=23572"}],"curies":[{"name":"wp","href":"https:\/\/api.w.org\/{rel}","templated":true}]}}