{"id":23569,"date":"2025-04-19T03:25:13","date_gmt":"2025-04-19T07:25:13","guid":{"rendered":"https:\/\/noticiasveraces.com\/?p=23569"},"modified":"2025-04-19T03:25:13","modified_gmt":"2025-04-19T07:25:13","slug":"crimen-de-sara-millerey-la-comunidad-trans-se-planta-por-su-derecho-a-existir","status":"publish","type":"post","link":"https:\/\/noticiasveraces.com\/?p=23569","title":{"rendered":"Crimen de Sara Millerey: la comunidad trans se planta por su derecho a existir"},"content":{"rendered":"<p> \n<br \/><img decoding=\"async\" src=\"https:\/\/s.france24.com\/media\/display\/454f9550-1b0f-11f0-befb-005056a97e36\/w:1024\/p:16x9\/SaraMillereyReuF24.jpg\" \/><br \/>El transfeminicidio de Sara Millerey no solo revel\u00f3 la brutalidad y el odio que la poblaci\u00f3n trans soporta en Colombia, sino que tambi\u00e9n destap\u00f3 una furia acumulada de a\u00f1os de violencia, discriminaci\u00f3n e impunidad. Su cruel asesinato ha encendido las calles de Medell\u00edn y otras ciudades, uniendo a la comunidad trans en una protesta que exige Justicia, garant\u00edas de seguridad y el elemental derecho a vivir.<br \/>\n<br \/>\n","protected":false},"excerpt":{"rendered":"<p>El transfeminicidio de Sara Millerey no solo revel\u00f3 la brutalidad y el odio que la poblaci\u00f3n trans soporta en Colombia, sino que tambi\u00e9n destap\u00f3 una furia acumulada de a\u00f1os de violencia, discriminaci\u00f3n e impunidad. Su cruel asesinato ha encendido las calles de Medell\u00edn y otras ciudades, uniendo a la comunidad trans en una protesta que &hellip;<\/p>\n","protected":false},"author":1,"featured_media":23571,"comment_status":"open","ping_status":"open","sticky":false,"template":"","format":"standard","meta":{"fifu_image_url":"https:\/\/s.france24.com\/media\/display\/454f9550-1b0f-11f0-befb-005056a97e36\/w:1024\/p:16x9\/SaraMillereyReuF24.jpg","fifu_image_alt":"","footnotes":""},"categories":[13],"tags":[],"class_list":["post-23569","post","type-post","status-publish","format-standard","has-post-thumbnail","","category-mundo"],"_links":{"self":[{"href":"https:\/\/noticiasveraces.com\/index.php?rest_route=\/wp\/v2\/posts\/23569","targetHints":{"allow":["GET"]}}],"collection":[{"href":"https:\/\/noticiasveraces.com\/index.php?rest_route=\/wp\/v2\/posts"}],"about":[{"href":"https:\/\/noticiasveraces.com\/index.php?rest_route=\/wp\/v2\/types\/post"}],"author":[{"embeddable":true,"href":"https:\/\/noticiasveraces.com\/index.php?rest_route=\/wp\/v2\/users\/1"}],"replies":[{"embeddable":true,"href":"https:\/\/noticiasveraces.com\/index.php?rest_route=%2Fwp%2Fv2%2Fcomments&post=23569"}],"version-history":[{"count":0,"href":"https:\/\/noticiasveraces.com\/index.php?rest_route=\/wp\/v2\/posts\/23569\/revisions"}],"wp:featuredmedia":[{"embeddable":true,"href":"https:\/\/noticiasveraces.com\/index.php?rest_route=\/wp\/v2\/media\/23571"}],"wp:attachment":[{"href":"https:\/\/noticiasveraces.com\/index.php?rest_route=%2Fwp%2Fv2%2Fmedia&parent=23569"}],"wp:term":[{"taxonomy":"category","embeddable":true,"href":"https:\/\/noticiasveraces.com\/index.php?rest_route=%2Fwp%2Fv2%2Fcategories&post=23569"},{"taxonomy":"post_tag","embeddable":true,"href":"https:\/\/noticiasveraces.com\/index.php?rest_route=%2Fwp%2Fv2%2Ftags&post=23569"}],"curies":[{"name":"wp","href":"https:\/\/api.w.org\/{rel}","templated":true}]}}