{"id":23557,"date":"2025-04-19T02:22:04","date_gmt":"2025-04-19T06:22:04","guid":{"rendered":"https:\/\/noticiasveraces.com\/?p=23557"},"modified":"2025-04-19T02:22:04","modified_gmt":"2025-04-19T06:22:04","slug":"colombia-declara-el-estado-de-emergencia-por-la-fiebre-amarilla","status":"publish","type":"post","link":"https:\/\/noticiasveraces.com\/?p=23557","title":{"rendered":"Colombia declara el estado de emergencia por la fiebre amarilla"},"content":{"rendered":"<p> \n<br \/><img decoding=\"async\" src=\"https:\/\/s.france24.com\/media\/display\/0ef54ba8-1bcd-11f0-889c-005056bfb2b6\/w:1024\/p:16x9\/000_WF625.jpg\" \/><br \/>Colombia declar\u00f3 el mi\u00e9rcoles una emergencia sanitaria por un brote mort\u00edfero de fiebre amarilla que se ha cobrado por ahora 34 vidas, seg\u00fan un comunicado del gobierno.<br \/>\n<br \/>\n","protected":false},"excerpt":{"rendered":"<p>Colombia declar\u00f3 el mi\u00e9rcoles una emergencia sanitaria por un brote mort\u00edfero de fiebre amarilla que se ha cobrado por ahora 34 vidas, seg\u00fan un comunicado del gobierno.<\/p>\n","protected":false},"author":1,"featured_media":23559,"comment_status":"open","ping_status":"open","sticky":false,"template":"","format":"standard","meta":{"fifu_image_url":"https:\/\/s.france24.com\/media\/display\/0ef54ba8-1bcd-11f0-889c-005056bfb2b6\/w:1024\/p:16x9\/000_WF625.jpg","fifu_image_alt":"","footnotes":""},"categories":[13],"tags":[],"class_list":["post-23557","post","type-post","status-publish","format-standard","has-post-thumbnail","","category-mundo"],"_links":{"self":[{"href":"https:\/\/noticiasveraces.com\/index.php?rest_route=\/wp\/v2\/posts\/23557","targetHints":{"allow":["GET"]}}],"collection":[{"href":"https:\/\/noticiasveraces.com\/index.php?rest_route=\/wp\/v2\/posts"}],"about":[{"href":"https:\/\/noticiasveraces.com\/index.php?rest_route=\/wp\/v2\/types\/post"}],"author":[{"embeddable":true,"href":"https:\/\/noticiasveraces.com\/index.php?rest_route=\/wp\/v2\/users\/1"}],"replies":[{"embeddable":true,"href":"https:\/\/noticiasveraces.com\/index.php?rest_route=%2Fwp%2Fv2%2Fcomments&post=23557"}],"version-history":[{"count":0,"href":"https:\/\/noticiasveraces.com\/index.php?rest_route=\/wp\/v2\/posts\/23557\/revisions"}],"wp:featuredmedia":[{"embeddable":true,"href":"https:\/\/noticiasveraces.com\/index.php?rest_route=\/wp\/v2\/media\/23559"}],"wp:attachment":[{"href":"https:\/\/noticiasveraces.com\/index.php?rest_route=%2Fwp%2Fv2%2Fmedia&parent=23557"}],"wp:term":[{"taxonomy":"category","embeddable":true,"href":"https:\/\/noticiasveraces.com\/index.php?rest_route=%2Fwp%2Fv2%2Fcategories&post=23557"},{"taxonomy":"post_tag","embeddable":true,"href":"https:\/\/noticiasveraces.com\/index.php?rest_route=%2Fwp%2Fv2%2Ftags&post=23557"}],"curies":[{"name":"wp","href":"https:\/\/api.w.org\/{rel}","templated":true}]}}