{"id":23552,"date":"2025-04-19T01:21:04","date_gmt":"2025-04-19T05:21:04","guid":{"rendered":"https:\/\/noticiasveraces.com\/?p=23552"},"modified":"2025-04-19T01:21:04","modified_gmt":"2025-04-19T05:21:04","slug":"iran-y-ee-uu-reanudan-negociaciones-por-la-cuestion-nuclear-dw-19-04-2025","status":"publish","type":"post","link":"https:\/\/noticiasveraces.com\/?p=23552","title":{"rendered":"Ir\u00e1n y EE.UU. reanudan negociaciones por la cuesti\u00f3n nuclear \u2013 DW \u2013 19\/04\/2025"},"content":{"rendered":"<p> \n<\/p>\n<div>\n<p>Estados Unidos e Ir\u00e1n reanudan en Roma este\u00a0s\u00e1bado (19.04.2025) las conversaciones sobre el programa nuclear de Teher\u00e1n, una semana despu\u00e9s de una primera ronda considerada \u00abconstructiva\u00bb por ambas partes.<\/p>\n<p>El presidente estadounidense, Donald Trump, ha amenazado con acciones militares contra Ir\u00e1n que, seg\u00fan el jefe del Organismo Internacional de la Energ\u00eda At\u00f3mica (OIEA), \u00abno est\u00e1 lejos\u00bb de conseguir el arma nuclear.<\/p>\n<p>Un acuerdo multilateral en 2015 para restringir el desarrollo nuclear de la Rep\u00fablica Isl\u00e1mica a cambio del levantamiento de sanciones naufrag\u00f3 por la retirada de Estados Unidos en 2018, en el primer mandato de Trump.<\/p>\n<h2>Araqchi y\u00a0Witkoff frente a frente<\/h2>\n<p>La semana pasada, con la mediaci\u00f3n de Om\u00e1n, estos pa\u00edses sin relaciones diplom\u00e1ticas por m\u00e1s de 40 a\u00f1os se sentaron a negociar por primera vez desde entonces para intentar alcanzar un nuevo compromiso.<\/p>\n<p>Como en el primer encuentro en Mascate, la capital de Om\u00e1n, las delegaciones en Roma estar\u00e1n encabezadas por el canciller iran\u00ed, Ab\u00e1s Araqchi, y el emisario de Trump para Oriente Medio, Steve Witkoff.<\/p>\n<p>Desde su regreso a la Casa Blanca en enero, el magnate republicano recuper\u00f3 su pol\u00edtica de \u00abm\u00e1xima presi\u00f3n\u00bb contra Ir\u00e1n, endureciendo las sanciones econ\u00f3micas y amenazando con bombardear la Rep\u00fablica Isl\u00e1mica.<\/p>\n<p>El jueves, de todos modos, Trump dijo no tener prisa para recurrir a la v\u00eda militar. \u00abCreo que Ir\u00e1n quiere hablar\u00bb, afirm\u00f3.<\/p>\n<p><span data-slot-id=\"Article_InContent-1\" class=\"rich-text-ad\"\/><\/p>\n<h2>Ir\u00e1n expresa\u00a0escepticismo<\/h2>\n<p>En una visita previa a Mosc\u00fa, Araqchi se\u00f1al\u00f3 el viernes tienen \u00abserias dudas sobre las intenciones y motivos de la parte estadounidense\u00bb. Pero \u00abparticiparemos pese a todo en las negociaciones de ma\u00f1ana\u00bb, asegur\u00f3.<\/p>\n<p>El mismo escepticismo ha expresado el gu\u00eda supremo de Ir\u00e1n, el ayatol\u00e1 Ali Jamenei, que igualmente se mostr\u00f3 satisfecho por la celebraci\u00f3n de estas reuniones.<\/p>\n<p>Los pa\u00edses occidentales e Israel, archienemigo de Ir\u00e1n como Estados Unidos, sospechan que el objetivo de este programa nuclear es conseguir el arma at\u00f3mica. Teher\u00e1n rechaza estas acusaciones y defiende su derecho al desarrollo nuclear con fines civiles, como la generaci\u00f3n de energ\u00eda.<\/p>\n<p>El organismo encargado de verificar el car\u00e1cter pac\u00edfico de este programa es el OIEA, cuyo director Rafael Grossi visit\u00f3 esta semana Teher\u00e1n.<\/p>\n<p>Antes de su viaje, el diplom\u00e1tico argentino afirm\u00f3 en una entrevista al diario franc\u00e9s Le Monde que Ir\u00e1n \u00abno est\u00e1 lejos\u00bb de conseguir el arma nuclear. \u00abNos encontramos en una fase crucial de estas importantes negociaciones. Sabemos que tenemos poco tiempo\u00bb, declar\u00f3 Grossi en Teher\u00e1n.<\/p>\n<p>GS (AFP, Reuters)<\/p>\n<\/div>\n\n","protected":false},"excerpt":{"rendered":"<p>Estados Unidos e Ir\u00e1n reanudan en Roma este\u00a0s\u00e1bado (19.04.2025) las conversaciones sobre el programa nuclear de Teher\u00e1n, una semana despu\u00e9s de una primera ronda considerada \u00abconstructiva\u00bb por ambas partes. El presidente estadounidense, Donald Trump, ha amenazado con acciones militares contra Ir\u00e1n que, seg\u00fan el jefe del Organismo Internacional de la Energ\u00eda At\u00f3mica (OIEA), \u00abno est\u00e1 &hellip;<\/p>\n","protected":false},"author":1,"featured_media":23553,"comment_status":"open","ping_status":"open","sticky":false,"template":"","format":"standard","meta":{"fifu_image_url":"https:\/\/static.dw.com\/image\/71900489_6.jpg","fifu_image_alt":"","footnotes":""},"categories":[13],"tags":[],"class_list":["post-23552","post","type-post","status-publish","format-standard","has-post-thumbnail","","category-mundo"],"_links":{"self":[{"href":"https:\/\/noticiasveraces.com\/index.php?rest_route=\/wp\/v2\/posts\/23552","targetHints":{"allow":["GET"]}}],"collection":[{"href":"https:\/\/noticiasveraces.com\/index.php?rest_route=\/wp\/v2\/posts"}],"about":[{"href":"https:\/\/noticiasveraces.com\/index.php?rest_route=\/wp\/v2\/types\/post"}],"author":[{"embeddable":true,"href":"https:\/\/noticiasveraces.com\/index.php?rest_route=\/wp\/v2\/users\/1"}],"replies":[{"embeddable":true,"href":"https:\/\/noticiasveraces.com\/index.php?rest_route=%2Fwp%2Fv2%2Fcomments&post=23552"}],"version-history":[{"count":0,"href":"https:\/\/noticiasveraces.com\/index.php?rest_route=\/wp\/v2\/posts\/23552\/revisions"}],"wp:featuredmedia":[{"embeddable":true,"href":"https:\/\/noticiasveraces.com\/index.php?rest_route=\/wp\/v2\/media\/23553"}],"wp:attachment":[{"href":"https:\/\/noticiasveraces.com\/index.php?rest_route=%2Fwp%2Fv2%2Fmedia&parent=23552"}],"wp:term":[{"taxonomy":"category","embeddable":true,"href":"https:\/\/noticiasveraces.com\/index.php?rest_route=%2Fwp%2Fv2%2Fcategories&post=23552"},{"taxonomy":"post_tag","embeddable":true,"href":"https:\/\/noticiasveraces.com\/index.php?rest_route=%2Fwp%2Fv2%2Ftags&post=23552"}],"curies":[{"name":"wp","href":"https:\/\/api.w.org\/{rel}","templated":true}]}}