{"id":23537,"date":"2025-04-18T22:26:42","date_gmt":"2025-04-19T02:26:42","guid":{"rendered":"https:\/\/noticiasveraces.com\/?p=23537"},"modified":"2025-04-18T22:26:42","modified_gmt":"2025-04-19T02:26:42","slug":"la-deuda-colonial-de-haiti-200-anos-despues-ha-llegado-el-momento-de-hacer-cuentas","status":"publish","type":"post","link":"https:\/\/noticiasveraces.com\/?p=23537","title":{"rendered":"La deuda colonial de Hait\u00ed, 200 a\u00f1os despu\u00e9s: \u00bfHa llegado el momento de hacer cuentas?"},"content":{"rendered":"<p> \n<br \/><img decoding=\"async\" src=\"https:\/\/global.unitednations.entermediadb.net\/assets\/mediadb\/services\/module\/asset\/downloads\/preset\/assets\/2012\/04\/14733\/image560x340cropped.jpg\" \/><\/p>\n<div>\n<p>Hait\u00ed, el primer pa\u00eds que se liber\u00f3 del yugo de la esclavitud mediante un levantamiento exitoso, obtuvo su independencia de Francia en 1804. Pero el precio a pagar por atreverse a desafiar el orden esclavista mundial no se hizo esperar. El 17 de abril de 1825, bajo la amenaza de los ca\u00f1ones de la flota francesa, Hait\u00ed acept\u00f3 pagar una indemnizaci\u00f3n de 150 millones de francos oro a la potencia europea.<\/p>\n<p>Oficialmente, esta suma deb\u00eda compensar a los plantadores franceses por las \u00abpropiedades perdidas\u00bb con la independencia de Hait\u00ed, pero en realidad la cantidad era mucho mayor que las p\u00e9rdidas sufridas.<\/p>\n<p>\u00abFrancia oblig\u00f3 a los que conquistaron la independencia de Hait\u00ed -los antiguos esclavos- a compensar a los perdedores -sus antiguos amos\u00bb, declar\u00f3 Monique Clesca, periodista y activista de origen haitiano, durante un debate sobre la cuesti\u00f3n de la deuda colonial de Hait\u00ed que tuvo lugar esta semana en la sede de las Naciones Unidas en Nueva York.<\/p>\n<h2>El precio de la libertad: la doble deuda<\/h2>\n<p>Muy r\u00e1pidamente, este impuesto sobre la libertad result\u00f3 demasiado pesado para la primera rep\u00fablica negra del mundo, arrastrada por la espiral de la deuda. \u00abCuando ya no pudimos pagar, Francia nos dio la espalda y presion\u00f3 a sus bancos para que nos prestaran dinero: por eso hablamos de doble deuda\u00bb, explic\u00f3 el periodista haitiano.<\/p>\n<blockquote>\n<p>Francia cometi\u00f3 una enorme injusticia, cuyas consecuencias a\u00fan hoy sentimos<\/p>\n<\/blockquote>\n<p>En 1914, m\u00e1s de tres cuartas partes del presupuesto del pa\u00eds todav\u00eda estaban siendo drenados por el pago de indemnizaciones a los bancos franceses. No fue hasta 1947, m\u00e1s de 140 a\u00f1os despu\u00e9s de su independencia, que Hait\u00ed finalmente pag\u00f3 su deuda. \u201cFrancia cometi\u00f3 una enorme injusticia, cuyas consecuencias a\u00fan hoy sentimos\u201d, denunci\u00f3 Clesca.<\/p>\n<p>Una investigaci\u00f3n en profundidad del peri\u00f3dico New York Times, publicada en 2022, revel\u00f3 que el total que Hait\u00ed pag\u00f3 a Francia equivali\u00f3 a 560 millones de d\u00f3lares de hoy. Una suma que, seg\u00fan algunos economistas, habr\u00eda a\u00f1adido m\u00e1s de 20.000 millones de d\u00f3lares a la econom\u00eda haitiana a lo largo del tiempo, si hubiera permanecido en el pa\u00eds.<\/p>\n<h2>Hait\u00ed hoy: El legado de la deuda<\/h2>\n<p>Si bien Hait\u00ed representa un punto de inflexi\u00f3n importante en la historia de la emancipaci\u00f3n humana, el pa\u00eds se encuentra hoy en las garras de un torbellino de violencia perpetrada por bandas armadas, que se reparten el 85% de la capital del pa\u00eds, Puerto Pr\u00edncipe. Tambi\u00e9n es la naci\u00f3n m\u00e1s pobre de Am\u00e9rica Latina y el Caribe, seg\u00fan el Banco Mundial.<\/p>\n<p>Desde la par\u00e1lisis institucional hasta el tr\u00e1fico de armas y la corrupci\u00f3n, los desaf\u00edos que enfrenta el pa\u00eds son muy numerosos. Pero a los ojos del Foro Permanente de las Naciones Unidas para los Afrodescendientes, las causas de sus dificultades est\u00e1n fuera de toda duda: se relacionan con el pasado.<\/p>\n<p>\u00abLas persistentes crisis de derechos humanos en Hait\u00ed [&#8230;] tienen sus ra\u00edces en los legados de la esclavitud, el colonialismo, el pago de la deuda y las amenazas e intervenciones militares\u00bb, afirm\u00f3 el \u00f3rgano asesor del Consejo de Derechos Humanos de la ONU, establecido en 2021, en un an\u00e1lisis de la situaci\u00f3n haitiana publicado el mes pasado.<\/p>\n<h2>Un reconocimiento tard\u00edo<\/h2>\n<p>En respuesta a estas acusaciones, el presidente franc\u00e9s, Emmanuel Macron, anunci\u00f3 el jueves la creaci\u00f3n de una comisi\u00f3n de historiadores franco-haitianos para evaluar el impacto de la indemnizaci\u00f3n haitiana. Esta comisi\u00f3n ser\u00e1 entonces encargada de formular recomendaciones.<\/p>\n<p>Si bien salud\u00f3 este anuncio, Martin Kimani, miembro del Foro Permanente, afirm\u00f3 que la eficacia de la nueva comisi\u00f3n depender\u00e1 de su voluntad de reconocer plenamente el alcance de las consecuencias de la deuda impuesta por Francia.<\/p>\n<p>\u00abExigimos la restituci\u00f3n de las sumas financieras y la adopci\u00f3n de medidas correctivas para abordar el subdesarrollo de Hait\u00ed\u00bb, insisti\u00f3 el Kimani durante el debate en la ONU, organizado en el marco de la clausura del cuarto periodo de sesiones del Foro Permanente.<\/p>\n<h2>Solicitud de devoluci\u00f3n de fondos<\/h2>\n<p>Seg\u00fan la prensa, el jefe de Estado franc\u00e9s no ha mencionado por el momento una posible compensaci\u00f3n financiera, como lo han solicitado no s\u00f3lo el Foro Permanente, sino tambi\u00e9n las autoridades haitianas.<\/p>\n<p>\u00abEl pasado colonial impone responsabilidades que deben ser asumidas colectivamente por Francia y la comunidad internacional\u00bb, afirm\u00f3 Pierre Ericq Pierre, representante permanente de Hait\u00ed ante la ONU, quien particip\u00f3 en el debate.<\/p>\n<blockquote>\n<p>El pasado colonial impone responsabilidades que deben ser asumidas colectivamente por Francia y la comunidad internacional<\/p>\n<\/blockquote>\n<p>Para el embajador haitiano, las ra\u00edces estructurales de las persistentes desigualdades en el pa\u00eds est\u00e1n vinculadas a su historia colonial y a la imposici\u00f3n de esta deuda, que los haitianos com\u00fanmente llaman \u201cpago por el rescate\u201d. Por tanto, a su juicio es natural que las sumas pagadas sean devueltas a Hait\u00ed. \u00abEsto no es una venganza\u00bb, dijo. \u00abEs un acto de verdad y justicia.\u00bb<\/p>\n<h2>Justicia restaurativa<\/h2>\n<p>El pueblo haitiano merece una vida sin violencia y un nivel adecuado de desarrollo, afirm\u00f3 Gaynel Curry, tambi\u00e9n miembro del Foro Permanente.<\/p>\n<p>Adem\u00e1s del reembolso por parte de Francia de su deuda colonial, Curry pidi\u00f3 la creaci\u00f3n de un fondo internacional de reparaciones para Hait\u00ed, as\u00ed como la organizaci\u00f3n de un debate en el Consejo de Derechos Humanos con vistas a establecer una comisi\u00f3n internacional independiente de investigaci\u00f3n sobre la cuesti\u00f3n de la justicia restaurativa para el pa\u00eds.<\/p>\n<p>Seg\u00fan Verene Albertha Shepherd, vicepresidenta del Comit\u00e9 de la ONU para la Eliminaci\u00f3n de la Discriminaci\u00f3n Racial, quien tambi\u00e9n particip\u00f3 en el debate, esas medidas ayudar\u00edan a saldar otra deuda: la que los afrodescendientes tienen con los revolucionarios haitianos.<\/p>\n<p>\u00abEstos luchadores por la libertad inspiraban miedo en todos los propietarios de esclavos\u00bb, record\u00f3. M\u00e1s de dos siglos despu\u00e9s de la independencia de Hait\u00ed, ha llegado el momento de hacerles justicia.<\/p>\n<\/div>\n\n","protected":false},"excerpt":{"rendered":"<p>Hait\u00ed, el primer pa\u00eds que se liber\u00f3 del yugo de la esclavitud mediante un levantamiento exitoso, obtuvo su independencia de Francia en 1804. Pero el precio a pagar por atreverse a desafiar el orden esclavista mundial no se hizo esperar. El 17 de abril de 1825, bajo la amenaza de los ca\u00f1ones de la flota &hellip;<\/p>\n","protected":false},"author":1,"featured_media":23539,"comment_status":"open","ping_status":"open","sticky":false,"template":"","format":"standard","meta":{"fifu_image_url":"https:\/\/global.unitednations.entermediadb.net\/assets\/mediadb\/services\/module\/asset\/downloads\/preset\/assets\/2012\/04\/14733\/image770x420cropped.jpg","fifu_image_alt":"","footnotes":""},"categories":[3],"tags":[],"class_list":["post-23537","post","type-post","status-publish","format-standard","has-post-thumbnail","","category-negocio"],"_links":{"self":[{"href":"https:\/\/noticiasveraces.com\/index.php?rest_route=\/wp\/v2\/posts\/23537","targetHints":{"allow":["GET"]}}],"collection":[{"href":"https:\/\/noticiasveraces.com\/index.php?rest_route=\/wp\/v2\/posts"}],"about":[{"href":"https:\/\/noticiasveraces.com\/index.php?rest_route=\/wp\/v2\/types\/post"}],"author":[{"embeddable":true,"href":"https:\/\/noticiasveraces.com\/index.php?rest_route=\/wp\/v2\/users\/1"}],"replies":[{"embeddable":true,"href":"https:\/\/noticiasveraces.com\/index.php?rest_route=%2Fwp%2Fv2%2Fcomments&post=23537"}],"version-history":[{"count":0,"href":"https:\/\/noticiasveraces.com\/index.php?rest_route=\/wp\/v2\/posts\/23537\/revisions"}],"wp:featuredmedia":[{"embeddable":true,"href":"https:\/\/noticiasveraces.com\/index.php?rest_route=\/wp\/v2\/media\/23539"}],"wp:attachment":[{"href":"https:\/\/noticiasveraces.com\/index.php?rest_route=%2Fwp%2Fv2%2Fmedia&parent=23537"}],"wp:term":[{"taxonomy":"category","embeddable":true,"href":"https:\/\/noticiasveraces.com\/index.php?rest_route=%2Fwp%2Fv2%2Fcategories&post=23537"},{"taxonomy":"post_tag","embeddable":true,"href":"https:\/\/noticiasveraces.com\/index.php?rest_route=%2Fwp%2Fv2%2Ftags&post=23537"}],"curies":[{"name":"wp","href":"https:\/\/api.w.org\/{rel}","templated":true}]}}