{"id":23535,"date":"2025-04-18T22:17:50","date_gmt":"2025-04-19T02:17:50","guid":{"rendered":"https:\/\/noticiasveraces.com\/?p=23535"},"modified":"2025-04-18T22:17:50","modified_gmt":"2025-04-19T02:17:50","slug":"migrante-deportado-por-error-esta-en-otra-carcel-salvadorena-dw-19-04-2025","status":"publish","type":"post","link":"https:\/\/noticiasveraces.com\/?p=23535","title":{"rendered":"Migrante deportado por error est\u00e1 en otra c\u00e1rcel salvadore\u00f1a \u2013 DW \u2013 19\/04\/2025"},"content":{"rendered":"<p> \n<\/p>\n<div>\n<p>Kilmar \u00c1brego Garc\u00eda, el migrante salvadore\u00f1o que fue deportado de Estados Unidos a pesar de tener un estatus legal en el pa\u00eds, fue trasladado a otra c\u00e1rcel en El Salvador tras pasar varias semanas detenido en la prisi\u00f3n de m\u00e1xima seguridad conocida como Cecot, se supo el viernes (18.04.2025).<\/p>\n<p>As\u00ed lo inform\u00f3 el senador estadounidense Chris Van Hollen, quien viaj\u00f3 esta semana a El Salvador para pedir al gobierno de Nayib Bukele que libere a \u00c1brego, residente hace m\u00e1s de una d\u00e9cada en Maryland, el estado que representa el legislador.<\/p>\n<p>Van Hollen logr\u00f3 reunirse con \u00c1brego el jueves en San Salvador y este viernes dio una rueda de prensa donde relat\u00f3 detalles de su conversaci\u00f3n y acus\u00f3 al gobierno de Donald Trump de mentir en el caso del salvadore\u00f1o\u00a0violando la Constituci\u00f3n.<\/p>\n<p>El senador inform\u00f3 que el migrante fue trasladado hace \u00abnueve d\u00edas\u00bb a otra c\u00e1rcel en Santa Anta, al oeste del pa\u00eds, pero que sigue sin poder comunicarse con el exterior y est\u00e1 \u00abtraumatizado\u00bb tras su experiencia en la megac\u00e1rcel, notoria por las denuncias de abusos a los derechos humanos.<\/p>\n<h2>Bukele no da explicaciones<\/h2>\n<p>\u00ab(\u00c1brego) se siente muy triste de estar detenido, porque no ha cometido ning\u00fan crimen\u00bb, relat\u00f3 Van Hollen y agreg\u00f3 que las autoridades salvadore\u00f1as no le han dado al migrante de 29 a\u00f1os una explicaci\u00f3n de por qu\u00e9 esta detenido.<\/p>\n<p>El vicepresidente salvadore\u00f1o, F\u00e9lix Ulloa, con quien Van Hollen tambi\u00e9n se reuni\u00f3, le dijo al legislador que \u00c1brego estaba encarcelado porque Trump \u00abest\u00e1 pagando\u00bb para mantenerlo detenido.<\/p>\n<p>\u00c1brego no ha podido hablar con su esposa o sus hijos, todos ciudadanos estadounidenses, dijo\u00a0Van Hollen, quien acus\u00f3 a Trump de ignorar a la Corte Suprema, que la semana pasada orden\u00f3 que se \u00abfacilitara\u00bb el retorno de \u00c1brego.<\/p>\n<p>\u00b4Kilmar \u00c1brego, quien resid\u00eda en el estado de Maryland, huy\u00f3 de El Salvador por las extorsiones y amenazas que \u00e9l y su familia recibieron por parte de la pandilla Barrio 18, de acuerdo con documentos judiciales presentados por su defensa.<\/p>\n<p>El salvadore\u00f1o \u00c1brego es uno de los m\u00e1s de 200 migrantes -en su mayor\u00eda venezolanos- que fueron expulsados de EE.UU. y enviados a la prisi\u00f3n de alta seguridad sin posibilidad de apelar sus casos ante una corte, en lo que grupos en defensa de los derechos humanos han calificado como \u00abdesaparici\u00f3n forzada\u00bb.<\/p>\n<p>GS (Efe, AP, Reuters, AFP)<\/p>\n<\/div>\n\n","protected":false},"excerpt":{"rendered":"<p>Kilmar \u00c1brego Garc\u00eda, el migrante salvadore\u00f1o que fue deportado de Estados Unidos a pesar de tener un estatus legal en el pa\u00eds, fue trasladado a otra c\u00e1rcel en El Salvador tras pasar varias semanas detenido en la prisi\u00f3n de m\u00e1xima seguridad conocida como Cecot, se supo el viernes (18.04.2025). As\u00ed lo inform\u00f3 el senador estadounidense &hellip;<\/p>\n","protected":false},"author":1,"featured_media":23536,"comment_status":"open","ping_status":"open","sticky":false,"template":"","format":"standard","meta":{"fifu_image_url":"https:\/\/static.dw.com\/image\/72285399_6.jpg","fifu_image_alt":"","footnotes":""},"categories":[13],"tags":[],"class_list":["post-23535","post","type-post","status-publish","format-standard","has-post-thumbnail","","category-mundo"],"_links":{"self":[{"href":"https:\/\/noticiasveraces.com\/index.php?rest_route=\/wp\/v2\/posts\/23535","targetHints":{"allow":["GET"]}}],"collection":[{"href":"https:\/\/noticiasveraces.com\/index.php?rest_route=\/wp\/v2\/posts"}],"about":[{"href":"https:\/\/noticiasveraces.com\/index.php?rest_route=\/wp\/v2\/types\/post"}],"author":[{"embeddable":true,"href":"https:\/\/noticiasveraces.com\/index.php?rest_route=\/wp\/v2\/users\/1"}],"replies":[{"embeddable":true,"href":"https:\/\/noticiasveraces.com\/index.php?rest_route=%2Fwp%2Fv2%2Fcomments&post=23535"}],"version-history":[{"count":0,"href":"https:\/\/noticiasveraces.com\/index.php?rest_route=\/wp\/v2\/posts\/23535\/revisions"}],"wp:featuredmedia":[{"embeddable":true,"href":"https:\/\/noticiasveraces.com\/index.php?rest_route=\/wp\/v2\/media\/23536"}],"wp:attachment":[{"href":"https:\/\/noticiasveraces.com\/index.php?rest_route=%2Fwp%2Fv2%2Fmedia&parent=23535"}],"wp:term":[{"taxonomy":"category","embeddable":true,"href":"https:\/\/noticiasveraces.com\/index.php?rest_route=%2Fwp%2Fv2%2Fcategories&post=23535"},{"taxonomy":"post_tag","embeddable":true,"href":"https:\/\/noticiasveraces.com\/index.php?rest_route=%2Fwp%2Fv2%2Ftags&post=23535"}],"curies":[{"name":"wp","href":"https:\/\/api.w.org\/{rel}","templated":true}]}}