{"id":23509,"date":"2025-04-18T17:11:28","date_gmt":"2025-04-18T21:11:28","guid":{"rendered":"https:\/\/noticiasveraces.com\/?p=23509"},"modified":"2025-04-18T17:11:28","modified_gmt":"2025-04-18T21:11:28","slug":"los-equipos-restauran-el-poder-a-casi-todos-los-clientes-despues-de-que-el-apagon-en-toda-la-isla-llego-a-puerto-rico","status":"publish","type":"post","link":"https:\/\/noticiasveraces.com\/?p=23509","title":{"rendered":"Los equipos restauran el poder a casi todos los clientes despu\u00e9s de que el apag\u00f3n en toda la isla lleg\u00f3 a Puerto Rico"},"content":{"rendered":"<p> \n<\/p>\n<div>\n<p class=\"speakable\">Power fue restaurado a m\u00e1s del 98% de los clientes el viernes despu\u00e9s de que un apag\u00f3n en toda la isla golpe\u00f3 a Puerto Rico a principios de esta semana, dijeron las autoridades.<\/p>\n<p class=\"speakable\">Seg\u00fan Luma Energy, m\u00e1s de 1,45 millones de clientes ten\u00edan electricidad menos de 48 horas despu\u00e9s de la interrupci\u00f3n, que supervisa la transmisi\u00f3n y distribuci\u00f3n de energ\u00eda en la isla.<\/p>\n<p><strong>Puerto Rico ya no es una apuesta segura para los migrantes ilegales a medida que Trump representa el territorio de los Estados Unidos<\/strong><\/p>\n<p>Luma advirti\u00f3 que \u00abalgunos clientes pueden continuar experimentando interrupciones temporales debido a la generaci\u00f3n limitada\u00bb.<\/p>\n<p>La gobernadora Jenniffer Gonz\u00e1lez dijo que todos los afectados por el apag\u00f3n hab\u00edan restaurado la energ\u00eda, y que los m\u00e1s de 21,400 clientes sin electricidad el viernes fueron el resultado de otros problemas no identificados.<\/p>\n<div class=\"image-ct inline\">\n<div class=\"m\"><picture><source media=\"(max-width: 767px)\" srcset=\"https:\/\/a57.foxnews.com\/static.foxnews.com\/foxnews.com\/content\/uploads\/2025\/04\/343\/192\/puerto-rico-blackout.jpg?ve=1&amp;tl=1, https:\/\/a57.foxnews.com\/static.foxnews.com\/foxnews.com\/content\/uploads\/2025\/04\/686\/384\/puerto-rico-blackout.jpg?ve=1&amp;tl=1 2x\" height=\"192\" width=\"343\"><source media=\"(min-width: 768px) and (max-width: 1023px)\" srcset=\"https:\/\/a57.foxnews.com\/static.foxnews.com\/foxnews.com\/content\/uploads\/2025\/04\/672\/378\/puerto-rico-blackout.jpg?ve=1&amp;tl=1, https:\/\/a57.foxnews.com\/static.foxnews.com\/foxnews.com\/content\/uploads\/2025\/04\/1344\/756\/puerto-rico-blackout.jpg?ve=1&amp;tl=1 2x\" height=\"378\" width=\"672\"><source media=\"(min-width: 1024px) and (max-width: 1279px)\" srcset=\"https:\/\/a57.foxnews.com\/static.foxnews.com\/foxnews.com\/content\/uploads\/2025\/04\/931\/523\/puerto-rico-blackout.jpg?ve=1&amp;tl=1, https:\/\/a57.foxnews.com\/static.foxnews.com\/foxnews.com\/content\/uploads\/2025\/04\/1862\/1046\/puerto-rico-blackout.jpg?ve=1&amp;tl=1 2x\" height=\"523\" width=\"931\"><source media=\"(min-width: 1280px)\" srcset=\"https:\/\/a57.foxnews.com\/static.foxnews.com\/foxnews.com\/content\/uploads\/2025\/04\/720\/405\/puerto-rico-blackout.jpg?ve=1&amp;tl=1, https:\/\/a57.foxnews.com\/static.foxnews.com\/foxnews.com\/content\/uploads\/2025\/04\/1440\/810\/puerto-rico-blackout.jpg?ve=1&amp;tl=1 2x\" height=\"405\" width=\"720\"><img loading=\"lazy\" decoding=\"async\" src=\"https:\/\/a57.foxnews.com\/static.foxnews.com\/foxnews.com\/content\/uploads\/2025\/04\/1200\/675\/puerto-rico-blackout.jpg?ve=1&amp;tl=1\" alt=\"Puerto Rico Blackout\" width=\"1200\" height=\"675\"\/><\/source><\/source><\/source><\/source><\/picture><\/div>\n<div class=\"info\">\n<div class=\"caption\">\n<p><span>Nurys P\u00e9rez mueve a un generador en su lugar para alimentar su sal\u00f3n de belleza durante un apag\u00f3n en San Juan, Puerto Rico, jueves 17 de abril de 2025. <\/span> <span>(AP Photo\/Alejandro Granadillo)<\/span><\/p>\n<\/div>\n<\/div>\n<\/div>\n<p>\u00abObviamente, Luma todav\u00eda tiene trabajo por hacer\u00bb, dijo. \u00abEs una pena para nuestra gente &#8230; que tengamos un sistema tan insuficiente y mediocre\u00bb.<\/p>\n<p>Normalmente, un par de miles de clientes est\u00e1n temporalmente sin energ\u00eda cada semana en Puerto Rico por varias razones.<\/p>\n<p>Gonz\u00e1lez se\u00f1al\u00f3 que m\u00e1s del 98% de los clientes tambi\u00e9n ten\u00edan agua.<\/p>\n<p>\u00abHemos superado, gracias a Dios, una gran crisis esta semana\u00bb, dijo.<\/p>\n<p>El apag\u00f3n que golpe\u00f3 el mi\u00e9rcoles por la tarde ocurri\u00f3 despu\u00e9s de que una l\u00ednea de transmisi\u00f3n fall\u00f3 y luego caus\u00f3 que los generadores a trav\u00e9s de la isla se apagaran protegiendo, dijeron las autoridades. Tambi\u00e9n dej\u00f3 a m\u00e1s de 400,000 clientes sin agua en ese momento.<\/p>\n<p><strong><u>Haga clic aqu\u00ed para obtener la aplicaci\u00f3n Fox News<\/u><\/strong><\/p>\n<p>No estaba claro de inmediato qu\u00e9 caus\u00f3 el fracaso, aunque las autoridades est\u00e1n investigando si una serie de interruptores fallaron o si la vegetaci\u00f3n cubierta es la culpa.<\/p>\n<p>Gonz\u00e1lez dijo que esperaba recibir un informe preliminar en los pr\u00f3ximos d\u00edas.<\/p>\n<p>Es el segundo apag\u00f3n masivo en golpear a Puerto Rico en menos de cuatro meses. El anterior sucedi\u00f3 en la v\u00edspera de A\u00f1o Nuevo.<\/p>\n<p> <!----> <!----><\/div>\n\n","protected":false},"excerpt":{"rendered":"<p>Power fue restaurado a m\u00e1s del 98% de los clientes el viernes despu\u00e9s de que un apag\u00f3n en toda la isla golpe\u00f3 a Puerto Rico a principios de esta semana, dijeron las autoridades. Seg\u00fan Luma Energy, m\u00e1s de 1,45 millones de clientes ten\u00edan electricidad menos de 48 horas despu\u00e9s de la interrupci\u00f3n, que supervisa la &hellip;<\/p>\n","protected":false},"author":1,"featured_media":23511,"comment_status":"open","ping_status":"open","sticky":false,"template":"","format":"standard","meta":{"fifu_image_url":"https:\/\/static.foxnews.com\/foxnews.com\/content\/uploads\/2025\/04\/puerto-rico-blackout.jpg","fifu_image_alt":"","footnotes":""},"categories":[13],"tags":[],"class_list":["post-23509","post","type-post","status-publish","format-standard","has-post-thumbnail","","category-mundo"],"_links":{"self":[{"href":"https:\/\/noticiasveraces.com\/index.php?rest_route=\/wp\/v2\/posts\/23509","targetHints":{"allow":["GET"]}}],"collection":[{"href":"https:\/\/noticiasveraces.com\/index.php?rest_route=\/wp\/v2\/posts"}],"about":[{"href":"https:\/\/noticiasveraces.com\/index.php?rest_route=\/wp\/v2\/types\/post"}],"author":[{"embeddable":true,"href":"https:\/\/noticiasveraces.com\/index.php?rest_route=\/wp\/v2\/users\/1"}],"replies":[{"embeddable":true,"href":"https:\/\/noticiasveraces.com\/index.php?rest_route=%2Fwp%2Fv2%2Fcomments&post=23509"}],"version-history":[{"count":0,"href":"https:\/\/noticiasveraces.com\/index.php?rest_route=\/wp\/v2\/posts\/23509\/revisions"}],"wp:featuredmedia":[{"embeddable":true,"href":"https:\/\/noticiasveraces.com\/index.php?rest_route=\/wp\/v2\/media\/23511"}],"wp:attachment":[{"href":"https:\/\/noticiasveraces.com\/index.php?rest_route=%2Fwp%2Fv2%2Fmedia&parent=23509"}],"wp:term":[{"taxonomy":"category","embeddable":true,"href":"https:\/\/noticiasveraces.com\/index.php?rest_route=%2Fwp%2Fv2%2Fcategories&post=23509"},{"taxonomy":"post_tag","embeddable":true,"href":"https:\/\/noticiasveraces.com\/index.php?rest_route=%2Fwp%2Fv2%2Ftags&post=23509"}],"curies":[{"name":"wp","href":"https:\/\/api.w.org\/{rel}","templated":true}]}}