{"id":23498,"date":"2025-04-18T15:09:09","date_gmt":"2025-04-18T19:09:09","guid":{"rendered":"https:\/\/noticiasveraces.com\/?p=23498"},"modified":"2025-04-18T15:09:09","modified_gmt":"2025-04-18T19:09:09","slug":"tres-turistas-entre-4-asesinados-despues-de-que-el-teleferico-se-estrellen-por-el-teleferico-en-el-suelo-cerca-de-napoles","status":"publish","type":"post","link":"https:\/\/noticiasveraces.com\/?p=23498","title":{"rendered":"Tres turistas entre 4 asesinados despu\u00e9s de que el telef\u00e9rico se estrellen por el telef\u00e9rico en el suelo cerca de N\u00e1poles"},"content":{"rendered":"<p> \n<\/p>\n<div>\n<p class=\"speakable\">Tres turistas se encontraban entre cuatro personas que murieron cuando un telef\u00e9rico se estrell\u00f3 al sur de N\u00e1poles, dijo el viernes un funcionario italiano.<\/p>\n<p class=\"speakable\">Una mujer brit\u00e1nica y una mujer israel\u00ed se encontraban entre las tres v\u00edctimas extranjeras identificadas desde el accidente del jueves, dijo Marco de Rosa, portavoz del alcalde de VICO Ecuario. La cuarta v\u00edctima fue el conductor italiano del telef\u00e9rico.<\/p>\n<p><strong>El estudiante de FSU relata los momentos que sonan los disparos<\/strong><\/p>\n<div class=\"image-ct inline\">\n<div class=\"m\"><picture><source media=\"(max-width: 767px)\" srcset=\"https:\/\/a57.foxnews.com\/static.foxnews.com\/foxnews.com\/content\/uploads\/2025\/04\/343\/192\/italy-crash-photo-1.jpg?ve=1&amp;tl=1, https:\/\/a57.foxnews.com\/static.foxnews.com\/foxnews.com\/content\/uploads\/2025\/04\/686\/384\/italy-crash-photo-1.jpg?ve=1&amp;tl=1 2x\" height=\"192\" width=\"343\"><source media=\"(min-width: 768px) and (max-width: 1023px)\" srcset=\"https:\/\/a57.foxnews.com\/static.foxnews.com\/foxnews.com\/content\/uploads\/2025\/04\/672\/378\/italy-crash-photo-1.jpg?ve=1&amp;tl=1, https:\/\/a57.foxnews.com\/static.foxnews.com\/foxnews.com\/content\/uploads\/2025\/04\/1344\/756\/italy-crash-photo-1.jpg?ve=1&amp;tl=1 2x\" height=\"378\" width=\"672\"><source media=\"(min-width: 1024px) and (max-width: 1279px)\" srcset=\"https:\/\/a57.foxnews.com\/static.foxnews.com\/foxnews.com\/content\/uploads\/2025\/04\/931\/523\/italy-crash-photo-1.jpg?ve=1&amp;tl=1, https:\/\/a57.foxnews.com\/static.foxnews.com\/foxnews.com\/content\/uploads\/2025\/04\/1862\/1046\/italy-crash-photo-1.jpg?ve=1&amp;tl=1 2x\" height=\"523\" width=\"931\"><source media=\"(min-width: 1280px)\" srcset=\"https:\/\/a57.foxnews.com\/static.foxnews.com\/foxnews.com\/content\/uploads\/2025\/04\/720\/405\/italy-crash-photo-1.jpg?ve=1&amp;tl=1, https:\/\/a57.foxnews.com\/static.foxnews.com\/foxnews.com\/content\/uploads\/2025\/04\/1440\/810\/italy-crash-photo-1.jpg?ve=1&amp;tl=1 2x\" height=\"405\" width=\"720\"><img loading=\"lazy\" decoding=\"async\" src=\"https:\/\/a57.foxnews.com\/static.foxnews.com\/foxnews.com\/content\/uploads\/2025\/04\/1200\/675\/italy-crash-photo-1.jpg?ve=1&amp;tl=1\" alt=\"Un equipo de rescate que busca a trav\u00e9s de una g\u00f3ndola.\" width=\"1200\" height=\"675\"\/><\/source><\/source><\/source><\/source><\/picture><\/div>\n<div class=\"info\">\n<div class=\"caption\">\n<p><span>Cuatro est\u00e1n muertos despu\u00e9s de un accidente telef\u00f3nico en Italia.<\/span> <span>(Rescate alpino y espeleol\u00f3gico)<\/span><\/p>\n<\/div>\n<\/div>\n<\/div>\n<p>Seg\u00fan la informaci\u00f3n inicial, un cable de tracci\u00f3n se rompi\u00f3 y un autom\u00f3vil se estrell\u00f3 despu\u00e9s de que los telef\u00e9ricos hacia arriba y hacia abajo se detuvieron mientras atravesaban Monte Faito, en la ciudad de Castellammare di Stabia.<\/p>\n<p>Una quinta persona, que tambi\u00e9n se cree que es un turista extranjero, result\u00f3 gravemente herido y est\u00e1 siendo tratada en el hospital en N\u00e1poles, dijeron las autoridades. Diecis\u00e9is pasajeros fueron ayudados a salir del otro telef\u00e9rico que estaba atrapado en el aire cerca del pie de la monta\u00f1a despu\u00e9s del incidente.<\/p>\n<p>El accidente ocurri\u00f3 solo una semana despu\u00e9s del telef\u00e9rico, popular por sus vistas al Monte Vesubio y la Bah\u00eda de N\u00e1poles, reabri\u00f3 para la temporada.<\/p>\n<p>Los fiscales locales han abierto una investigaci\u00f3n sobre posible homicidio involuntario, que implicar\u00e1 una inspecci\u00f3n de las estaciones de cable, los Pylons, las dos caba\u00f1as y el cable, dijeron el viernes las autoridades locales,<\/p>\n<p>Los servicios de emergencia, incluido el rescate Alpine de Italia, m\u00e1s de 50 bomberos, el personal de protecci\u00f3n policial y de protecci\u00f3n civil, trabajaron en la noche en condiciones clim\u00e1ticas severas, lo que dificult\u00f3 las operaciones de rescate.<\/p>\n<p>\u00abEl cable de tracci\u00f3n se rompi\u00f3. El freno de emergencia aguas abajo funcion\u00f3, pero evidentemente no el de la cabina que estaba entrando en la estaci\u00f3n\u00bb, dijo el jueves Luigi Vicinanza, alcalde de Castellammare Di Stabia. Agreg\u00f3 que hab\u00eda habido controles de seguridad regulares en la l\u00ednea del telef\u00e9rico, que corre 3 kil\u00f3metros (1.8 millas) desde la ciudad hasta la cima de la monta\u00f1a.<\/p>\n<p><strong>Volteos de autobuses escolares en la carretera de Carolina del Sur<\/strong><\/p>\n<div class=\"image-ct inline\">\n<div class=\"m\"><picture><source media=\"(max-width: 767px)\" srcset=\"https:\/\/a57.foxnews.com\/static.foxnews.com\/foxnews.com\/content\/uploads\/2025\/04\/343\/192\/italy-crash-photo-2.jpg?ve=1&amp;tl=1, https:\/\/a57.foxnews.com\/static.foxnews.com\/foxnews.com\/content\/uploads\/2025\/04\/686\/384\/italy-crash-photo-2.jpg?ve=1&amp;tl=1 2x\" height=\"192\" width=\"343\"><source media=\"(min-width: 768px) and (max-width: 1023px)\" srcset=\"https:\/\/a57.foxnews.com\/static.foxnews.com\/foxnews.com\/content\/uploads\/2025\/04\/672\/378\/italy-crash-photo-2.jpg?ve=1&amp;tl=1, https:\/\/a57.foxnews.com\/static.foxnews.com\/foxnews.com\/content\/uploads\/2025\/04\/1344\/756\/italy-crash-photo-2.jpg?ve=1&amp;tl=1 2x\" height=\"378\" width=\"672\"><source media=\"(min-width: 1024px) and (max-width: 1279px)\" srcset=\"https:\/\/a57.foxnews.com\/static.foxnews.com\/foxnews.com\/content\/uploads\/2025\/04\/931\/523\/italy-crash-photo-2.jpg?ve=1&amp;tl=1, https:\/\/a57.foxnews.com\/static.foxnews.com\/foxnews.com\/content\/uploads\/2025\/04\/1862\/1046\/italy-crash-photo-2.jpg?ve=1&amp;tl=1 2x\" height=\"523\" width=\"931\"><source media=\"(min-width: 1280px)\" srcset=\"https:\/\/a57.foxnews.com\/static.foxnews.com\/foxnews.com\/content\/uploads\/2025\/04\/720\/405\/italy-crash-photo-2.jpg?ve=1&amp;tl=1, https:\/\/a57.foxnews.com\/static.foxnews.com\/foxnews.com\/content\/uploads\/2025\/04\/1440\/810\/italy-crash-photo-2.jpg?ve=1&amp;tl=1 2x\" height=\"405\" width=\"720\"><img loading=\"lazy\" decoding=\"async\" src=\"https:\/\/a57.foxnews.com\/static.foxnews.com\/foxnews.com\/content\/uploads\/2025\/04\/1200\/675\/italy-crash-photo-2.jpg?ve=1&amp;tl=1\" alt=\"Rescatadores que transportan un cuerpo.\" width=\"1200\" height=\"675\"\/><\/source><\/source><\/source><\/source><\/picture><\/div>\n<div class=\"info\">\n<div class=\"caption\">\n<p><span>Los trabajadores de rescate recuperan un cuerpo en la escena de un accidente telef\u00f3nico en Italia.<\/span> <span>(Photo AP\/Laporta de Salvatore)<\/span><\/p>\n<\/div>\n<\/div>\n<\/div>\n<p>La compa\u00f1\u00eda que dirige el servicio, la firma de transporte p\u00fablico de EAV, enfatiz\u00f3 que el telef\u00e9rico de temporada hab\u00eda reabierto con todas las condiciones de seguridad requeridas.<\/p>\n<p>\u00abLa reapertura hab\u00eda tenido lugar hace una semana despu\u00e9s de tres meses de pruebas todos los d\u00edas, d\u00eda y noche\u00bb, dijo el presidente de EAV, Umberto de Gregorio. \u00abEsto es algo inexplicable\u00bb.<\/p>\n<p>De Gregorio dijo que los expertos t\u00e9cnicos cre\u00edan que no hab\u00eda conexi\u00f3n entre el clima severo y la causa del accidente. \u00abHay un sistema autom\u00e1tico. Cuando el viento excede un cierto nivel, el telef\u00e9rico se detiene autom\u00e1ticamente\u00bb, dijo.<\/p>\n<p>El telef\u00e9rico de Monte Faito se inaugur\u00f3 en 1952. Cuatro personas murieron en 1960 cuando se rompi\u00f3 un pil\u00f3n.<\/p>\n<p>Italia ha registrado dos accidentes fatales similares que involucran a los telef\u00e9ricos en los \u00faltimos a\u00f1os.<\/p>\n<p><strong><u>Haga clic para obtener la aplicaci\u00f3n Fox News<\/u><\/strong><\/p>\n<p>Un accidente telef\u00f3nico en mayo de 2021 en el norte de Italia mat\u00f3 a 14 personas, incluidos seis israel\u00edes, entre ellos una familia de cuatro. En 1998, un chorro militar estadounidense de bajo vuelo cort\u00f3 el cable de un elevador de esqu\u00ed en cavaleses, en los dolomitas, matando a 20 personas.<\/p>\n<p> <!----> <!----><\/div>\n\n","protected":false},"excerpt":{"rendered":"<p>Tres turistas se encontraban entre cuatro personas que murieron cuando un telef\u00e9rico se estrell\u00f3 al sur de N\u00e1poles, dijo el viernes un funcionario italiano. Una mujer brit\u00e1nica y una mujer israel\u00ed se encontraban entre las tres v\u00edctimas extranjeras identificadas desde el accidente del jueves, dijo Marco de Rosa, portavoz del alcalde de VICO Ecuario. La &hellip;<\/p>\n","protected":false},"author":1,"featured_media":23500,"comment_status":"open","ping_status":"open","sticky":false,"template":"","format":"standard","meta":{"fifu_image_url":"https:\/\/static.foxnews.com\/foxnews.com\/content\/uploads\/2025\/04\/italy-crash-photo-1.jpg","fifu_image_alt":"","footnotes":""},"categories":[13],"tags":[],"class_list":["post-23498","post","type-post","status-publish","format-standard","has-post-thumbnail","","category-mundo"],"_links":{"self":[{"href":"https:\/\/noticiasveraces.com\/index.php?rest_route=\/wp\/v2\/posts\/23498","targetHints":{"allow":["GET"]}}],"collection":[{"href":"https:\/\/noticiasveraces.com\/index.php?rest_route=\/wp\/v2\/posts"}],"about":[{"href":"https:\/\/noticiasveraces.com\/index.php?rest_route=\/wp\/v2\/types\/post"}],"author":[{"embeddable":true,"href":"https:\/\/noticiasveraces.com\/index.php?rest_route=\/wp\/v2\/users\/1"}],"replies":[{"embeddable":true,"href":"https:\/\/noticiasveraces.com\/index.php?rest_route=%2Fwp%2Fv2%2Fcomments&post=23498"}],"version-history":[{"count":0,"href":"https:\/\/noticiasveraces.com\/index.php?rest_route=\/wp\/v2\/posts\/23498\/revisions"}],"wp:featuredmedia":[{"embeddable":true,"href":"https:\/\/noticiasveraces.com\/index.php?rest_route=\/wp\/v2\/media\/23500"}],"wp:attachment":[{"href":"https:\/\/noticiasveraces.com\/index.php?rest_route=%2Fwp%2Fv2%2Fmedia&parent=23498"}],"wp:term":[{"taxonomy":"category","embeddable":true,"href":"https:\/\/noticiasveraces.com\/index.php?rest_route=%2Fwp%2Fv2%2Fcategories&post=23498"},{"taxonomy":"post_tag","embeddable":true,"href":"https:\/\/noticiasveraces.com\/index.php?rest_route=%2Fwp%2Fv2%2Ftags&post=23498"}],"curies":[{"name":"wp","href":"https:\/\/api.w.org\/{rel}","templated":true}]}}