{"id":23477,"date":"2025-04-18T13:44:52","date_gmt":"2025-04-18T17:44:52","guid":{"rendered":"https:\/\/noticiasveraces.com\/?p=23477"},"modified":"2025-04-18T13:44:52","modified_gmt":"2025-04-18T17:44:52","slug":"javier-pena-divulgador-espana-puede-convertirse-en-una-potencia-energetica-un-panel-solar-aqui-rinde-el-doble-que-en-alemania-clima-y-medio-ambiente","status":"publish","type":"post","link":"https:\/\/noticiasveraces.com\/?p=23477","title":{"rendered":"Javier Pe\u00f1a, divulgador: \u201cEspa\u00f1a puede convertirse en una potencia energ\u00e9tica, un panel solar aqu\u00ed rinde el doble que en Alemania\u201d | Clima y Medio Ambiente"},"content":{"rendered":"<p> \n<\/p>\n<div data-dtm-region=\"articulo_cuerpo\">\n<p class=\"\">El 22 de abril se estrena en RTVE Play, y un d\u00eda despu\u00e9s en La2, la serie documental <i>Esperanza<\/i>uno de los proyectos audiovisuales de tem\u00e1tica ambiental m\u00e1s at\u00edpicos creados en Espa\u00f1a. Primero, porque empez\u00f3 a andar hace cuatro a\u00f1os con las donaciones de miles de particulares en un sorprendente <i>crowdfunding<\/i> y luego ha multiplicado por 18 su presupuesto hasta alcanzar los 2,4 millones de euros. Pero, sobre todo, porque el secreto de su \u00e9xito no es otro que abordar la crisis clim\u00e1tica y de biodiversidad con un enfoque ultrapositivo, justo lo opuesto a lo que suele ocurrir, m\u00e1s en estos tiempos tan convulsos. Como incide el creador e impulsor de la serie, Javier Pe\u00f1a (Madrid, 38 a\u00f1os), han querido mostrar la otra mitad de la historia que no suele contarse, la de las soluciones. Para ello, sacan seis cap\u00edtulos, con grabaciones en 17 pa\u00edses de cuatro continentes.<\/p>\n<p class=\"\"><b>Pregunta. <\/b>En 2018 da un giro a su vida y empieza a subir por su cuenta v\u00eddeos ambientales a las redes sociales. \u00bfPor qu\u00e9 elige el nombre de <i>Esperanza<\/i>?<\/p>\n<p class=\"\"><b>Respuesta.<\/b> Empec\u00e9 a hacer v\u00eddeos y necesitaba un nombre para abrir una p\u00e1gina de Facebook. Decid\u00ed ponerle el nombre de la palabra en conflicto, la esperanza, que es el motor del progreso y que, sin embargo, tan dif\u00edcil es de sostener cuando descubres la magnitud de la crisis clim\u00e1tica.<\/p>\n<p class=\"\"><b>PAG. <\/b>Esta decisi\u00f3n de empezar a divulgar tiene mucho que ver con el nacimiento de su primer hijo. \u00bfNo es cierto?<\/p>\n<p class=\"\"><b>R.<\/b> S\u00ed, cuando eres padre no puedes no tener esperanza en el futuro. No es una opci\u00f3n.<\/p>\n<p class=\"\"><b>PAG.<\/b> \u00bfC\u00f3mo ha cambiado su enfoque comunicativo desde esos primeros v\u00eddeos hasta llegar a esta serie documental?<\/p>\n<p class=\"\"><b>R.<\/b> Cuando empec\u00e9, pensaba que si la gente entend\u00eda lo grave que es esto, entonces reaccionar\u00eda y las soluciones se implementar\u00edan muy r\u00e1pido. Mi enfoque era explicar los puntos de inflexi\u00f3n, c\u00f3mo estamos desencadenando una nueva extinci\u00f3n masiva, lo que significa un grado y medio m\u00e1s [en la temperatura media del planeta]\u2026 Pero me di cuenta de que esto por s\u00ed solo no es activador. Adem\u00e1s, vivimos en la era de las verdades a la carta. Aunque uno lance el mensaje de que esto es muy grave y que tenemos que actuar, al lado hay gente que dice que los cient\u00edficos est\u00e1n mintiendo y que no hay ning\u00fan problema. Y muchas personas prefieren escuchar aquello que les permite no cambiar. Pero entonces hubo un punto de inflexi\u00f3n que fue la publicaci\u00f3n del informe Drawdown de Paul Hawken, que demuestra que hay una v\u00eda para revertir esto y que adem\u00e1s produce enormes ganancias sociales, econ\u00f3micas y ambientales en la sociedad. No tenemos que estar de acuerdo con todos, pero resulta m\u00e1s viable encontrarnos en soluciones que logran un pa\u00eds m\u00e1s seguro, m\u00e1s pr\u00f3spero, con m\u00e1s empleo, m\u00e1s resiliente, m\u00e1s verde, con m\u00e1s agua\u2026<\/p>\n<p class=\"\"><b>PAG. <\/b>En el primer cap\u00edtulo, Paul Hawken llega a decir que el calentamiento del planeta es un regalo para la humanidad. \u00bfNo es pasarse?<\/p>\n<p class=\"\"><b>R.<\/b> No me parece pasarse. Los desequilibrios en la atm\u00f3sfera son un s\u00edntoma de que hay algo que est\u00e1 mal en la Tierra y nos imprime una urgencia para arreglarlo. Las soluciones a la crisis clim\u00e1tica aportan m\u00e1s vida, m\u00e1s biodiversidad, m\u00e1s salud\u2026 Tenemos las soluciones t\u00e9cnicas y el conocimiento para arreglar en muy pocos a\u00f1os siglos de destrozos en la Tierra. Podemos ser una generaci\u00f3n que protagonice un giro y que abra una nueva era. Hay quien habla del regeneraceno o de la era de la regeneraci\u00f3n como una nueva fase en la historia de la humanidad. Esto no es pensamiento m\u00e1gico, ni naif, esto es una evidencia cient\u00edfica, tenemos la capacidad de hacerlo ya.<\/p>\n<p class=\"\"><b>PAG.<\/b> Pero ahora mismo todo parece ir en la direcci\u00f3n contraria.<\/p>\n<p class=\"\"><b>R.<\/b> No creo que Trump tenga la capacidad de frenar la transici\u00f3n ecol\u00f3gica. Pienso que esta es ya inevitable, simplemente porque son tecnolog\u00edas mejores que a menudo cuestan menos o van en defensa de los intereses nacionales estrat\u00e9gicos. Hace un tiempo, arreglar la naturaleza o luchar contra el cambio clim\u00e1tico era algo que hacer por bondad o por altruismo. Ahora, qui\u00e9n se quede anclado en la econom\u00eda f\u00f3sil por ego\u00edsmo sufrir\u00e1 las consecuencias y se ver\u00e1 lastrado. China tiene una apuesta decidida por convertirse en el primer electroestado y liderar las tecnolog\u00edas de los coches el\u00e9ctricos, las renovables, las bombas de calor\u2026 Tambi\u00e9n ha reforestado m\u00e1s territorio que ning\u00fan pa\u00eds del mundo y lo ha hecho en defensa propia, para parar al desierto, las tormentas de arena, moderar las temperaturas, absorber la contaminaci\u00f3n\u2026<\/p>\n<figure class=\"a_m a_m-h \"><span class=\"_db a_m_w _pr lb_btn\"><img alt=\"Javier Pe\u00f1a, Madrid el 8 de abril.\" decoding=\"auto\" class=\"_re lazyload a_m-h\" height=\"277\" srcset=\"https:\/\/imagenes.elpais.com\/resizer\/v2\/KKL7CKQBDVFTTPR6IDIGJHYQAE.JPG?auth=800491038048a9659d1ec7d3a26cea0c91a9c15caabf3d05d4e1ed5ff3fb3f48&amp;width=414 414w,https:\/\/imagenes.elpais.com\/resizer\/v2\/KKL7CKQBDVFTTPR6IDIGJHYQAE.JPG?auth=800491038048a9659d1ec7d3a26cea0c91a9c15caabf3d05d4e1ed5ff3fb3f48&amp;width=828 640w,https:\/\/imagenes.elpais.com\/resizer\/v2\/KKL7CKQBDVFTTPR6IDIGJHYQAE.JPG?auth=800491038048a9659d1ec7d3a26cea0c91a9c15caabf3d05d4e1ed5ff3fb3f48&amp;width=980 1000w,https:\/\/imagenes.elpais.com\/resizer\/v2\/KKL7CKQBDVFTTPR6IDIGJHYQAE.JPG?auth=800491038048a9659d1ec7d3a26cea0c91a9c15caabf3d05d4e1ed5ff3fb3f48&amp;width=1960 1960w\" width=\"414\" sizes=\"auto, (min-width:1199px) 1155px,(min-width:1001px) calc(100vw - 44px),(min-width:768px) 767px, 100vw\" src=\"https:\/\/imagenes.elpais.com\/resizer\/v2\/KKL7CKQBDVFTTPR6IDIGJHYQAE.JPG?auth=800491038048a9659d1ec7d3a26cea0c91a9c15caabf3d05d4e1ed5ff3fb3f48&amp;width=414\" loading=\"lazy\"\/><svg aria-hidden=\"true\" class=\"icon_multimedia_ampliar | _pa a_m_i a_m_i-a _dn\" viewbox=\"0 0 40 40\"><use xlink:href=\"#svg-ampliar\"\/><\/svg><\/span><figcaption class=\"a_m_p\" aria-hidden=\"true\"><span>Javier Pe\u00f1a, Madrid el 8 de abril.<\/span><span class=\"a_m_m\">Andrea Comas<\/span><\/figcaption><\/figure>\n<p class=\"\"><b>PAG. <\/b>\u00bfDe qu\u00e9 forma estas soluciones benefician a Espa\u00f1a?<\/p>\n<p class=\"\"><b>R.<\/b> Espa\u00f1a est\u00e1 en primera l\u00ednea de desertificaci\u00f3n y tiene que importar casi el 80% de la energ\u00eda que consume, por su actual dependencia de los combustibles f\u00f3siles. Con estas soluciones, no solo puede frenar el desierto sino tambi\u00e9n convertirse en una potencia energ\u00e9tica, porque un panel solar en Espa\u00f1a rinde el doble que un panel solar en Alemania. Puede convertirse en el pa\u00eds con los precios de la energ\u00eda m\u00e1s bajos y en una locomotora industrial de la UE.<\/p>\n<p class=\"\"><b>PAG. <\/b>De todas las soluciones que analiza el documental, \u00bfcu\u00e1les tienen un mayor impacto positivo?<\/p>\n<p class=\"\"><b>R. <\/b>El IPCC [el Panel de Expertos sobre Cambio Clim\u00e1tico de Naciones Unidas]la ciencia, se\u00f1ala b\u00e1sicamente cuatro bloques de soluciones como los m\u00e1s efectivos para revertir la crisis clim\u00e1tica. Los dos primeros son la energ\u00eda solar y la energ\u00eda e\u00f3lica, para dejar de quemar combustibles f\u00f3siles. Las dos siguientes son restaurar y proteger la naturaleza y secuestrar carbono en los suelos agr\u00edcolas. Para m\u00ed, la revoluci\u00f3n de la agricultura regenerativa es la mayor fuente de esperanza y el vector de cambio m\u00e1s transformador que podemos tener en este momento. Es decir, convertir la producci\u00f3n alimentaria, el primer sector de emisiones, p\u00e9rdida de biodiversidad y degradaci\u00f3n de suelos, en una fuente de biodiversidad, secuestro de carbono y retenci\u00f3n de agua. Esto transformar\u00eda el mundo.<\/p>\n<p class=\"\"><b>PAG. <\/b>\u00bfQu\u00e9 es la agricultura regenerativa?<\/p>\n<p class=\"\"><b>R.<\/b> La agricultura regenerativa es un conjunto de t\u00e9cnicas que integran lo mejor del saber tradicional agrario con el actual conocimiento cient\u00edfico sobre suelos y biodiversidad para convertirlo en fuente de incremento de la productividad. Es mejorar los suelos para tener mejores cosechas, m\u00e1s saludables, retener m\u00e1s agua, introducir una serie de t\u00e9cnicas para sustituir los qu\u00edmicos por naturaleza y resolver muchos de los grandes problemas de los agricultores. En el documental, sacamos el caso de un agricultor de Tarragona que ya produce un 30% m\u00e1s con un 30% menos de coste, en un estudio liderado por la Universidad de Barcelona.<\/p>\n<p class=\"\"><b>PAG. <\/b>\u00bfPor qu\u00e9 la crisis clim\u00e1tica es un fracaso de la imaginaci\u00f3n?<\/p>\n<p class=\"\"><b>R. <\/b>El cambio clim\u00e1tico es el subproducto de una forma primitiva de hacer las cosas que necesita destruir la naturaleza y necesita contaminar y extraer vida para crear bienes y servicios. Efectivamente, el que hayamos llegado a este punto con la crisis clim\u00e1tica es un fracaso de la imaginaci\u00f3n, por no imaginar algo nuevo, otras alternativas.<\/p>\n<p class=\"\"><b>PAG.<\/b> El proyecto de la serie <i>Esperanza<\/i> comenz\u00f3 con un <i>crowdfunding<\/i> en 2021 con el que se consiguieron m\u00e1s de 130.000 euros. \u00bfNo es muy habitual lograr tantas donaciones?<\/p>\n<p class=\"\"><b>R. <\/b>A m\u00ed me abrum\u00f3 mucho, porque recib\u00ed el respaldo de miles de personas. Fue una pasada ver que tanta gente confiaba en mi para una serie documental. Pero luego ha habido que conseguir mucho m\u00e1s dinero.<\/p>\n<p class=\"\"><b>PAG. <\/b>\u00bfCu\u00e1l ha sido el coste final de la serie y c\u00f3mo se ha logrado el dinero?<\/p>\n<p class=\"\"><b>R. <\/b>El presupuesto total ha sido de 2,4 millones de euros. Conseguimos que se sumase Radio Televisi\u00f3n Espa\u00f1ola y otras empresas. Ha sido un proyecto muy ambicioso y arriesgado. Muchos nos dec\u00edan que no hay demanda para este tipo de contenidos y menos en Espa\u00f1a. Pero, de repente, all\u00ed estaba yo entrevistando a Jane Goodall.<\/p>\n<p class=\"\"><b>PAG.<\/b> \u00bfCu\u00e1l de los personajes con los que ha hablado para la serie le ha sorprendido m\u00e1s?<\/p>\n<p class=\"\"><b>R. <\/b>Nemonte Nenkimo, la activista Huaorani de Ecuador, la ind\u00edgena amaz\u00f3nica. Esta mujer tiene mi edad y ha pasado de vivir pr\u00e1cticamente no contactada a liderar una lucha internacional para expulsar a las petroleras de su territorio. Es muy inspirador ver que mucha gente corriente de repente se encuentra liderando soluciones y luchas. Creo que te apela para dar la mejor versi\u00f3n de ti y hacer m\u00e1s.<\/p>\n<p class=\"\"><b>PAG.<\/b> \u00bfQu\u00e9 espera de la serie?<\/p>\n<p class=\"\"><b>R. <\/b>Espero que contribuya a convencernos de que somos capaces de cambiar el mundo para bien, que el futuro no est\u00e1 escrito, que podemos construir un futuro mucho mejor y m\u00e1s excitante que convertirnos en Mad Max o en una distop\u00eda pol\u00edtica. No est\u00e1 todo tan perdido ni estamos tan derrotados como parece cuando vemos un telediario, hay una marea de fondo muy poderosa que est\u00e1 transformando el mundo.<\/p>\n<\/div>\n\n","protected":false},"excerpt":{"rendered":"<p>El 22 de abril se estrena en RTVE Play, y un d\u00eda despu\u00e9s en La2, la serie documental Esperanzauno de los proyectos audiovisuales de tem\u00e1tica ambiental m\u00e1s at\u00edpicos creados en Espa\u00f1a. Primero, porque empez\u00f3 a andar hace cuatro a\u00f1os con las donaciones de miles de particulares en un sorprendente crowdfunding y luego ha multiplicado por &hellip;<\/p>\n","protected":false},"author":1,"featured_media":23478,"comment_status":"open","ping_status":"open","sticky":false,"template":"","format":"standard","meta":{"fifu_image_url":"https:\/\/imagenes.elpais.com\/resizer\/v2\/D5JXKUSR4REDTB6WV4PPMOR3K4.JPG?auth=04b2df0ef9ca9db30fe91f986a075c9c448e1183b0116842f056c2d229508337&width=1200","fifu_image_alt":"","footnotes":""},"categories":[11],"tags":[],"class_list":["post-23477","post","type-post","status-publish","format-standard","has-post-thumbnail","","category-viaje"],"_links":{"self":[{"href":"https:\/\/noticiasveraces.com\/index.php?rest_route=\/wp\/v2\/posts\/23477","targetHints":{"allow":["GET"]}}],"collection":[{"href":"https:\/\/noticiasveraces.com\/index.php?rest_route=\/wp\/v2\/posts"}],"about":[{"href":"https:\/\/noticiasveraces.com\/index.php?rest_route=\/wp\/v2\/types\/post"}],"author":[{"embeddable":true,"href":"https:\/\/noticiasveraces.com\/index.php?rest_route=\/wp\/v2\/users\/1"}],"replies":[{"embeddable":true,"href":"https:\/\/noticiasveraces.com\/index.php?rest_route=%2Fwp%2Fv2%2Fcomments&post=23477"}],"version-history":[{"count":0,"href":"https:\/\/noticiasveraces.com\/index.php?rest_route=\/wp\/v2\/posts\/23477\/revisions"}],"wp:featuredmedia":[{"embeddable":true,"href":"https:\/\/noticiasveraces.com\/index.php?rest_route=\/wp\/v2\/media\/23478"}],"wp:attachment":[{"href":"https:\/\/noticiasveraces.com\/index.php?rest_route=%2Fwp%2Fv2%2Fmedia&parent=23477"}],"wp:term":[{"taxonomy":"category","embeddable":true,"href":"https:\/\/noticiasveraces.com\/index.php?rest_route=%2Fwp%2Fv2%2Fcategories&post=23477"},{"taxonomy":"post_tag","embeddable":true,"href":"https:\/\/noticiasveraces.com\/index.php?rest_route=%2Fwp%2Fv2%2Ftags&post=23477"}],"curies":[{"name":"wp","href":"https:\/\/api.w.org\/{rel}","templated":true}]}}